{"id":96415,"date":"2025-11-25T16:18:09","date_gmt":"2025-11-25T16:18:09","guid":{"rendered":"https:\/\/www.europesays.com\/no\/96415\/"},"modified":"2025-11-25T16:18:09","modified_gmt":"2025-11-25T16:18:09","slug":"ole-kristian-om-brannen-man-star-og-ser-pa-noe-man-har-bygget-opp-de-siste-arene-ga-til-helvete-helgelendingen","status":"publish","type":"post","link":"https:\/\/www.europesays.com\/no\/96415\/","title":{"rendered":"Ole Kristian om brannen: \u2013 Man st\u00e5r og ser p\u00e5 noe man har bygget opp de siste \u00e5rene g\u00e5 til helvete &#8211; Helgelendingen"},"content":{"rendered":"<ol>\n<li><a href=\"https:\/\/news.google.com\/rss\/articles\/CBMiygFBVV95cUxPdnJNSjdMRXlvOTJ1M3pHeEgxUlFhaW5xOGpfVXFaVDlXV2lWSGwxRVhyQ3N4N09CWlc0U3NKU2gzamI2MGloMXV0ZFFzTFJvQzROVm85eHFwSHpzUE50MUE5ZzItOFFIbEVSRnFnT09jUTJGc2RsWGpBUWpfVGF1V1VzSklwZ1BlS3NMeHoxYXZmU3Q3WmgwRER5bFVLYzRtaGFtYTYzTjIwMms5TzBvbGNfM1E3dVRrOHE0cG5sbFhXQVI5Rk9lbmV3?oc=5\" target=\"_blank\" rel=\"nofollow noopener\">Ole Kristian om brannen: \u2013 Man st\u00e5r og ser p\u00e5 noe man har bygget opp de siste \u00e5rene g\u00e5 til helvete<\/a>&nbsp;&nbsp;Helgelendingen<\/li>\n<li><a href=\"https:\/\/news.google.com\/rss\/articles\/CBMioAFBVV95cUxQalpybWV1cDNaaDkwc01fclVpSHVGdTR2WEVqbFFfeEFKS05LeW1NaGhPWVBWM1AtNm1uVEJBc3ZJVVNPRFFFTXBsM202ejZKTXZWdVpEY1duSlEzaTNzeFEzeDRHTDBPbFhzVWZjZGRnalZoVTBlSHRRbGhMM0tpbTRnODN3TmZCSDBfaWl2dGwtbURVT19Oc09oN1l0ZG5t?oc=5\" target=\"_blank\" rel=\"nofollow noopener\">Mosj\u00f8en, Bolig og eiendom | Brannen i garasjen blusset opp igjen: \u2013 Vi forlot stedet for tidlig<\/a>&nbsp;&nbsp;Helgelendingen<\/li>\n<li><a href=\"https:\/\/news.google.com\/rss\/articles\/CBMickFVX3lxTFBlMGlvRUl1THBBcFBZdUpjRW5tN3djR09oMzFqZ3dqU1ZCNlFubjc0c3hsLUFvcjM3SXZyUEZxQmhfbUZUQ25nMVBmUHdSRkNEbHBKZkZoaHVzbl9oX1djZFpNRUVmWkxMVWxoT25yLUFGQQ?oc=5\" target=\"_blank\" rel=\"nofollow noopener\">Vefsn, Mosj\u00f8en | Rykket ut til brann i garasjeanlegg<\/a>&nbsp;&nbsp;Helgelendingen<\/li>\n<li><a href=\"https:\/\/news.google.com\/rss\/articles\/CBMikgFBVV95cUxNMFJxX2RxaTN1clBsRkpIakJvVEQ3bE0tdUNIc1M2MmhSbWN3cGp6Y000TDVxNmZRLVpleDh4dUtKMWhSNjdTWG9LM1p3bjJJcTdWTTMxRE55U0JzVTdmZ0tURGh4elZkWmg4MlREUmNnM0lFVHhITzJGSEQ4eU5oZWVUdERlR2tPNXhEMjhwUFdjQQ?oc=5\" target=\"_blank\" rel=\"nofollow noopener\">Brann i garasjeanlegg i Mosj\u00f8en: \u2013 Voldsom r\u00f8ykutvikling<\/a>&nbsp;&nbsp;Helgelendingen<\/li>\n<\/ol>\n","protected":false},"excerpt":{"rendered":"Ole Kristian om brannen: \u2013 Man st\u00e5r og ser p\u00e5 noe man har bygget opp de siste \u00e5rene&hellip;\n","protected":false},"author":2,"featured_media":96416,"comment_status":"","ping_status":"","sticky":false,"template":"","format":"standard","meta":{"footnotes":""},"categories":[10],"tags":[20,21,24,25,15,22,23,13,30,28,29,14,16,26,27],"class_list":{"0":"post-96415","1":"post","2":"type-post","3":"status-publish","4":"format-standard","5":"has-post-thumbnail","7":"category-norge","8":"tag-breaking-news","9":"tag-breakingnews","10":"tag-featured-news","11":"tag-featurednews","12":"tag-headlines","13":"tag-latest-news","14":"tag-latestnews","15":"tag-news","16":"tag-no","17":"tag-norge","18":"tag-norway","19":"tag-nyheter","20":"tag-overskrifter","21":"tag-top-stories","22":"tag-topstories"},"share_on_mastodon":{"url":"https:\/\/pubeurope.com\/@no\/115611245159680185","error":""},"_links":{"self":[{"href":"https:\/\/www.europesays.com\/no\/wp-json\/wp\/v2\/posts\/96415","targetHints":{"allow":["GET"]}}],"collection":[{"href":"https:\/\/www.europesays.com\/no\/wp-json\/wp\/v2\/posts"}],"about":[{"href":"https:\/\/www.europesays.com\/no\/wp-json\/wp\/v2\/types\/post"}],"author":[{"embeddable":true,"href":"https:\/\/www.europesays.com\/no\/wp-json\/wp\/v2\/users\/2"}],"replies":[{"embeddable":true,"href":"https:\/\/www.europesays.com\/no\/wp-json\/wp\/v2\/comments?post=96415"}],"version-history":[{"count":0,"href":"https:\/\/www.europesays.com\/no\/wp-json\/wp\/v2\/posts\/96415\/revisions"}],"wp:featuredmedia":[{"embeddable":true,"href":"https:\/\/www.europesays.com\/no\/wp-json\/wp\/v2\/media\/96416"}],"wp:attachment":[{"href":"https:\/\/www.europesays.com\/no\/wp-json\/wp\/v2\/media?parent=96415"}],"wp:term":[{"taxonomy":"category","embeddable":true,"href":"https:\/\/www.europesays.com\/no\/wp-json\/wp\/v2\/categories?post=96415"},{"taxonomy":"post_tag","embeddable":true,"href":"https:\/\/www.europesays.com\/no\/wp-json\/wp\/v2\/tags?post=96415"}],"curies":[{"name":"wp","href":"https:\/\/api.w.org\/{rel}","templated":true}]}}