{"id":96421,"date":"2025-11-25T16:24:12","date_gmt":"2025-11-25T16:24:12","guid":{"rendered":"https:\/\/www.europesays.com\/no\/96421\/"},"modified":"2025-11-25T16:24:12","modified_gmt":"2025-11-25T16:24:12","slug":"le-parisien-ny-pagripelse-etter-louvre-kuppet","status":"publish","type":"post","link":"https:\/\/www.europesays.com\/no\/96421\/","title":{"rendered":"Le Parisien: Ny p\u00e5gripelse etter Louvre-kuppet"},"content":{"rendered":"\n<p class=\"_lead_o9xde_2 _lead_xtcu6_50 layout-component text-serif-m layout-normal text-serif-l layout-component layout-wide layout-padded _wide_17hqh_1 layout-padded\">Fire stykker er p\u00e5grepet etter juveltyveriet 19. oktober.<\/p>\n<p><img alt=\" Foto: DIMITAR DILKOFF \/ AFP \/ NTB\" class=\"_image_qp4xg_65 layout-component layout-wide\" data-fullscreen- data-track-element-type=\"Article image fullscreen\" data-track-name=\"ImageFullscreen\" fetchpriority=\"high\" decoding=\"sync\" loading=\"eager\" height=\"5148\" itemprop=\"image\"  src=\"https:\/\/www.europesays.com\/no\/wp-content\/uploads\/2025\/11\/768e32c8-1417-49d3-83c1-3033472a2061\"  style=\"object-position:0% 0%\" width=\"7908\"\/> Foto: DIMITAR DILKOFF \/ AFP \/ NTB<\/p>\n<ul aria-hidden=\"true\" class=\"_images_18f0k_111\">\n<li><a class=\"_link_18f0k_116\" href=\"https:\/\/www.vg.no\/forfatter\/ntb\" style=\"z-index:1\" title=\"NTB\" rel=\"nofollow noopener\" target=\"_blank\"><img alt=\"Bilde av NTB\" class=\"_image_18f0k_93\" fetchpriority=\"low\" loading=\"lazy\" decoding=\"async\" itemprop=\"image\"  src=\"https:\/\/www.europesays.com\/no\/wp-content\/uploads\/2025\/11\/1764087852_435_c33980b0-5d07-4027-84a1-813f90a7c8d6\"  width=\"480\"\/><\/a><\/li>\n<\/ul>\n<p> Oppdatert tirsdag 25. november kl. 15:44     <\/p>\n<p class=\"_paragraph_o9xde_4 _paragraph_xtcu6_10 layout-component text-serif-m layout-normal text-serif-m layout-padded\">If\u00f8lge <a href=\"https:\/\/www.leparisien.fr\/faits-divers\/casse-du-siecle-au-louvre-le-quatrieme-homme-du-commando-interpelle-25-11-2025-ADTZVDQHZZCEFNNYUC5JUMZJDY.php\" class=\"_link_o9xde_39\" rel=\"nofollow noopener\" target=\"_blank\">Le Parisien<\/a> har fransk politi p\u00e5grepet en person som mistenkes for \u00e5 v\u00e6re det fjerde medlemmet av banden som sto bak det spektakul\u00e6re juveltyveriet ved det ber\u00f8mte Louvre-museet i Paris.<\/p>\n<p class=\"_paragraph_o9xde_4 _paragraph_xtcu6_10 layout-component text-serif-m layout-normal text-serif-m layout-padded\">I slutten av oktober p\u00e5grep politiet to menn som antas \u00e5 ha deltatt i innbruddet. Den ene ble p\u00e5grepet p\u00e5 Charles-de-Gaulle-flyplassen utenfor Paris med en enveisbillett til Algerie.<\/p>\n<p class=\"_paragraph_o9xde_4 _paragraph_xtcu6_10 layout-component text-serif-m layout-normal text-serif-m layout-padded\">Tyvene som ved hjelp av stigebil og vinkelsliper tok seg inn p\u00e5 museet midt i \u00e5pningstiden 19. oktober, fikk med seg uerstattelige juveler som antas \u00e5 v\u00e6re verdt over 1 milliard kroner.<\/p>\n<p class=\"_paragraph_o9xde_4 _paragraph_xtcu6_10 layout-component text-serif-m layout-normal text-serif-m layout-padded\">Flere andre er siktet for medvirkning til det dristige innbruddet, men juvelene er s\u00e5 langt ikke funnet. <\/p>\n<p class=\"_paragraph_o9xde_4 _paragraph_xtcu6_10 layout-component text-serif-m layout-normal text-serif-m layout-padded\"><strong class=\"_strong_o9xde_25\">Se video: Slik skjedde det<\/strong><\/p>\n","protected":false},"excerpt":{"rendered":"Fire stykker er p\u00e5grepet etter juveltyveriet 19. oktober. Foto: DIMITAR DILKOFF \/ AFP \/ NTB Oppdatert tirsdag 25.&hellip;\n","protected":false},"author":2,"featured_media":96422,"comment_status":"","ping_status":"","sticky":false,"template":"","format":"standard","meta":{"footnotes":""},"categories":[12],"tags":[20,21,24,25,15,22,23,13,30,28,29,14,16,26,27,42,43,44,45],"class_list":{"0":"post-96421","1":"post","2":"type-post","3":"status-publish","4":"format-standard","5":"has-post-thumbnail","7":"category-verden","8":"tag-breaking-news","9":"tag-breakingnews","10":"tag-featured-news","11":"tag-featurednews","12":"tag-headlines","13":"tag-latest-news","14":"tag-latestnews","15":"tag-news","16":"tag-no","17":"tag-norge","18":"tag-norway","19":"tag-nyheter","20":"tag-overskrifter","21":"tag-top-stories","22":"tag-topstories","23":"tag-verden","24":"tag-world","25":"tag-world-news","26":"tag-worldnews"},"share_on_mastodon":{"url":"https:\/\/pubeurope.com\/@no\/115611269297011916","error":""},"_links":{"self":[{"href":"https:\/\/www.europesays.com\/no\/wp-json\/wp\/v2\/posts\/96421","targetHints":{"allow":["GET"]}}],"collection":[{"href":"https:\/\/www.europesays.com\/no\/wp-json\/wp\/v2\/posts"}],"about":[{"href":"https:\/\/www.europesays.com\/no\/wp-json\/wp\/v2\/types\/post"}],"author":[{"embeddable":true,"href":"https:\/\/www.europesays.com\/no\/wp-json\/wp\/v2\/users\/2"}],"replies":[{"embeddable":true,"href":"https:\/\/www.europesays.com\/no\/wp-json\/wp\/v2\/comments?post=96421"}],"version-history":[{"count":0,"href":"https:\/\/www.europesays.com\/no\/wp-json\/wp\/v2\/posts\/96421\/revisions"}],"wp:featuredmedia":[{"embeddable":true,"href":"https:\/\/www.europesays.com\/no\/wp-json\/wp\/v2\/media\/96422"}],"wp:attachment":[{"href":"https:\/\/www.europesays.com\/no\/wp-json\/wp\/v2\/media?parent=96421"}],"wp:term":[{"taxonomy":"category","embeddable":true,"href":"https:\/\/www.europesays.com\/no\/wp-json\/wp\/v2\/categories?post=96421"},{"taxonomy":"post_tag","embeddable":true,"href":"https:\/\/www.europesays.com\/no\/wp-json\/wp\/v2\/tags?post=96421"}],"curies":[{"name":"wp","href":"https:\/\/api.w.org\/{rel}","templated":true}]}}