{"id":96425,"date":"2025-11-25T16:27:15","date_gmt":"2025-11-25T16:27:15","guid":{"rendered":"https:\/\/www.europesays.com\/no\/96425\/"},"modified":"2025-11-25T16:27:15","modified_gmt":"2025-11-25T16:27:15","slug":"til-to-pa-natta","status":"publish","type":"post","link":"https:\/\/www.europesays.com\/no\/96425\/","title":{"rendered":"&#8211; Til to p\u00e5 natta"},"content":{"rendered":"<p>&#8211; Jeg trives i den rollen. Jeg har mindre angst for \u00e5 bli syk og kroppen har det ikke like vondt som den en gang hadde, sier Riiber til Dagbladet.\u00a0<\/p>\n<p class=\"font-weight-bold m-font-weight-bold\" data-lab-font_weight=\"font-weight-bold\">Kontrastene fra VM-festen i Trondheim, som endte med tre gull, til det nye livet som idrettspensjonist, har ikke inntruffet enn\u00e5, insisterer stjerna.\u00a0<\/p>\n<p>Ting har stort sett g\u00e5tt i ett siden han gikk fra \u00e5 v\u00e6re ut\u00f8ver, til \u00e5 bli en del av st\u00f8tteapparatet til kombinertlandslaget &#8211; hvor han har ansvar for utstyr og teknikk.\u00a0<\/p>\n<p>    Jarl Magnus Riiber<\/p>\n<p>Dette er kombinertl\u00f8peren Jarl Magnus\u00a0Riiber:<\/p>\n<p>* Alder: 27 \u00e5r (f\u00f8dt 15. oktober 1997)<\/p>\n<p>* Klubb: Heming<\/p>\n<p>* VM: 11 gull, 3 s\u00f8lv, 1 bronse.<\/p>\n<p>* OL: 1 s\u00f8lv (lagkonkurranse 2018)<\/p>\n<p>* Junior-VM: 2 gull, 2 bronse<\/p>\n<p>* Verdenscupen: 78 enkeltseirer og seks sammenlagtseirer (2018\/19, 2019\/20, 2020\/21, 2021\/22, 2023\/24 og 2024\/25)<\/p>\n<p>* Fikk i slutten av 2024 p\u00e5vist en betennelse i magen<\/p>\n<p>* Meddelte i januar at han legger opp etter sesongen p\u00e5 grunn av en kronisk tarmsykdom.<\/p>\n<p>* Rundet av VM-karrieren med \u00e5 ta tre av fire mulige gull i Gran\u00e5sen.<\/p>\n<p>      Vis mer<br \/>\n      Vis mindre<\/p>\n<p>En av grunnene til at han la opp etter forrige sesong, var mer tid med familie.\u00a0<\/p>\n<p>Men:\u00a0<\/p>\n<p>&#8211; Det var et stort \u00f8nske at jeg skulle f\u00e5 mer frihet, men jeg merker jo at arbeidslivet krever sitt. Det var mer fri tidligere i \u00e5r, s\u00e5 har det blitt lite n\u00e5 inn mot sesongstart. Det krever \u00e5 ha ting klart for alle sammen, f\u00f8r det<br \/>\nbraker l\u00f8s, erkjenner 28-\u00e5ringen.\u00a0<\/p>\n<p>&#8211; Har det blitt frustrasjon p\u00e5 hjemmebane p\u00e5 grunn av det?\u00a0\u00a0<\/p>\n<p>&#8211; Det var ikke det her som var avtalen! Neste \u00e5r s\u00e5 f\u00e5r jeg<br \/>\nh\u00e5pe at vi er tidligere ute med alt som m\u00e5 gj\u00f8res klart til sesongstart, svarer profilen, som har to barn med kj\u00e6resten Sunna Tryggvadottir.\u00a0<\/p>\n<p>          <img loading=\"lazy\" decoding=\"async\" src=\"https:\/\/www.europesays.com\/no\/wp-content\/uploads\/2025\/11\/83876956.webp\" width=\"686\" height=\"392\" title=\"KJ\u00c6RESTER: Jarl Magnus Riiber og Sunna Tryggvadottir her p\u00e5 vei inn til gallamiddag p\u00e5 Slottet i forbindelse med statsbes\u00f8ket til det islandske presidentparet tidligere i \u00e5r. Foto: Fredrik Varfjell \/ NTB\" alt=\"\" class=\"\" style=\"--aspect-ratio-image: 1.75; \"\/><\/p>\n<p>\n          KJ\u00c6RESTER: Jarl Magnus Riiber og Sunna Tryggvadottir her p\u00e5 vei inn til gallamiddag p\u00e5 Slottet i forbindelse med statsbes\u00f8ket til det islandske presidentparet tidligere i \u00e5r. Foto: Fredrik Varfjell \/ NTB\n      <\/p>\n<p>Det var i sommer at avtalen med Riiber kom p\u00e5 plass &#8211; etter en lang dragkamp om stjerna.\u00a0<\/p>\n<p>Penger manglet fra forbundets side, og forhandlingene dr\u00f8yde.\u00a0<\/p>\n<p>&#8211; Jeg skulle gjerne \u00f8nske at det hadde g\u00e5tt fortere, men det er som alt &#8211; det er snakk om penger. Har man ikke penger, s\u00e5 har man ikke<br \/>\npenger, og da m\u00e5 man pr\u00f8ve \u00e5 finne l\u00f8sninger for \u00e5 f\u00e5 det til. Da tar ting<br \/>\nlitt tid. Vi ble enige, og til slutt landet vi p\u00e5 noe fint. Det var det viktigste. <\/p>\n<p>        Under lagkonkurransen i kombinert hadde kronprinsessenski-vm g\u00e5tt ned til publikum for \u00e5 f\u00f8lge rennet. Men da Jarl Magnus Riiber skulle hoppe fulgte hun n\u00f8ye med.<\/p>\n<p class=\"italic m-italic\" data-lab-italic=\"italic\">&#8211; Har det p\u00e5virket inngangen til sesongen p\u00e5 noe vis at ting dr\u00f8yde?<\/p>\n<p>&#8211; Absolutt, erkjenner stjerna.\u00a0<\/p>\n<p>    <a itemprop=\"url\" href=\"https:\/\/www.dagbladet.no\/sport\/her-ser-du-skisport-pa-tv-i-vinter\/83796155\" rel=\"nofollow noopener\" target=\"_blank\"><\/p>\n<p>      <img loading=\"lazy\" decoding=\"async\" src=\"https:\/\/www.europesays.com\/no\/wp-content\/uploads\/2025\/11\/83796166.webp\" width=\"980\" height=\"441\" title=\"Her ser du skisport p\u00e5 TV i vinter\" alt=\"\" class=\"lazyload\" style=\"--aspect-ratio-image: 2.22; \"\/><\/p>\n<p>        Her ser du skisport p\u00e5 TV i vinter<\/p>\n<p>    <\/a><\/p>\n<p>Jens Lur\u00e5s Oftebro, som blir Norges store h\u00e5p p\u00e5 herresiden denne sesongen, er klar p\u00e5 at det har p\u00e5virket litt at en avtale kom sent p\u00e5 plass.\u00a0<\/p>\n<p class=\"font-weight-bold m-font-weight-bold\" data-lab-font_weight=\"font-weight-bold\">&#8211; Jeg var veldig lettet over at han ble med, selv om det tok litt<br \/>\nlenger tid enn det vi \u00f8nsket. Vi kom nok litt p\u00e5 h\u00e6la siden at han ikke ble<br \/>\nsignert f\u00f8r ganske langt ut, sier Oftebro til Dagbladet.\u00a0<\/p>\n<p class=\"italic m-italic font-weight-normal m-font-weight-normal\" data-lab-italic=\"italic\" data-lab-font_weight=\"font-weight-normal\">&#8211; Hvor mye har det p\u00e5virket?<\/p>\n<p>          <img loading=\"lazy\" decoding=\"async\" src=\"https:\/\/www.europesays.com\/no\/wp-content\/uploads\/2025\/11\/83877056.webp\" width=\"980\" height=\"559\" title=\"DOBBEL LYKKE: Fra ski-VM i Trondheim hvor Jarl Magnus Riiber tok gull og Jens Lur\u00e5s Oftebro tok s\u00f8lv. Vinzenc Geiger fra Tyskland tok bronse i kombinert langrenn 7,5 kilometer. Foto: Gorm Kallestad \/ NTB\" alt=\"\" class=\"\" style=\"--aspect-ratio-image: 1.75; \"\/><\/p>\n<p>\n          DOBBEL LYKKE: Fra ski-VM i Trondheim hvor Jarl Magnus Riiber tok gull og Jens Lur\u00e5s Oftebro tok s\u00f8lv. Vinzenc Geiger fra Tyskland tok bronse i kombinert langrenn 7,5 kilometer. Foto: Gorm Kallestad \/ NTB\n      <\/p>\n<p>&#8211; Ikke mye, men det var en del av gutta som byttet skimerke<br \/>\nfor eksempel. Istedenfor at det ble jobbet med i april, hvor det ikke hoppes<br \/>\nuansett, s\u00e5 ble det jobbet med i juni og juli. Men jeg tror ikke at det har hatt s\u00e5 stor innvirkning &#8211; det var mye viktigere at det kom p\u00e5 plass, svarer OL-h\u00e5pet.\u00a0<\/p>\n<p>Oftebro forteller at han ble lettet da Riiber hadde satte penn p\u00e5 papir, og avtalen med det norske landslaget ble landet.\u00a0<\/p>\n<p>&#8211; Vi fighta lenge for det. Vi hadde et sponsortreff i april<br \/>\nhvor det var mye usikkerhet. Men fra Ivars (Stuan) st\u00e5sted, s\u00e5 er det ikke s\u00e5 lett \u00e5 f\u00e5 plass til det i et budsjett. En s\u00e5 verdifull person er sikkert ganske kostbart, uten av jeg vet noe om det.<\/p>\n<p>    <a itemprop=\"url\" href=\"https:\/\/www.dagbladet.no\/sport\/bekrefter-avtale\/83594371\" rel=\"nofollow noopener\" target=\"_blank\"><\/p>\n<p>      <img loading=\"lazy\" decoding=\"async\" src=\"https:\/\/www.europesays.com\/no\/wp-content\/uploads\/2025\/11\/83598607.webp\" width=\"980\" height=\"441\" title=\"Bekrefter avtale\" alt=\"\" class=\"lazyload\" style=\"--aspect-ratio-image: 2.22; \"\/><\/p>\n<p>        Bekrefter avtale<\/p>\n<p>    <\/a><\/p>\n<p class=\"italic m-italic\" data-lab-italic=\"italic\">&#8211; Hvor mye f\u00e5r han betalt, Ivar?<\/p>\n<p>&#8211; Han f\u00e5r en normal norsk \u00e5rsl\u00f8nn, sier Stuan.\u00a0<\/p>\n<p class=\"font-weight-bold m-font-weight-bold\" data-lab-font_weight=\"font-weight-bold\">Sportssjef Ivar Stuan er sv\u00e6rt glad for at Riiber er med p\u00e5 laget videre. Riiber blir leid ut av sponsoren Thaugland til landslaget, samtidig som han delvis er ansatt i Olympiatoppen.\u00a0<\/p>\n<p>&#8211; For<br \/>\ndet f\u00f8rste s\u00e5 er jeg fryktelig imponert over den dedikasjonen han har for det<br \/>\nher. Han er jo om mulig enda mer dedikert n\u00e5 enn han var f\u00f8r, sier Stuan om Riiber.\u00a0<\/p>\n<p>For inn mot sesongstarten p\u00e5 Beitost\u00f8len, som var denne helga, har det blitt lange arbeidsdager p\u00e5 stjerna. Det har f\u00e5tt sjefen til \u00e5 reagere.\u00a0<\/p>\n<p>          <img loading=\"lazy\" decoding=\"async\" src=\"https:\/\/www.europesays.com\/no\/wp-content\/uploads\/2025\/11\/83877040.webp\" width=\"980\" height=\"559\" title=\"SAMARBEIDER TETT: Ivar Stuan og Jarl Magnus Riiber. Foto: Terje Pedersen \/ NTB\" alt=\"\" class=\"\" style=\"--aspect-ratio-image: 1.75; \"\/><\/p>\n<p>\n          SAMARBEIDER TETT: Ivar Stuan og Jarl Magnus Riiber. Foto: Terje Pedersen \/ NTB\n      <\/p>\n<p>&#8211; S\u00e5<br \/>\ntenker jeg at han faktisk m\u00e5 pr\u00f8ve \u00e5 puste litt og la det g\u00e5 litt ogs\u00e5. Det har<br \/>\nhan ikke greid enn\u00e5. Han vil mye. Han er en fantastisk person som gj\u00f8r alt han kan. Ut\u00f8verne skal f\u00e5 alt. Det setter jeg stor pris p\u00e5, p\u00e5peker sportssjefen ogs\u00e5.\u00a0<\/p>\n<p>Riiber istemmer at det har blitt lange dager.\u00a0<\/p>\n<p>&#8211; Man kjenner p\u00e5 at ting tar mye mer tid. Man m\u00e5 v\u00e6re s\u00e5 utrolig<br \/>\nn\u00f8ye. Arbeidsdagen som vanligvis strekker seg fra klokka 08-16, strekker seg liksom fra seks om morgenen til to om natta. Det er for \u00e5 vite at det skal bli s\u00e5 bra som det kan bli, innenfor alle de punktene som er satt p\u00e5 regelverket. <\/p>\n<p>        ENORM DRAMATIKK: J\u00f8rgen Graabak ble disket fra hoppdelen i dagens kombinert\u00f8velse i ski-VM, fordi FIS mente det var noe feil med bindingen. Video: Birthe Skingen \/ Dagbladet TV Sporten. Reporter: Simone Holen S\u00f8nstr\u00f8d\/Dagbladet<\/p>\n<p class=\"font-weight-bold m-font-weight-bold\" data-lab-font_weight=\"font-weight-bold\">Flere profiler Dagbladet har snakket med er overlykkelig over at Riiber til slutt landet p\u00e5 Norge. I v\u00e5r vurderte han nemlig flere tilbud, blant annet fra hopp og det italienske skiforbundet.\u00a0<\/p>\n<p>&#8211; Det var noen tilbud<br \/>\nsom fristet. Det inneb\u00e6rte at jeg m\u00e5tte ha forpliktet meg til mye reising. Her fikk jeg styre hverdagen litt selv og velge hvilke konkurranser jeg ville v\u00e6re med p\u00e5.\u00a0<\/p>\n<p>&#8211; Jeg er forn\u00f8yd og jeg h\u00e5per de ogs\u00e5 er forn\u00f8yd, understreker Riiber.\u00a0<\/p>\n","protected":false},"excerpt":{"rendered":"&#8211; Jeg trives i den rollen. Jeg har mindre angst for \u00e5 bli syk og kroppen har det&hellip;\n","protected":false},"author":2,"featured_media":96426,"comment_status":"","ping_status":"","sticky":false,"template":"","format":"standard","meta":{"footnotes":""},"categories":[59],"tags":[3229,12442,2269,30,28,29,83,82],"class_list":{"0":"post-96425","1":"post","2":"type-post","3":"status-publish","4":"format-standard","5":"has-post-thumbnail","7":"category-sport","8":"tag-jarl-magnus-riiber","9":"tag-jens-luras-oftebro","10":"tag-kombinert","11":"tag-no","12":"tag-norge","13":"tag-norway","14":"tag-sport","15":"tag-sports"},"share_on_mastodon":{"url":"https:\/\/pubeurope.com\/@no\/115611280783936247","error":""},"_links":{"self":[{"href":"https:\/\/www.europesays.com\/no\/wp-json\/wp\/v2\/posts\/96425","targetHints":{"allow":["GET"]}}],"collection":[{"href":"https:\/\/www.europesays.com\/no\/wp-json\/wp\/v2\/posts"}],"about":[{"href":"https:\/\/www.europesays.com\/no\/wp-json\/wp\/v2\/types\/post"}],"author":[{"embeddable":true,"href":"https:\/\/www.europesays.com\/no\/wp-json\/wp\/v2\/users\/2"}],"replies":[{"embeddable":true,"href":"https:\/\/www.europesays.com\/no\/wp-json\/wp\/v2\/comments?post=96425"}],"version-history":[{"count":0,"href":"https:\/\/www.europesays.com\/no\/wp-json\/wp\/v2\/posts\/96425\/revisions"}],"wp:featuredmedia":[{"embeddable":true,"href":"https:\/\/www.europesays.com\/no\/wp-json\/wp\/v2\/media\/96426"}],"wp:attachment":[{"href":"https:\/\/www.europesays.com\/no\/wp-json\/wp\/v2\/media?parent=96425"}],"wp:term":[{"taxonomy":"category","embeddable":true,"href":"https:\/\/www.europesays.com\/no\/wp-json\/wp\/v2\/categories?post=96425"},{"taxonomy":"post_tag","embeddable":true,"href":"https:\/\/www.europesays.com\/no\/wp-json\/wp\/v2\/tags?post=96425"}],"curies":[{"name":"wp","href":"https:\/\/api.w.org\/{rel}","templated":true}]}}