{"id":96427,"date":"2025-11-25T16:29:08","date_gmt":"2025-11-25T16:29:08","guid":{"rendered":"https:\/\/www.europesays.com\/no\/96427\/"},"modified":"2025-11-25T16:29:08","modified_gmt":"2025-11-25T16:29:08","slug":"nye-rapporter-om-ios-27-fokus-pa-stabilitet-og-mer-ki","status":"publish","type":"post","link":"https:\/\/www.europesays.com\/no\/96427\/","title":{"rendered":"Nye rapporter om iOS 27: Fokus p\u00e5 stabilitet og mer KI"},"content":{"rendered":"<p>If\u00f8lge nye lekkasjer vil iOS 27 ikke bli et like stort hopp som mange hadde sett for seg. Apple skal denne gangen prioritere ytelse og kvalitet i stedet for store visuelle endringer eller omfattende funksjonspakker. Opplysningene kommer fra kilder tett p\u00e5 utviklingen.<\/p>\n<p>Til sammenligning var iOS 26 en betydelig oppgradering da det kom tidligere i \u00e5r, b\u00e5de med nytt navn, en rekke funksjoner og det nye Liquid Glass-designet. Neste \u00e5r skal Apple imidlertid senke tempoet, if\u00f8lge den ofte treffsikre journalistkilden Mark Gurman.<\/p>\n<p>Fokus p\u00e5 stabilitet og grunnleggende forbedringer<\/p>\n<p>I sitt nyhetsbrev skriver Gurman at Apple vil bruke iOS 27 til \u00e5 forbedre kvaliteten og infrastrukturen i systemet. Tidligere rykter antydet st\u00f8rre endringer for Siri, men de forventningene blir n\u00e5 dempet.<\/p>\n<p><strong>Les ogs\u00e5: <\/strong><a href=\"https:\/\/teksiden.no\/biler\/black-week-kan-bli-et-kaos-pa-veiene-disse-kraesjer-mest-under-tidenes-bulkeuke\/\" rel=\"nofollow noopener\" target=\"_blank\">Black Week kan bli et kaos p\u00e5 veiene: disse kr\u00e6sjer mest under tidenes bulkeuke<\/a><\/p>\n<p>Oppdateringen omtales som et Snow Leopard-lignende l\u00f8ft, med referanse til macOS-versjonen fra 2009 som f\u00f8rst og fremst styrket ytelse og stabilitet. Ogs\u00e5 macOS 27 skal f\u00f8lge samme linje.<\/p>\n<p>Selv om Gurman ikke selv har opplevd store feil i iOS 26, forteller noen brukere om problemer som overoppheting, uforklarlig batteritapping, ustabil ber\u00f8ringsrespons, feil p\u00e5 tastaturet, mobilnett som faller ut og apper som krasjer.<\/p>\n<p>KI skal likevel st\u00e5 sentralt<\/p>\n<p>Gurman fastholder at Apple fortsatt jobber med st\u00f8rre KI-satsinger. Apple Intelligence vil v\u00e6re hovedomr\u00e5det for ny funksjonalitet i iOS 27, mens resten av oppdateringen i stor grad handler om stabilitet og ytelse. Det skriver <a href=\"https:\/\/www.chip.de\/news\/apple\/neue-berichte-zu-ios-27-naechstes-iphone-update-bringt-stabilitaet-und-mehr-ki_dabeaf42-2cb3-42d0-a2f3-743b92cf7dfc.html\" target=\"_blank\" rel=\"noopener nofollow\">chip.<\/a><\/p>\n<p>Siri skal etter planen f\u00e5 sitt store KI-l\u00f8ft allerede i iOS 26.4 med ny design og nye muligheter. N\u00e5r iOS 27 kommer, skal det blant annet inkludere en KI-basert hjelper i Helse-appen og en KI-drevet netts\u00f8kfunksjon som utfordrer tjenester som ChatGPT. Samarbeidet mellom Apple og Google skal ogs\u00e5 bidra til at KI-integrasjonen blir bredere p\u00e5 iPhone, iPad og Mac.<\/p>\n<p>N\u00e5r kommer iOS 27?<\/p>\n<p>Apple har ikke bekreftet datoen for lanseringen av iOS 27, men tradisjonen tilsier at systemet vises for f\u00f8rste gang p\u00e5 utviklerkonferansen WWDC. For 2026 finnes det forel\u00f8pig ingen dato, men konferansen pleier \u00e5 avholdes i juni.<\/p>\n<p><strong>Les ogs\u00e5: <\/strong><a href=\"https:\/\/teksiden.no\/ai\/openai-endret-chatgpt-og-plutselig-mistet-noen-brukere-grepet-om-virkeligheten\/\" rel=\"nofollow noopener\" target=\"_blank\">OpenAI endret ChatGPT \u2013 og plutselig mistet noen brukere grepet om virkeligheten<\/a><\/p>\n","protected":false},"excerpt":{"rendered":"If\u00f8lge nye lekkasjer vil iOS 27 ikke bli et like stort hopp som mange hadde sett for seg.&hellip;\n","protected":false},"author":2,"featured_media":96428,"comment_status":"","ping_status":"","sticky":false,"template":"","format":"standard","meta":{"footnotes":""},"categories":[57],"tags":[30,28,29,65,63,64,66,70,69,67,68],"class_list":{"0":"post-96427","1":"post","2":"type-post","3":"status-publish","4":"format-standard","5":"has-post-thumbnail","7":"category-vitenskap-og-teknologi","8":"tag-no","9":"tag-norge","10":"tag-norway","11":"tag-science","12":"tag-science-and-technology","13":"tag-scienceandtechnology","14":"tag-technology","15":"tag-teknologi","16":"tag-vitenskap","17":"tag-vitenskap-og-teknologi","18":"tag-vitenskapteknologi"},"share_on_mastodon":{"url":"https:\/\/pubeurope.com\/@no\/115611288496329584","error":""},"_links":{"self":[{"href":"https:\/\/www.europesays.com\/no\/wp-json\/wp\/v2\/posts\/96427","targetHints":{"allow":["GET"]}}],"collection":[{"href":"https:\/\/www.europesays.com\/no\/wp-json\/wp\/v2\/posts"}],"about":[{"href":"https:\/\/www.europesays.com\/no\/wp-json\/wp\/v2\/types\/post"}],"author":[{"embeddable":true,"href":"https:\/\/www.europesays.com\/no\/wp-json\/wp\/v2\/users\/2"}],"replies":[{"embeddable":true,"href":"https:\/\/www.europesays.com\/no\/wp-json\/wp\/v2\/comments?post=96427"}],"version-history":[{"count":0,"href":"https:\/\/www.europesays.com\/no\/wp-json\/wp\/v2\/posts\/96427\/revisions"}],"wp:featuredmedia":[{"embeddable":true,"href":"https:\/\/www.europesays.com\/no\/wp-json\/wp\/v2\/media\/96428"}],"wp:attachment":[{"href":"https:\/\/www.europesays.com\/no\/wp-json\/wp\/v2\/media?parent=96427"}],"wp:term":[{"taxonomy":"category","embeddable":true,"href":"https:\/\/www.europesays.com\/no\/wp-json\/wp\/v2\/categories?post=96427"},{"taxonomy":"post_tag","embeddable":true,"href":"https:\/\/www.europesays.com\/no\/wp-json\/wp\/v2\/tags?post=96427"}],"curies":[{"name":"wp","href":"https:\/\/api.w.org\/{rel}","templated":true}]}}