{"id":96431,"date":"2025-11-25T16:32:18","date_gmt":"2025-11-25T16:32:18","guid":{"rendered":"https:\/\/www.europesays.com\/no\/96431\/"},"modified":"2025-11-25T16:32:18","modified_gmt":"2025-11-25T16:32:18","slug":"mobelbedrift-konkurs-etter-over-100-ar-e24","status":"publish","type":"post","link":"https:\/\/www.europesays.com\/no\/96431\/","title":{"rendered":"M\u00f8belbedrift konkurs etter over 100 \u00e5r \u2013 E24"},"content":{"rendered":"<p class=\"fullWidthDesktop hyperion-css-71ztg2\" data-test-tag=\"lead-text\">40 mister jobben i Stranda-bedriften Langlo AS. <\/p>\n<p><img decoding=\"async\" class=\"image-asset hyperion-css-u06ts1\" data-test-tag=\"image-asset\" src=\"https:\/\/www.europesays.com\/no\/wp-content\/uploads\/2025\/11\/eeef1f2f-b773-4b36-a17e-20d958702e00\"  alt=\"Langlo AS produserer skyved\u00f8rsgarderober. \"  loading=\"eager\" fetchpriority=\"high\" style=\"aspect-ratio:1340 \/ 936\"\/>Langlo AS produserer skyved\u00f8rsgarderober. Foto: Langlo ASPublisert: Publisert: <\/p>\n<p>I dag 13:42<\/p>\n<p>Kortversjonen<\/p>\n<ul class=\"hyperion-css-pkq1ci\" data-test-tag=\"list\">\n<li class=\"hyperion-css-12h2ush\">M\u00f8belprodusenten Langlo AS p\u00e5 Stranda m\u00e5 legge ned. 40 ansatte mister jobben. <\/li>\n<li class=\"hyperion-css-12h2ush\">Selskapet ble startet av familien Langlo i 1918. <\/li>\n<li class=\"hyperion-css-12h2ush\">Konkursen skyldes et sviktende byggrelatert marked og salgsnedgang i privatmarkedet. <\/li>\n<li class=\"hyperion-css-12h2ush\">Selskapet har 31 millioner kroner i gjeld. <\/li>\n<\/ul>\n<p class=\"hyperion-css-10lbhat\">Oppsummeringen er laget av AI-verkt\u00f8yet ChatGPT og kvalitetssikret av E24s journalister<\/p>\n<p>Vis mer <\/p>\n<ul class=\"hyperion-css-pte5x0\">\n<li aria-label=\"link\" class=\"narrow-button hyperion-css-1sz7d3n\">Kopier lenke<\/li>\n<li aria-label=\"link\" class=\"wide-button hyperion-css-1sz7d3n\">Kopier lenke<\/li>\n<li aria-label=\"facebook\" class=\"narrow-button hyperion-css-1sz7d3n\">Del p\u00e5 Facebook<\/li>\n<li aria-label=\"facebook\" class=\"wide-button hyperion-css-1sz7d3n\">Del p\u00e5 Facebook<\/li>\n<li aria-label=\"email\" class=\"narrow-button hyperion-css-1sz7d3n\">Del med e-post<\/li>\n<li aria-label=\"email\" class=\"wide-button hyperion-css-1sz7d3n\">Del med e-post<\/li>\n<\/ul>\n<p class=\"hyperion-css-1lemvax\">I 1918 startet familien Langlo m\u00f8belfabrikk p\u00e5 Stranda p\u00e5 Sunnm\u00f8re. <\/p>\n<p class=\"hyperion-css-1lemvax\">F\u00f8rst produserte de stilm\u00f8bler for velst\u00e5ende \u00c5lesund-familier. Senere var det serieproduksjon av salongbord, skriver <a aria-label=\"Sunnm\u00f8rsposten\" class=\"default hyperion-css-1rezu2g\" href=\"https:\/\/www.smp.no\/nyheter\/i\/d4575O\/tung-beskjed-for-langlo-tilsette\" rel=\"noopener nofollow noreferrer\" data-test-tag=\"external-link\" target=\"_blank\">Sunnm\u00f8rsposten<\/a>.<\/p>\n<p class=\"hyperion-css-1lemvax\">I 1985 begynte de med skyved\u00f8rsgarderober, som er det de har solgt frem til i dag.<\/p>\n<p class=\"hyperion-css-1lemvax\">\u2013 \u00c5rsaken til konkursen er sviktende marked. Det byggrelaterte markedet har v\u00e6rt veldig svakt, sier daglig leder P\u00e5l Morten Ringstad til E24. <\/p>\n<p class=\"hyperion-css-1lemvax\">Han sier konkursen f\u00f8yer seg inn i <a aria-label=\"rekken av konkurser i bransjen\" class=\"default hyperion-css-1rezu2g\" href=\"https:\/\/e24.no\/hendelse\/konkurser-i-norge\" rel=\"noopener nofollow\" data-test-tag=\"external-link\" target=\"_blank\">rekken av konkurser i bransjen<\/a>.<\/p>\n<p><a data-test-tag=\"teaser-small:link-internal\" href=\"https:\/\/e24.no\/boers-og-finans\/i\/L4p3M9\/ukens-investtech-kjoep-disse-aksjene-foer-desember-rally\" class=\"imagePosition-top inline hyperion-css-6238vu\" rel=\"nofollow noopener\" target=\"\" aria-label=\"Ukens Investtech: Kj\u00f8p disse aksjene f\u00f8r desember-rally\"><\/p>\n<p>Les p\u00e5 E24+<\/p>\n<p>Ukens Investtech: Kj\u00f8p disse aksjene f\u00f8r desember-rally<\/p>\n<p><\/a><\/p>\n<p class=\"hyperion-css-1lemvax\">40 ansatte mister jobben. <\/p>\n<p>Ventet nedgang<\/p>\n<p class=\"hyperion-css-1lemvax\">I selskapets \u00e5rsberetning fra i fjor st\u00e5r det at de har rammeavtale med de st\u00f8rste byggevarekjedene. <\/p>\n<p class=\"hyperion-css-1lemvax\">\u00abDet ventes nedgang i utviklingen av markedet for bedriftens produkter i 2025 pga. den generelle \u00f8konomiske situasjonen i samfunnet\u00bb, st\u00e5r det i beretningen. <\/p>\n<p><a data-test-tag=\"teaser-small:link-internal\" href=\"https:\/\/e24.no\/naeringsliv\/i\/bOM4yd\/fikk-69-millioner-i-laan-gikk-konkurs\" class=\"imagePosition-top inline hyperion-css-6238vu\" rel=\"nofollow noopener\" target=\"\" aria-label=\"Fikk 69 millioner i l\u00e5n \u2013 gikk konkurs\"><\/p>\n<p>Les ogs\u00e5<\/p>\n<p>Fikk 69 millioner i l\u00e5n \u2013 gikk konkurs<\/p>\n<p><\/a><\/p>\n<p class=\"hyperion-css-1lemvax\">I fjor hadde selskapet inntekter p\u00e5 90 millioner kroner og et resultat f\u00f8r skatt p\u00e5 nesten minus 2 millioner. <\/p>\n<p class=\"hyperion-css-1lemvax\">Selskapet har g\u00e5tt i minus seks av de ti siste \u00e5rene. Den forrige oppturen kom under pandemi\u00e5rene 2020\u20132022. <\/p>\n<p>\u2013 Har v\u00e6rt krevende<\/p>\n<p class=\"hyperion-css-1lemvax\">Bostyrer \u00d8ystein Remme peker ogs\u00e5 p\u00e5 svikt i salg til privatmarkedet.<\/p>\n<p class=\"hyperion-css-1lemvax\">\u2013 Det har v\u00e6rt krevende etter pandemien. Man h\u00e5pet \u00e5 f\u00e5 tatt igjen p\u00e5 privatmarkedet, men det har det ikke v\u00e6rt mulig \u00e5 f\u00e5 til. <\/p>\n<p><img decoding=\"async\" class=\"image-asset hyperion-css-n6kkq1\" data-test-tag=\"image-asset\" src=\"https:\/\/www.europesays.com\/no\/wp-content\/uploads\/2025\/11\/a87473ce-8c59-42ba-8015-d86f1557fd63\"  alt=\"\"  fetchpriority=\"auto\" style=\"aspect-ratio:582 \/ 612\"\/>\u00d8ystein Remme<\/p>\n<p class=\"hyperion-css-1lemvax\">If\u00f8lge bostyreren har selskapet en gjeld p\u00e5 31 millioner kroner. <\/p>\n<p class=\"hyperion-css-1lemvax\">Remme sier at det f\u00f8r konkurs\u00e5pningen var dialog med investorer, men at de ikke klarte \u00e5 f\u00e5 inn ny kapital i selskapet. <\/p>\n<p class=\"hyperion-css-1lemvax\">\u2013 Ingen var interessert i \u00e5 ta over driften, sier han.<\/p>\n<p><a data-test-tag=\"teaser-small:link-internal\" href=\"https:\/\/e24.no\/naeringsliv\/i\/GxlGxB\/endret-navn-til-det-groenne-skiftet-as-foer-konkurs-trist\" class=\"imagePosition-top inline hyperion-css-6238vu\" rel=\"nofollow noopener\" target=\"\" aria-label=\"Endret navn til \u00abDet gr\u00f8nne skiftet AS\u00bb f\u00f8r konkurs: \u2013 Trist\"><\/p>\n<p>Les ogs\u00e5<\/p>\n<p>Endret navn til \u00abDet gr\u00f8nne skiftet AS\u00bb f\u00f8r konkurs: \u2013 Trist<\/p>\n<p><\/a><img decoding=\"async\" class=\"image-asset hyperion-css-u06ts1\" data-test-tag=\"image-asset\" src=\"https:\/\/www.europesays.com\/no\/wp-content\/uploads\/2025\/11\/ad2acc47-d834-4265-bd6a-7048e4a018cc\"  alt=\"Et sviktende marked felte Langlo AS, if\u00f8lge daglig leder.\"  loading=\"eager\" fetchpriority=\"high\" style=\"aspect-ratio:835 \/ 565\"\/>Et sviktende marked felte Langlo AS, if\u00f8lge daglig leder. Foto: Langlo AS<\/p>\n","protected":false},"excerpt":{"rendered":"40 mister jobben i Stranda-bedriften Langlo AS. Langlo AS produserer skyved\u00f8rsgarderober. Foto: Langlo ASPublisert: Publisert: I dag 13:42&hellip;\n","protected":false},"author":2,"featured_media":96432,"comment_status":"","ping_status":"","sticky":false,"template":"","format":"standard","meta":{"footnotes":""},"categories":[10],"tags":[20,21,24,25,15,22,23,13,30,28,29,14,16,26,27],"class_list":{"0":"post-96431","1":"post","2":"type-post","3":"status-publish","4":"format-standard","5":"has-post-thumbnail","7":"category-norge","8":"tag-breaking-news","9":"tag-breakingnews","10":"tag-featured-news","11":"tag-featurednews","12":"tag-headlines","13":"tag-latest-news","14":"tag-latestnews","15":"tag-news","16":"tag-no","17":"tag-norge","18":"tag-norway","19":"tag-nyheter","20":"tag-overskrifter","21":"tag-top-stories","22":"tag-topstories"},"share_on_mastodon":{"url":"https:\/\/pubeurope.com\/@no\/115611300525474455","error":""},"_links":{"self":[{"href":"https:\/\/www.europesays.com\/no\/wp-json\/wp\/v2\/posts\/96431","targetHints":{"allow":["GET"]}}],"collection":[{"href":"https:\/\/www.europesays.com\/no\/wp-json\/wp\/v2\/posts"}],"about":[{"href":"https:\/\/www.europesays.com\/no\/wp-json\/wp\/v2\/types\/post"}],"author":[{"embeddable":true,"href":"https:\/\/www.europesays.com\/no\/wp-json\/wp\/v2\/users\/2"}],"replies":[{"embeddable":true,"href":"https:\/\/www.europesays.com\/no\/wp-json\/wp\/v2\/comments?post=96431"}],"version-history":[{"count":0,"href":"https:\/\/www.europesays.com\/no\/wp-json\/wp\/v2\/posts\/96431\/revisions"}],"wp:featuredmedia":[{"embeddable":true,"href":"https:\/\/www.europesays.com\/no\/wp-json\/wp\/v2\/media\/96432"}],"wp:attachment":[{"href":"https:\/\/www.europesays.com\/no\/wp-json\/wp\/v2\/media?parent=96431"}],"wp:term":[{"taxonomy":"category","embeddable":true,"href":"https:\/\/www.europesays.com\/no\/wp-json\/wp\/v2\/categories?post=96431"},{"taxonomy":"post_tag","embeddable":true,"href":"https:\/\/www.europesays.com\/no\/wp-json\/wp\/v2\/tags?post=96431"}],"curies":[{"name":"wp","href":"https:\/\/api.w.org\/{rel}","templated":true}]}}