{"id":96437,"date":"2025-11-25T16:39:33","date_gmt":"2025-11-25T16:39:33","guid":{"rendered":"https:\/\/www.europesays.com\/no\/96437\/"},"modified":"2025-11-25T16:39:33","modified_gmt":"2025-11-25T16:39:33","slug":"advarer-om-fare-for-kundene-vil-forby-temu-og-shein-i-europa","status":"publish","type":"post","link":"https:\/\/www.europesays.com\/no\/96437\/","title":{"rendered":"Advarer om fare for kundene: Vil forby Temu og Shein i Europa"},"content":{"rendered":"<p>Philippe Palazzi, konsernsjef i den franske supermarkedskjeden Casino, mener kinesiske Shein og Temu b\u00f8r stoppes fra \u00e5 selge i Europa frem til regionen har f\u00e5tt p\u00e5 plass lover til \u00e5 regulere de to nettbutikkene, melder <a href=\"https:\/\/www.bloomberg.com\/news\/articles\/2025-11-25\/shein-temu-should-be-banned-in-europe-until-2028-casino-ceo-says\" target=\"_blank\" rel=\"nofollow noopener\">Bloomberg<\/a>.<\/p>\n<p>I et intervju med BFM Business TV sier Casino-sjefen at produktene som selges av Shein og Temu ikke er i samsvar med europeiske normer. Han mener dessuten at produktene kan utgj\u00f8re en fare for forbrukerne.<\/p>\n<p>For en m\u00e5ned siden ble det kjent at <a href=\"https:\/\/www.finansavisen.no\/handel\/2025\/10\/30\/8303616\/temu-og-shein-sikkerhetsfeil-i-to-av-tre-produkter\" target=\"_blank\" rel=\"nofollow noopener\">to av tre produkter\u00a0kj\u00f8pt hos Temu og Shein<\/a>, ikke lever opp til EUs sikkerhetsregler.<\/p>\n<p class=\"subhead\" data-element-type=\"subhead\" data-element-label=\"Mellomtittel\">\u2013 Jeg ser reell fare<\/p>\n<p>Videre advarer Palazzi om at en flom av produkter, s\u00e6rlig tekstiler og m\u00f8bler, kan f\u00f8re til at mindre bedrifter i Europa som f\u00f8lger lokale lover og regler, kan m\u00e5tte legge ned.<\/p>\n<p><b>\u2013 Jeg synes det er en veldig bra ting \u00e5 lovfeste f\u00f8r man lar Shein og Temu trenge inn i markedet, sier Palazzi, som \u00f8nsker \u00f8kt beskyttelse av lokale handelsakt\u00f8rer.<\/b><\/p>\n<p>\u2013 Jeg ser en reell fare, legger han til.<\/p>\n<p>Europeiske myndigheter har besluttet \u00e5 lovfeste normer for import fra Kina innen 2028. Palazzi mener Shein og Temu b\u00f8r midlertidig forbys mens dette blir utredet, skriver Bloomberg.<\/p>\n<p>\u2013 Blokk\u00e9r dem i to \u00e5r, sier Casino-sjefen.<\/p>\n<p class=\"subhead\" data-element-type=\"subhead\" data-element-label=\"Mellomtittel\">N\u00f8ye overv\u00e5kning<\/p>\n<p>Nylig ble det kjent at EU-landenes finansministre er blitt enige om \u00e5 avvikle ordningen som \u00e5pner for tollfri import av lavverdipakker, en ordning Shein og Temu har dratt nytte av. Hovedorganisasjonen Virke <a href=\"https:\/\/www.finansavisen.no\/handel\/2025\/11\/20\/8308674\/eu-tar-grep-mot-temu-norge-ma-folge-etter\" target=\"_blank\" rel=\"nofollow noopener\">mener regjeringen i Norge n\u00e5 m\u00e5 f\u00f8lge etter EU<\/a>.<\/p>\n<p>Shein ble etablert i Kina, men har n\u00e5 base i Singapore. Selskapet <a href=\"https:\/\/www.finansavisen.no\/handel\/2025\/11\/05\/8305140\/shein-apnet-sin-forste-fysisk-butikk\" target=\"_blank\" rel=\"nofollow noopener\">\u00e5pnet sin f\u00f8rste fysiske butikk<\/a> i Paris tidligere i november, men fikk ordre om \u00e5 stenge da det kom frem at Shein selger flere ulovlige produkter, som v\u00e5pen og barnelignende sexdukker.<\/p>\n<p>Etter \u00e5 ha utestengt tredjepartsselgere har Shein f\u00e5tt fortsette driften, men <a href=\"https:\/\/www.finansavisen.no\/handel\/2025\/11\/08\/8305938\/solgte-barnelignende-sexdukker-far-fortsette-under-noye-overvakning\" target=\"_blank\" rel=\"nofollow noopener\">under n\u00f8ye overv\u00e5kning fra franske myndigheter<\/a>.<\/p>\n","protected":false},"excerpt":{"rendered":"Philippe Palazzi, konsernsjef i den franske supermarkedskjeden Casino, mener kinesiske Shein og Temu b\u00f8r stoppes fra \u00e5 selge&hellip;\n","protected":false},"author":2,"featured_media":96438,"comment_status":"","ping_status":"","sticky":false,"template":"","format":"standard","meta":{"footnotes":""},"categories":[56],"tags":[60,61,62,30,28,29],"class_list":{"0":"post-96437","1":"post","2":"type-post","3":"status-publish","4":"format-standard","5":"has-post-thumbnail","7":"category-naeringsliv","8":"tag-business","9":"tag-economy","10":"tag-naeringsliv","11":"tag-no","12":"tag-norge","13":"tag-norway"},"share_on_mastodon":{"url":"https:\/\/pubeurope.com\/@no\/115611327753390442","error":""},"_links":{"self":[{"href":"https:\/\/www.europesays.com\/no\/wp-json\/wp\/v2\/posts\/96437","targetHints":{"allow":["GET"]}}],"collection":[{"href":"https:\/\/www.europesays.com\/no\/wp-json\/wp\/v2\/posts"}],"about":[{"href":"https:\/\/www.europesays.com\/no\/wp-json\/wp\/v2\/types\/post"}],"author":[{"embeddable":true,"href":"https:\/\/www.europesays.com\/no\/wp-json\/wp\/v2\/users\/2"}],"replies":[{"embeddable":true,"href":"https:\/\/www.europesays.com\/no\/wp-json\/wp\/v2\/comments?post=96437"}],"version-history":[{"count":0,"href":"https:\/\/www.europesays.com\/no\/wp-json\/wp\/v2\/posts\/96437\/revisions"}],"wp:featuredmedia":[{"embeddable":true,"href":"https:\/\/www.europesays.com\/no\/wp-json\/wp\/v2\/media\/96438"}],"wp:attachment":[{"href":"https:\/\/www.europesays.com\/no\/wp-json\/wp\/v2\/media?parent=96437"}],"wp:term":[{"taxonomy":"category","embeddable":true,"href":"https:\/\/www.europesays.com\/no\/wp-json\/wp\/v2\/categories?post=96437"},{"taxonomy":"post_tag","embeddable":true,"href":"https:\/\/www.europesays.com\/no\/wp-json\/wp\/v2\/tags?post=96437"}],"curies":[{"name":"wp","href":"https:\/\/api.w.org\/{rel}","templated":true}]}}