{"id":96452,"date":"2025-11-25T16:57:12","date_gmt":"2025-11-25T16:57:12","guid":{"rendered":"https:\/\/www.europesays.com\/no\/96452\/"},"modified":"2025-11-25T16:57:12","modified_gmt":"2025-11-25T16:57:12","slug":"5-utdodde-dyr-som-forskere-onsker-a-vekke-til-live-igjen","status":"publish","type":"post","link":"https:\/\/www.europesays.com\/no\/96452\/","title":{"rendered":"5 utd\u00f8dde dyr som forskere \u00f8nsker \u00e5 vekke til live igjen"},"content":{"rendered":"<p>Rovdyr som skal formes fra en liten mus<\/p>\n<p><strong>Arten:<\/strong> Pungulven, Thylacinus cynocephalus, var et om lag 60 centimeter h\u00f8yt rovdyr som ble utryddet av mennesker p\u00e5 1900-tallet.<\/p>\n<p><strong>Utfordringer:<\/strong> Pungulven, ogs\u00e5 kjent som tasmansk tiger, m\u00e5 gjenskapes ved \u00e5 rekonstruere den n\u00e6rmeste n\u00e5levende slektning, pungspissmus. Dette vil imidlertid kreve mange genendringer, siden musen p\u00e5 15 gram ikke ligner p\u00e5 den utd\u00f8dde slektningen i det hele tatt. Colossal m\u00e5 ogs\u00e5 utvikle en kunstig pung som pungulven kan vokse i, siden pungen til musen er for liten.<\/p>\n<p><strong>Tidsplan:<\/strong> Colossal forventer at pungulven kommer tilbake mellom 2028 og 2032.<\/p>\n","protected":false},"excerpt":{"rendered":"Rovdyr som skal formes fra en liten mus Arten: Pungulven, Thylacinus cynocephalus, var et om lag 60 centimeter&hellip;\n","protected":false},"author":2,"featured_media":96453,"comment_status":"","ping_status":"","sticky":false,"template":"","format":"standard","meta":{"footnotes":""},"categories":[57],"tags":[30,28,29,65,63,64,66,70,69,67,68],"class_list":{"0":"post-96452","1":"post","2":"type-post","3":"status-publish","4":"format-standard","5":"has-post-thumbnail","7":"category-vitenskap-og-teknologi","8":"tag-no","9":"tag-norge","10":"tag-norway","11":"tag-science","12":"tag-science-and-technology","13":"tag-scienceandtechnology","14":"tag-technology","15":"tag-teknologi","16":"tag-vitenskap","17":"tag-vitenskap-og-teknologi","18":"tag-vitenskapteknologi"},"share_on_mastodon":{"url":"https:\/\/pubeurope.com\/@no\/115611398611902453","error":""},"_links":{"self":[{"href":"https:\/\/www.europesays.com\/no\/wp-json\/wp\/v2\/posts\/96452","targetHints":{"allow":["GET"]}}],"collection":[{"href":"https:\/\/www.europesays.com\/no\/wp-json\/wp\/v2\/posts"}],"about":[{"href":"https:\/\/www.europesays.com\/no\/wp-json\/wp\/v2\/types\/post"}],"author":[{"embeddable":true,"href":"https:\/\/www.europesays.com\/no\/wp-json\/wp\/v2\/users\/2"}],"replies":[{"embeddable":true,"href":"https:\/\/www.europesays.com\/no\/wp-json\/wp\/v2\/comments?post=96452"}],"version-history":[{"count":0,"href":"https:\/\/www.europesays.com\/no\/wp-json\/wp\/v2\/posts\/96452\/revisions"}],"wp:featuredmedia":[{"embeddable":true,"href":"https:\/\/www.europesays.com\/no\/wp-json\/wp\/v2\/media\/96453"}],"wp:attachment":[{"href":"https:\/\/www.europesays.com\/no\/wp-json\/wp\/v2\/media?parent=96452"}],"wp:term":[{"taxonomy":"category","embeddable":true,"href":"https:\/\/www.europesays.com\/no\/wp-json\/wp\/v2\/categories?post=96452"},{"taxonomy":"post_tag","embeddable":true,"href":"https:\/\/www.europesays.com\/no\/wp-json\/wp\/v2\/tags?post=96452"}],"curies":[{"name":"wp","href":"https:\/\/api.w.org\/{rel}","templated":true}]}}