{"id":96461,"date":"2025-11-25T17:02:18","date_gmt":"2025-11-25T17:02:18","guid":{"rendered":"https:\/\/www.europesays.com\/no\/96461\/"},"modified":"2025-11-25T17:02:18","modified_gmt":"2025-11-25T17:02:18","slug":"amorim-gjorde-noe-han-ikke-hadde-gjort-tidligere-i-2025-26-sesongen","status":"publish","type":"post","link":"https:\/\/www.europesays.com\/no\/96461\/","title":{"rendered":"Amorim gjorde noe han ikke hadde gjort tidligere i 2025\/26-sesongen"},"content":{"rendered":"<p>        Martin Rickett &#8211; PA Images\n    <\/p>\n<p>Mandag tapte Manchester United 0-1 p\u00e5 s\u00e6rdeles skuffende vis mot Everton.\u00a0<\/p>\n<p>Everton ble tidlig redusert til ti mann etter at Idrissa Gueye p\u00e5 absurd vis endte opp med \u00e5 sl\u00e5 ex-red Michael Keane, men United havnet likevel under, og slo aldri tilbake.<\/p>\n<p>R\u00faben Amorim gjorde flere bytter i h\u00e5p om \u00e5 f\u00e5 i stand en snuoperasjon, men lyktes ikke med det denne gangen.\u00a0<\/p>\n<p>                Black Week: F\u00e5 med deg alt for kun 1 kr!<\/p>\n<ul>\n<li>Tilgang til alt innhold p\u00e5 united.no<\/li>\n<li>Tilgang til podkasten Uno+<\/li>\n<li>Billetter og turer til Old Trafford<\/li>\n<li>Gode rabatter i nettbutikken<\/li>\n<li>Medlemspris p\u00e5 Viaplay Total<\/li>\n<\/ul>\n<p class=\"price_description\">Kun 1 kr ut \u00e5ret. Fornyes deretter til 350kr\/\u00e5r<\/p>\n<p>\n                    <a href=\"https:\/\/api.united.no\/paywall\/order?providerUrl=https%3A%2F%2Fminside.united.no%2Fno%2Fcheckout%2Fblackweek-unitedmedlemskap&amp;siteAlias=united&amp;&amp;siteId=2&amp;contentUrl=https%3A%2F%2Fwww.united.no%2Fnyheter%2Famorim-gjorde-noe-han-ikke-hadde-gjort-tidligere-i-2025%2F26-sesongen%2F1405466\" rel=\"nofollow noopener\" target=\"_blank\">Bli medlem n\u00e5<\/a>\n                <\/p>\n","protected":false},"excerpt":{"rendered":"Martin Rickett &#8211; PA Images Mandag tapte Manchester United 0-1 p\u00e5 s\u00e6rdeles skuffende vis mot Everton.\u00a0 Everton ble&hellip;\n","protected":false},"author":2,"featured_media":96462,"comment_status":"","ping_status":"","sticky":false,"template":"","format":"standard","meta":{"footnotes":""},"categories":[59],"tags":[30,28,29,83,82],"class_list":{"0":"post-96461","1":"post","2":"type-post","3":"status-publish","4":"format-standard","5":"has-post-thumbnail","7":"category-sport","8":"tag-no","9":"tag-norge","10":"tag-norway","11":"tag-sport","12":"tag-sports"},"share_on_mastodon":{"url":"https:\/\/pubeurope.com\/@no\/115611418350778014","error":""},"_links":{"self":[{"href":"https:\/\/www.europesays.com\/no\/wp-json\/wp\/v2\/posts\/96461","targetHints":{"allow":["GET"]}}],"collection":[{"href":"https:\/\/www.europesays.com\/no\/wp-json\/wp\/v2\/posts"}],"about":[{"href":"https:\/\/www.europesays.com\/no\/wp-json\/wp\/v2\/types\/post"}],"author":[{"embeddable":true,"href":"https:\/\/www.europesays.com\/no\/wp-json\/wp\/v2\/users\/2"}],"replies":[{"embeddable":true,"href":"https:\/\/www.europesays.com\/no\/wp-json\/wp\/v2\/comments?post=96461"}],"version-history":[{"count":0,"href":"https:\/\/www.europesays.com\/no\/wp-json\/wp\/v2\/posts\/96461\/revisions"}],"wp:featuredmedia":[{"embeddable":true,"href":"https:\/\/www.europesays.com\/no\/wp-json\/wp\/v2\/media\/96462"}],"wp:attachment":[{"href":"https:\/\/www.europesays.com\/no\/wp-json\/wp\/v2\/media?parent=96461"}],"wp:term":[{"taxonomy":"category","embeddable":true,"href":"https:\/\/www.europesays.com\/no\/wp-json\/wp\/v2\/categories?post=96461"},{"taxonomy":"post_tag","embeddable":true,"href":"https:\/\/www.europesays.com\/no\/wp-json\/wp\/v2\/tags?post=96461"}],"curies":[{"name":"wp","href":"https:\/\/api.w.org\/{rel}","templated":true}]}}