{"id":96467,"date":"2025-11-25T17:06:14","date_gmt":"2025-11-25T17:06:14","guid":{"rendered":"https:\/\/www.europesays.com\/no\/96467\/"},"modified":"2025-11-25T17:06:14","modified_gmt":"2025-11-25T17:06:14","slug":"gikk-undercover-med-propalestinske-aktivister","status":"publish","type":"post","link":"https:\/\/www.europesays.com\/no\/96467\/","title":{"rendered":"Gikk undercover med propalestinske aktivister"},"content":{"rendered":"<p>                    <img decoding=\"async\" src=\"https:\/\/www.europesays.com\/no\/wp-content\/uploads\/2025\/11\/Skjermbilde-2025-11-24-kl.-15.47.16-1024x663.png\"  alt=\"\"\/><\/p>\n<p class=\"lead\">Den franske forfatteren og journalisten Nora Bussigny, opprinnelig fra Marokko, bestemte seg for \u00e5 g\u00e5 undercover blant propalestinske aktivister etter terrorangrepet mot Israel 7. oktober 2023. Her m\u00f8tte hun en allianse mellom islamister og ytre venstre. N\u00e5 har &laquo;m\u00f8tet&raquo; blitt en ny bok.\u00a0<\/p>\n<p class=\"ArticleBody_paragraphNode__womVb\">I boken \u00abDe nye antisemittene\u00bb, utgitt i september og som har skapt opphetet debatt i Frankrike, forteller Nora Bussigny om sine urovekkende opplevelser som undercoverjournalist ved propalestinske demonstrasjoner, forelesninger p\u00e5 universiteter og i lukkede gruppechatter for propalestinske aktivister, melder <a href=\"https:\/\/www.berlingske.dk\/synspunkter\/hun-gik-undercover-blandt-palaestinaaktivister--og-stoedte-paa-en-ny-alliance-mellem-islamister-og-den-yderste-venstrefloej\" target=\"_blank\" rel=\"noopener nofollow\">Berlingske<\/a>.<\/p>\n<p class=\"ArticleBody_paragraphNode__womVb\">Her har hun v\u00e6rt vitne til det hun mener er en tvilsom forbr\u00f8dring mellom progressive venstreorienterte aktivister og terrorsympatiserende islamister, som finner sammen i hat mot den felles fienden.<\/p>\n<p class=\"ArticleBody_paragraphNode__womVb\" style=\"padding-left: 40px;\">\u00a0\u2013 M\u00e5let til disse grupperinger og organisasjonene er \u00e5 skape en intifada p\u00e5 campusene: \u00c5 radikalisere studentene, sier hun, og fortsetter:<\/p>\n<p class=\"ArticleBody_paragraphNode__womVb\" style=\"padding-left: 40px;\">\u00a0\u2013 De \u00abnye antisemittene\u00bb reproduserer oftest velkjente stereotypier om j\u00f8den som \u00abden manipulerende sionisten\u00bb som korrumperer demokratiet og trekker i tr\u00e5dene bak i kulissene.<\/p>\n<p>Radikalisering<\/p>\n<p class=\"ArticleBody_paragraphNode__womVb\">Det er f\u00f8rst og fremst sosiale medier som gj\u00f8r radikale stemmer i stand til \u00e5 utnytte legitim empati med den palestinske sivilbefolkningen til \u00e5 radikalisere de yngre generasjonene av franske f\u00f8rstegangsvelgere, mener Bussigny.<\/p>\n<p style=\"padding-left: 40px;\">\u00a0\u2013 Man ser hvordan innhold som st\u00f8tter Hamas blir likt, og franske grupper som st\u00f8tter Hamas f\u00e5r titusenvis av likerklikk p\u00e5 sosiale medier, der influensere spesielt retter seg mot unge mennesker.<\/p>\n<p class=\"ArticleBody_paragraphNode__womVb\">Bussigny har med egne \u00f8yne sett hvordan det propalestinske nettverket <a href=\"https:\/\/samidoun.net\/about-samidoun\/\" target=\"_blank\" rel=\"noopener nofollow\">Samidoun<\/a> ved flere anledninger har tatt kontroll over demonstrasjoner organisert av feministiske venstreorienterte aktivister til fordel for Gaza.<\/p>\n<p class=\"ArticleBody_paragraphNode__womVb\" style=\"padding-left: 40px;\">\u00a0\u2013 Samidoun har gjemt seg bak et feministiske perspektiv. De har kastet ut j\u00f8diske og ogs\u00e5 iranske aktivister som kom for \u00e5 kritisere Den islamske republikken Iran. Dette fordi de ville delta for \u00e5 gi en stemme til de israelske kvinnene som ble voldtatt 7. oktober. Men de ble beskyldt for \u00e5 v\u00e6re sionister \u2013 og dermed fascister, sier hun.<\/p>\n<p>If\u00f8lge Bussigny er Samidoun en \u00abfrontorganisasjon\u00bb for PFLP, den palestinske terrororganisasjonen som blant annet utf\u00f8rte flykapringer og terrorangrep p\u00e5 1970-tallet.\u00a0PFLP deltok i terrorangrepet p\u00e5 Israel 7. oktober og st\u00e5r p\u00e5 terrorlisten i EU, USA, Storbritannia\u00a0og\u00a0Canada, mens Samidoun er forbudt i Canada og Tyskland, og overv\u00e5kes av amerikanske myndigheter som en organisasjon mistenkt for terrorfinansiering.<\/p>\n<p class=\"ArticleBody_paragraphNode__womVb\">Mannen bak Samidoun er den palestinsk-kanadiske aktivisten Khaled Barakat, som er tilknyttet PFLP.<\/p>\n<p>Drivkraften er hat<\/p>\n<p class=\"ArticleBody_paragraphNode__womVb\">N\u00e5r progressive krefter kan gj\u00f8re felles sak med terrorsympatis\u00f8rer og islamister skyldes det at begge gruppene tolker Hamas-terrorangrepet som et oppgj\u00f8r med vestlig kolonialisme, if\u00f8lge Bussigny.<\/p>\n<p class=\"ArticleBody_paragraphNode__womVb\">Det radikale budskapet har s\u00e6rlig f\u00e5tt gjennomslag i Frankrikes venstreradikale og venstrepopulistiske parti, <a href=\"https:\/\/snl.no\/La_France_insoumise\" target=\"_blank\" rel=\"noopener nofollow\">La France insoumise<\/a> (Det ukuelige Frankrike).\u00a0La France insoumise er en del av valgalliansen Nouveau Front Populaire, som if\u00f8lge\u00a0<a class=\"sp_article_link\" href=\"https:\/\/www.politico.eu\/europe-poll-of-polls\/france\/\" target=\"_blank\" rel=\"noopener nofollow\" data-k5a-pos=\"article_link_8\">n\u00e5v\u00e6rende meningsm\u00e5linger<\/a>\u00a0vil ha litt over 24 prosent av stemmene n\u00e5r Frankrike avholder b\u00e5de kommune- og presidentvalg neste \u00e5r.<\/p>\n<p class=\"ArticleBody_paragraphNode__womVb\">If\u00f8lge en unders\u00f8kelse utf\u00f8rt av Ipsos for avisen\u00a0<a class=\"sp_article_link\" href=\"https:\/\/www.lemonde.fr\/politique\/article\/2024\/08\/30\/enquete-electorale-la-france-insoumise-s-abime-le-rassemblement-national-resiste_6299023_823448.html?utm_source=chatgpt.com\" target=\"_blank\" rel=\"noopener nofollow\" data-k5a-pos=\"article_link_9\">Le Monde<\/a> i august 2024, er partiet mest popul\u00e6rt blant unge mennesker mellom 18 og 24 \u00e5r og blant muslimer i Frankrike (som det begynner \u00e5 bli mange av).<\/p>\n<p class=\"ArticleBody_paragraphNode__womVb\" style=\"padding-left: 40px;\">\u00a0\u2013 Drivkraften hos aktivistene som st\u00f8tter La France insoumise, og noen av partiets representanter, er hat mot sionister. Til syvende og sist kan vi tydelig se at det handler om et hat mot j\u00f8der, fordi de forveksler de som st\u00f8tter Israel med dem som st\u00f8tter Netanyahu. De skiller ikke i det hele tatt, sier Bussigny.<\/p>\n<p class=\"ArticleBody_paragraphNode__womVb\">Hun har selv deltatt i propalestinske demonstrasjoner organisert av La France insoumise og organisasjonen Urgence Palestine (som ble grunnlagt av aktivisten Omar Al-Soumi dagen etter terrorangrepet i Israel).<\/p>\n<p class=\"ArticleBody_paragraphNode__womVb\" style=\"padding-left: 40px;\">\u00a0\u2013 I alle demonstrasjonene jeg har infiltrert, var det nesten alltid folkevalgte representanter fra La France insoumise. Selv n\u00e5r aktivistene ropte ut sin st\u00f8tte til Hamas eller oppfordret til en \u00abAl-Aqsa-syndflod\u00bb i Frankrike, sjenerte det ingen av de folkevalgte, sier Bussigny, med henvisning til Hamas\u2019 egen betegnelse p\u00e5 terrorangrepet 7. oktober 2023.<\/p>\n<p>Her p\u00e5 berget vet vi jo hvilke politiske partier som rimelig betingelsesl\u00f8st st\u00f8tter opp om de propalestinske aktivistene.<\/p>\n<p>Vet ikke hva sionisme er<\/p>\n<p>Franske politikere er stadig mer bevisste p\u00e5 alliansen mellom den politiske venstresiden og radikale propalestinske grupper.<\/p>\n<p>I april kunngjorde den franske innenriksministeren Bruno Retailleau at regjeringen jobber for \u00e5 forby Urgence Palestine p\u00e5 grunn av gruppens \u00abpropaganda for en terrororganisasjon som Hamas og oppfordringer til en intifada p\u00e5 fransk territorium og oppfordring til hat, vold eller diskriminering av j\u00f8der\u00bb, melder Berlingske.<\/p>\n<p>Aktivistene p\u00e5 sin side hevder at de blir politisk forfulgt for \u00e5 ford\u00f8mme et p\u00e5st\u00e5tt folkemord i Gaza, forteller Bussigny. Men de blir straffeforfulgt fordi de st\u00f8tter terrorisme. \u00abDette er slett ikke det samme som politisk forf\u00f8lgelse, men de pr\u00f8ver \u00e5 fremstille seg selv som ofre, som martyrer\u00bb, fastsl\u00e5r hun. Det minner oss om n\u00e5r de propalestinske aktivistene gikk etter Sylvi Listhaug (FrP) i Oslos gater \u2013 og ble frikjent for det i retten etter at PST anla sak. <a href=\"https:\/\/www.rights.no\/2025\/04\/anker-dommen-mot-de-tre-kvinnene-som-ble-frikjent\/\" target=\"_blank\" rel=\"noopener nofollow\">Frikjennelsen er anket.\u00a0<\/a><\/p>\n<p>Bussigny forteller videre at hun har v\u00e6rt p\u00e5 mange demonstrasjoner der folk ropte \u00absionister, fascister, dere er terrorister\u00bb.<\/p>\n<p style=\"padding-left: 40px;\">\u00a0\u2013 N\u00e5r jeg lot som jeg ikke visste hva sionist betyr, ble jeg hver gang fortalt at en sionist er \u00e9n som st\u00f8tter Netanyahu. De kan ikke engang definere hva sionisme er.<\/p>\n<p>J\u00f8dene drar<\/p>\n<p>N\u00e5 er det ikke f\u00f8rste gangen Nora Bussigny er lagt for hat fra ytre venstre. I 2022 ga hun ut boken \u00abDe nye inkvisitorene\u00bb om den utbredte sosiale kontrollen og intoleransen og tankepolitiet som i hennes \u00f8yne trivdes godt blant identitetspolitiske aktivister i Frankrike. Ogs\u00e5 den gangen gikk hun undercover, da i de radikaliserte universitetsmilj\u00f8ene og ble m\u00f8tt med sinne fra den ytre venstre.<\/p>\n<p class=\"ArticleBody_paragraphNode__womVb\">Etter angrepet p\u00e5 Israel i 2023 vendte hun tilbake til akademia for \u00e5 se n\u00e6rmere p\u00e5 studentgruppen Students for Justice in Palestine ved Columbia University i New York.<\/p>\n<p class=\"ArticleBody_paragraphNode__womVb\" style=\"padding-left: 40px;\">\u00a0\u2013 Jeg fant ut at de til og med hadde arrangert en videokonferanse med en terrorist fra PFLP i Palestina, som gratulerte studentene og oppmuntret dem til \u00e5 fortsette sin aktivisme.<\/p>\n<p class=\"ArticleBody_paragraphNode__womVb\">N\u00e5 har hun igjen f\u00e5tt voldsomme reaksjoner etter \u00e5 ha boret i alliansen mellom den ytre venstresiden og terrorsympatis\u00f8rer og islamister.\u00a0Det faktum at hun selv har marokkansk bakgrunn og har en rekke muslimske familiemedlemmer, har ikke hindret henne i \u00e5 bli stemplet som en \u00absionistisk h\u00e5ndlanger\u00bb. Hun har mottatt en rekke d\u00f8dstrusler, blitt utsatt for systematisk trakassering p\u00e5 internett og anklaget for \u00e5 v\u00e6re medskyldig i folkemord.<\/p>\n<p>Mens radikalt tankegods vinner terreng i Frankrike, vender tusenvis av j\u00f8der ryggen til Frankrike.\u00a0Et\u00a0<a class=\"sp_article_link\" href=\"https:\/\/www.aa.com.tr\/en\/europe\/more-and-more-jews-leaving-france-due-to-anti-semitism\/2651089?utm_source=chatgpt.com\" target=\"_blank\" rel=\"noopener nofollow\" data-k5a-pos=\"article_link_11\">\u00f8kende antall franske j\u00f8der har s\u00f8kt om israelsk statsborgerskap de siste ti\u00e5rene<\/a> p\u00e5 grunn av \u00f8kende antisemittisme. Bare i 2021 registrerte franske myndigheter 1.659 saker om hatkriminalitet, hvorav 589 var rettet mot j\u00f8der, 213 mot muslimer og 857 mot kristne.\u00a0I 2024 rapporterte avisen\u00a0<a class=\"sp_article_link\" href=\"https:\/\/www.lemonde.fr\/en\/france\/article\/2024\/09\/25\/for-french-jews-everything-has-changed-since-october-7_6727247_7.html?utm_source=chatgpt.com\" target=\"_blank\" rel=\"noopener nofollow\" data-k5a-pos=\"article_link_12\">Le Monde<\/a> at 1.660 franske j\u00f8der hadde forlatt Frankrike for \u00e5 bli israelske statsborgere i l\u00f8pet av de f\u00f8rste ti m\u00e5nedene etter terrorangrepet p\u00e5 Israel 7. oktober 2023.<\/p>\n<p>Det er helt ufattelig at dette f\u00e5r foreg\u00e5 i Europa i 2025.<\/p>\n<p>Du kan st\u00f8tte HRS ved \u00e5 <strong>dele artikkelen<\/strong>, ved \u00e5 <strong>f\u00f8lge oss p\u00e5 Facebook<\/strong> og ved \u00e5 <strong><a href=\"https:\/\/www.rights.no\/gi-stotte\/\" rel=\"nofollow noopener\" target=\"_blank\">gi en gave<\/a><\/strong>. Vises ikke artiklene v\u00e5re i Facebook nyhetsstr\u00f8mmen din? Se <a href=\"https:\/\/www.rights.no\/vart-innhold-pa-facebook\/\" rel=\"nofollow noopener\" target=\"_blank\">her<\/a> for mer informasjon.<\/p>\n","protected":false},"excerpt":{"rendered":"Den franske forfatteren og journalisten Nora Bussigny, opprinnelig fra Marokko, bestemte seg for \u00e5 g\u00e5 undercover blant propalestinske&hellip;\n","protected":false},"author":2,"featured_media":96468,"comment_status":"","ping_status":"","sticky":false,"template":"","format":"standard","meta":{"footnotes":""},"categories":[12],"tags":[20,21,24,25,15,22,23,13,30,28,29,14,16,26,27,42,43,44,45],"class_list":{"0":"post-96467","1":"post","2":"type-post","3":"status-publish","4":"format-standard","5":"has-post-thumbnail","7":"category-verden","8":"tag-breaking-news","9":"tag-breakingnews","10":"tag-featured-news","11":"tag-featurednews","12":"tag-headlines","13":"tag-latest-news","14":"tag-latestnews","15":"tag-news","16":"tag-no","17":"tag-norge","18":"tag-norway","19":"tag-nyheter","20":"tag-overskrifter","21":"tag-top-stories","22":"tag-topstories","23":"tag-verden","24":"tag-world","25":"tag-world-news","26":"tag-worldnews"},"share_on_mastodon":{"url":"https:\/\/pubeurope.com\/@no\/115611434077719769","error":""},"_links":{"self":[{"href":"https:\/\/www.europesays.com\/no\/wp-json\/wp\/v2\/posts\/96467","targetHints":{"allow":["GET"]}}],"collection":[{"href":"https:\/\/www.europesays.com\/no\/wp-json\/wp\/v2\/posts"}],"about":[{"href":"https:\/\/www.europesays.com\/no\/wp-json\/wp\/v2\/types\/post"}],"author":[{"embeddable":true,"href":"https:\/\/www.europesays.com\/no\/wp-json\/wp\/v2\/users\/2"}],"replies":[{"embeddable":true,"href":"https:\/\/www.europesays.com\/no\/wp-json\/wp\/v2\/comments?post=96467"}],"version-history":[{"count":0,"href":"https:\/\/www.europesays.com\/no\/wp-json\/wp\/v2\/posts\/96467\/revisions"}],"wp:featuredmedia":[{"embeddable":true,"href":"https:\/\/www.europesays.com\/no\/wp-json\/wp\/v2\/media\/96468"}],"wp:attachment":[{"href":"https:\/\/www.europesays.com\/no\/wp-json\/wp\/v2\/media?parent=96467"}],"wp:term":[{"taxonomy":"category","embeddable":true,"href":"https:\/\/www.europesays.com\/no\/wp-json\/wp\/v2\/categories?post=96467"},{"taxonomy":"post_tag","embeddable":true,"href":"https:\/\/www.europesays.com\/no\/wp-json\/wp\/v2\/tags?post=96467"}],"curies":[{"name":"wp","href":"https:\/\/api.w.org\/{rel}","templated":true}]}}