{"id":96475,"date":"2025-11-25T17:10:17","date_gmt":"2025-11-25T17:10:17","guid":{"rendered":"https:\/\/www.europesays.com\/no\/96475\/"},"modified":"2025-11-25T17:10:17","modified_gmt":"2025-11-25T17:10:17","slug":"ektemannen-til-merete-mork-lingjaerde-flyttet-inn-to-dager-etter-deres-forste-date","status":"publish","type":"post","link":"https:\/\/www.europesays.com\/no\/96475\/","title":{"rendered":"Ektemannen til Merete M\u00f8rk Lingj\u00e6rde flyttet inn to dager etter deres f\u00f8rste date"},"content":{"rendered":"<p class=\"kicker t20\" style=\"\">Merete M\u00f8rk Lingj\u00e6re:<\/p>\n<p>  \u00abSkal vi Danse\u00bb-dommer Merete M\u00f8rk Lingj\u00e6rde avsl\u00f8rer at ting gikk raskt da hun traff sin Anders.<\/p>\n<p>\n    FLYTTET INN FORT: Forholdet utviklet seg i h\u00f8yt tempo fra og med f\u00f8rste m\u00f8te. Etter bare noen dager ble Merete M\u00f8rk Lingj\u00e6rde og Anders Lingj\u00e6rde M\u00f8rk samboere. Foto: Andreas Fadum\n  <\/p>\n<p> Ting gikk fort for \u00abSkal vi danse\u00bb-dommeren Merete M\u00f8rk Lingj\u00e6rde (63) og ektemannen Anders Lingj\u00e6rde M\u00f8rk (60) da de f\u00f8rst ble kjent. Under pandemien i 2020 m\u00f8ttes ektefellene gjennom Tinder.\u00a0<\/p>\n<p>          <img loading=\"lazy\" decoding=\"async\" src=\"https:\/\/www.europesays.com\/no\/wp-content\/uploads\/2025\/11\/83894052.webp\" width=\"686\" height=\"392\" title=\"GIFT: Ekteparet giftet seg sommeren i 2021, og forelskelsen stormer enda den dag i dag. Foto: Morten Eik\" alt=\"\" class=\"\" style=\"--aspect-ratio-image: 1.75; \"\/><\/p>\n<p>\n          GIFT: Ekteparet giftet seg sommeren i 2021, og forelskelsen stormer enda den dag i dag. Foto: Morten Eik\n      <\/p>\n<p>Bare to dager etter deres f\u00f8rste date ble de samboere. Han flyttet inn til henne, og \u00e5ret etter giftet de seg og tok hverandres navn.<\/p>\n<p> &#8211; Vi er klissete forelsket! Vi er s\u00e5 samstemte, og det blir bare bedre og bedre. Alle skulle hatt en Anders i livet, forteller hun til\u00a0<a href=\"https:\/\/www.klikk.no\/underholdning\/merete-mork-lingjaerde-og-mannen-flyttet-sammen-etter-2-dager-7572940\" target=\"_blank\" rel=\"nofollow noopener\">Her og N\u00e5<\/a>. <\/p>\n<p>    <a itemprop=\"url\" href=\"https:\/\/www.seher.no\/kjendis\/jeg-angret-ganske-fort\/71549563\" rel=\"nofollow noopener\" target=\"_blank\"><\/p>\n<p>      <img loading=\"lazy\" decoding=\"async\" src=\"https:\/\/www.europesays.com\/no\/wp-content\/uploads\/2025\/11\/71549585.webp\" width=\"980\" height=\"441\" title=\"- Jeg angret ganske fort\" alt=\"\" class=\"lazyload\" style=\"--aspect-ratio-image: 2.22; \"\/><\/p>\n<p>        &#8211; Jeg angret ganske fort<\/p>\n<p>    <\/a><\/p>\n<p> Etter et \u00e5rs \u00abSkal vi danse\u00bb-pause, var Merete M\u00f8rk Lingj\u00e6rde (63) den eneste veteranen som returnerte til dommerpanelet. Gjennom sine ti \u00e5r som dansedommer har hun f\u00e5tt rykte p\u00e5 seg for \u00e5 v\u00e6re streng.<\/p>\n<p>        SJOKKERT: Trygve Bennetsen r\u00f8pet seg om at Sophie Elise var p\u00e5 et annet opptak, da f\u00f8rste episode av \u00abMaskorama\u00bb ble sendt. Video: Nora Skavhaug\/R\u00f8d l\u00f8per. Reporter: Thea Hope\/R\u00f8d l\u00f8per<\/p>\n<p>&#8211; Jeg kan v\u00e6re ganske bestemt og rett frem, men jeg mener selv at jeg er mildere enn det virker, selv om jeg skj\u00f8nner at folk ikke ser det. N\u00e5r jeg blir veldig engasjert, kan jeg virke streng, sier Lingj\u00e6rde til <a href=\"https:\/\/www.klikk.no\/underholdning\/merete-mork-lingjaerde-og-mannen-flyttet-sammen-etter-2-dager-7572940\" target=\"_blank\" rel=\"nofollow noopener\">Her og N\u00e5<\/a>.<\/p>\n<p>          <img loading=\"lazy\" decoding=\"async\" src=\"https:\/\/www.europesays.com\/no\/wp-content\/uploads\/2025\/11\/83866915.webp\" width=\"980\" height=\"559\" title=\"DOMMERE: Mens Lingj\u00e6rde er godt etablert i dommerstolen, er resten av dommerpanelet i \u00e5rets sesong helt ferske. Foto: Thomas Andersen \/ TV 2\" alt=\"\" class=\"\" style=\"--aspect-ratio-image: 1.75; \"\/><\/p>\n<p>\n          DOMMERE: Mens Lingj\u00e6rde er godt etablert i dommerstolen, er resten av dommerpanelet i \u00e5rets sesong helt ferske. Foto: Thomas Andersen \/ TV 2\n      <\/p>\n<p> Hun innr\u00f8mmer at hun f\u00e5r d\u00e5rlig samvittighet n\u00e5r hun ser at deltakere blir lei seg av tilbakemeldingene hennes. Da er det godt \u00e5 ha en st\u00f8ttende ektemann hjemme. <\/p>\n<p>    <a itemprop=\"url\" href=\"https:\/\/www.seher.no\/kjendis\/kjenner-du-igjen-skal-vi-danse-dommerne\/68844192\" rel=\"nofollow noopener\" target=\"_blank\"><\/p>\n<p>      <img loading=\"lazy\" decoding=\"async\" src=\"https:\/\/www.europesays.com\/no\/wp-content\/uploads\/2025\/11\/68844240.webp\" width=\"980\" height=\"441\" title=\"Kjenner du igjen \u00abSkal vi danse\u00bb-dommerne?\" alt=\"\" class=\"lazyload\" style=\"--aspect-ratio-image: 2.22; \"\/><\/p>\n<p>        Kjenner du igjen \u00abSkal vi danse\u00bb-dommerne?<\/p>\n<p>    <\/a><\/p>\n<p> Tidligere i \u00e5r fortalte Lingj\u00e6rde til\u00a0<a href=\"https:\/\/www.seher.no\/kjendis\/fant-lykken-pa-tinder\/83817538\" target=\"_blank\" rel=\"nofollow noopener\">Se og H\u00f8r<\/a>\u00a0at ektemannen er fast inventar i salen under \u00abSkal vi danse\u00bb-sendingene: <\/p>\n<p>&#8211; Anders klarer ikke \u00e5 holde seg unna. Han elsker det, og kjenner meg s\u00e5 godt at han ofte gjetter poengene mine \u2013 og som regel har han rett, fortalte hun.<\/p>\n<p>          <img loading=\"lazy\" decoding=\"async\" src=\"https:\/\/www.europesays.com\/no\/wp-content\/uploads\/2025\/11\/83894048.webp\" width=\"686\" height=\"501\" title=\"MYK: Til tross for at hun som dommer kan fremst\u00e5 streng og skarp, er hun langt mykere hjemme med mannen. Foto: Andreas Fadum\" alt=\"\" class=\"\" style=\"--aspect-ratio-image: 1.37; \"\/><\/p>\n<p>\n          MYK: Til tross for at hun som dommer kan fremst\u00e5 streng og skarp, er hun langt mykere hjemme med mannen. Foto: Andreas Fadum\n      <\/p>\n<p>Lingj\u00e6rde \u00e5pnet seg ogs\u00e5 om at det var krevende \u00e5 v\u00e6re en kvinne i 60-\u00e5rene i en s\u00e5pass utseendefokusert bransje. TV-kamereane er n\u00e5del\u00f8se, og plukker opp alt av rynker og linjer.\u00a0<\/p>\n<p>        TAR OVER TIKTOK: Emilie Enger Mehl r\u00f8per hva hun syns om de virale \u00abSkal vi danse\u00bb-videoene av seg selv. Reporter: Sanne Holt\/ Karolina G. Rusov-Hansen. Video: TV 2\/ Tiktok @hallastalker\/ @lmd20055\/ @aylinbraathen<\/p>\n<p> &#8211; Jeg synes det er kult at de har med en kvinne over 60 i dommerpanelet. Merete er vakker akkurat som hun er, skyter ektemannen inn.<\/p>\n<p class=\"italic m-italic\" data-lab-italic=\"italic\">Merete M\u00f8rk Lingj\u00e6rde har ikke besvart Se og H\u00f8rs henvendelse enn\u00e5.<\/p>\n","protected":false},"excerpt":{"rendered":"Merete M\u00f8rk Lingj\u00e6re: \u00abSkal vi Danse\u00bb-dommer Merete M\u00f8rk Lingj\u00e6rde avsl\u00f8rer at ting gikk raskt da hun traff sin&hellip;\n","protected":false},"author":2,"featured_media":96476,"comment_status":"","ping_status":"","sticky":false,"template":"","format":"standard","meta":{"footnotes":""},"categories":[58],"tags":[71,479,2543,9574,30,28,29,2280,72],"class_list":{"0":"post-96475","1":"post","2":"type-post","3":"status-publish","4":"format-standard","5":"has-post-thumbnail","7":"category-underholdning","8":"tag-entertainment","9":"tag-kjendis","10":"tag-kjendisdesken","11":"tag-merete-lingjaerde","12":"tag-no","13":"tag-norge","14":"tag-norway","15":"tag-skal-vi-danse","16":"tag-underholdning"},"share_on_mastodon":{"url":"https:\/\/pubeurope.com\/@no\/115611449717623822","error":""},"_links":{"self":[{"href":"https:\/\/www.europesays.com\/no\/wp-json\/wp\/v2\/posts\/96475","targetHints":{"allow":["GET"]}}],"collection":[{"href":"https:\/\/www.europesays.com\/no\/wp-json\/wp\/v2\/posts"}],"about":[{"href":"https:\/\/www.europesays.com\/no\/wp-json\/wp\/v2\/types\/post"}],"author":[{"embeddable":true,"href":"https:\/\/www.europesays.com\/no\/wp-json\/wp\/v2\/users\/2"}],"replies":[{"embeddable":true,"href":"https:\/\/www.europesays.com\/no\/wp-json\/wp\/v2\/comments?post=96475"}],"version-history":[{"count":0,"href":"https:\/\/www.europesays.com\/no\/wp-json\/wp\/v2\/posts\/96475\/revisions"}],"wp:featuredmedia":[{"embeddable":true,"href":"https:\/\/www.europesays.com\/no\/wp-json\/wp\/v2\/media\/96476"}],"wp:attachment":[{"href":"https:\/\/www.europesays.com\/no\/wp-json\/wp\/v2\/media?parent=96475"}],"wp:term":[{"taxonomy":"category","embeddable":true,"href":"https:\/\/www.europesays.com\/no\/wp-json\/wp\/v2\/categories?post=96475"},{"taxonomy":"post_tag","embeddable":true,"href":"https:\/\/www.europesays.com\/no\/wp-json\/wp\/v2\/tags?post=96475"}],"curies":[{"name":"wp","href":"https:\/\/api.w.org\/{rel}","templated":true}]}}