{"id":96495,"date":"2025-11-25T17:29:09","date_gmt":"2025-11-25T17:29:09","guid":{"rendered":"https:\/\/www.europesays.com\/no\/96495\/"},"modified":"2025-11-25T17:29:09","modified_gmt":"2025-11-25T17:29:09","slug":"trafikk-e6-lastebil-har-veltet-nodetatene-rykker-ut","status":"publish","type":"post","link":"https:\/\/www.europesays.com\/no\/96495\/","title":{"rendered":"Trafikk, E6 | Lastebil har veltet: N\u00f8detatene rykker ut"},"content":{"rendered":"\n<p>Et tyngre kj\u00f8ret\u00f8y har veltet langs E6 nord for Setermoen. <\/p>\n<p>If\u00f8lge operasjonsleder Knut Slartmann i Troms politidistrikt er n\u00f8detatene p\u00e5 vei til stedet.<\/p>\n<p>\u2013 Det kan oppst\u00e5 k\u00f8er p\u00e5 stedet, sier han.<\/p>\n<p>Klokken 16.53 er politi og brannvesen fremme.<\/p>\n<p>\u2013 Det er ingen personskader og ingen lekkasjer. Det er snakk om en sivil lastebil. Bilberging er p\u00e5 vei til stedet.<\/p>\n<p>NB: Politiet meldte f\u00f8rst at kj\u00f8ret\u00f8yet tilh\u00f8rer Forsvaret. De presiserer i ettertid at det ikke er tilfelle og at det er en sivil lastebil.<\/p>\n<p>Vi kommer tilbake med mer.<\/p>\n","protected":false},"excerpt":{"rendered":"Et tyngre kj\u00f8ret\u00f8y har veltet langs E6 nord for Setermoen. If\u00f8lge operasjonsleder Knut Slartmann i Troms politidistrikt er&hellip;\n","protected":false},"author":2,"featured_media":2176,"comment_status":"","ping_status":"","sticky":false,"template":"","format":"standard","meta":{"footnotes":""},"categories":[10],"tags":[36,20,21,834,24,25,15,22,23,13,30,28,29,14,16,223,1510,26,27,224],"class_list":{"0":"post-96495","1":"post","2":"type-post","3":"status-publish","4":"format-standard","5":"has-post-thumbnail","7":"category-norge","8":"tag-art","9":"tag-breaking-news","10":"tag-breakingnews","11":"tag-e6","12":"tag-featured-news","13":"tag-featurednews","14":"tag-headlines","15":"tag-latest-news","16":"tag-latestnews","17":"tag-news","18":"tag-no","19":"tag-norge","20":"tag-norway","21":"tag-nyheter","22":"tag-overskrifter","23":"tag-samferdsel","24":"tag-story","25":"tag-top-stories","26":"tag-topstories","27":"tag-trafikk"},"share_on_mastodon":{"url":"https:\/\/pubeurope.com\/@no\/115611525183104681","error":""},"_links":{"self":[{"href":"https:\/\/www.europesays.com\/no\/wp-json\/wp\/v2\/posts\/96495","targetHints":{"allow":["GET"]}}],"collection":[{"href":"https:\/\/www.europesays.com\/no\/wp-json\/wp\/v2\/posts"}],"about":[{"href":"https:\/\/www.europesays.com\/no\/wp-json\/wp\/v2\/types\/post"}],"author":[{"embeddable":true,"href":"https:\/\/www.europesays.com\/no\/wp-json\/wp\/v2\/users\/2"}],"replies":[{"embeddable":true,"href":"https:\/\/www.europesays.com\/no\/wp-json\/wp\/v2\/comments?post=96495"}],"version-history":[{"count":0,"href":"https:\/\/www.europesays.com\/no\/wp-json\/wp\/v2\/posts\/96495\/revisions"}],"wp:featuredmedia":[{"embeddable":true,"href":"https:\/\/www.europesays.com\/no\/wp-json\/wp\/v2\/media\/2176"}],"wp:attachment":[{"href":"https:\/\/www.europesays.com\/no\/wp-json\/wp\/v2\/media?parent=96495"}],"wp:term":[{"taxonomy":"category","embeddable":true,"href":"https:\/\/www.europesays.com\/no\/wp-json\/wp\/v2\/categories?post=96495"},{"taxonomy":"post_tag","embeddable":true,"href":"https:\/\/www.europesays.com\/no\/wp-json\/wp\/v2\/tags?post=96495"}],"curies":[{"name":"wp","href":"https:\/\/api.w.org\/{rel}","templated":true}]}}