{"id":96502,"date":"2025-11-25T17:36:11","date_gmt":"2025-11-25T17:36:11","guid":{"rendered":"https:\/\/www.europesays.com\/no\/96502\/"},"modified":"2025-11-25T17:36:11","modified_gmt":"2025-11-25T17:36:11","slug":"islamsk-rad-norge-sv-frp-reagerer-pa-penger-til-islamsk-rad-svs-dobbeltmoral-er-grenselos","status":"publish","type":"post","link":"https:\/\/www.europesays.com\/no\/96502\/","title":{"rendered":"Islamsk R\u00e5d Norge, SV | Frp reagerer p\u00e5 penger til Islamsk R\u00e5d: \u2013 SVs dobbeltmoral er grensel\u00f8s"},"content":{"rendered":"\n<p>Mandag skrev Nettavisen at SV \u00f8nsker at Islamsk R\u00e5d Norge (IRN) <a rel=\"Follow nofollow noopener\" href=\"https:\/\/www.nettavisen.no\/nyheter\/sv-vil-gi-islamsk-rad-to-millioner-kroner-u-landsopplegg\/s\/5-95-2726499\" target=\"_blank\">skal f\u00e5 statsst\u00f8tte p\u00e5 to millioner kroner<\/a>.<\/p>\n<p>Det fremg\u00e5r av partiets <a rel=\"Follow nofollow noopener\" href=\"https:\/\/www.sv.no\/wp-content\/uploads\/2025\/11\/svs-alternative-statsbudsjett-2026.pdf\" target=\"_blank\">alternative statsbudsjett<\/a>.<\/p>\n<p>Pengene er ment til \u00abtiltak mot hatkriminalitet rettet mot muslimske kvinner\u00bb.<\/p>\n<p>SV forteller Nettavisen at ideen kom etter et m\u00f8te med IRN, der de fikk vite at organisasjonen har et gryteklart prosjekt klart etter drapet p\u00e5 Tamima Nibra Juhar i Oslo i h\u00f8st.<\/p>\n<p>IRN er en interesse- og paraplyorganisasjon for en rekke moskeer og muslimske foreninger.<\/p>\n<p><b>Les mer: <\/b><a class=\"simple-relation related-teaser article--c-eRUmMG article--c-eRUmMG-fZoQSp-design-nettavisen article--c-eRUmMG-gwthdJ-cv\" href=\"https:\/\/www.nettavisen.no\/sv-vil-gi-islamsk-rad-to-millioner-kroner\/s\/5-95-2726499\" rel=\"nofollow noopener\" target=\"_blank\">SV vil gi Islamsk R\u00e5d to millioner kroner<\/a><\/p>\n<p>\u2013 Hva blir det neste?<\/p>\n<p>\u2013 SV snakker varmt om likestilling, LHBT-rettigheter og religionskritikk, men kaster penger etter en organisasjon som bygger p\u00e5 det stikk motsatte. Dette handler ikke om \u00e5 bekjempe hat, men om \u00e5 kj\u00f8pe seg gunst i islamistiske milj\u00f8er.<\/p>\n<p>Det sier Erlend Wiborg, innvandringspolitisk talsperson i Frp, til Nettavisen.<\/p>\n<p>\u2013 SVs dobbeltmoral er grensel\u00f8s, sier han.<\/p>\n<p>SV gikk til valg p\u00e5 et Israel-ultimatum der de ikke skulle st\u00f8tte et statsbudsjett fra Arbeiderpartiet uten at Oljefondet ble trukket ut av en rekke selskaper.<\/p>\n<p>Dette sa Ap nei til, og SV <a rel=\"Follow nofollow noopener\" href=\"https:\/\/www.aftenposten.no\/norge\/politikk\/i\/4B5KyR\/sv-avlyser-mulig-gaza-krise-om-budsjettet-viser-til-trumps-fredsplan\" target=\"_blank\">trakk ultimatumet<\/a>. Det fikk de <a rel=\"Follow nofollow noopener\" href=\"https:\/\/www.aftenposten.no\/norge\/politikk\/i\/jQ6W69\/muslimske-organisasjoner-svaert-skuffet-over-sv-foeler-paa-svik\" target=\"_blank\">sterk kritikk for<\/a> b\u00e5de i <a rel=\"Follow nofollow noopener\" href=\"https:\/\/www.aftenposten.no\/norge\/politikk\/i\/zAWjWr\/sv-ledelsen-faar-knallhard-kritikk-i-internt-brev-oppvaskmoete-om-israel-ultimatum-onsdag-kveld\" target=\"_blank\">eget parti<\/a> og av muslimske organisasjoner, som mener l\u00f8ftet ga SV <a rel=\"Follow nofollow noopener\" href=\"https:\/\/www.nettavisen.no\/nyheter\/islam-net-hardt-ut-mot-sv\/v\/5-95-2709665\" target=\"_blank\">mange stemmer i blant annet Oslo \u00f8st<\/a>.<\/p>\n<p>Wiborg mener det er et paradoks at SV vil gi penger til Islamsk R\u00e5d samtidig som de \u00f8nsker \u00e5 styrke kvinners rettigheter.<\/p>\n<p>\u2013 Det er totalt absurd. Hva blir det neste SV finner p\u00e5? \u00c5 bevilge penger til Palestinakomiteen for at de skal bekjempe j\u00f8dehat?<\/p>\n<p><b>Les ogs\u00e5: <\/b><a class=\"simple-relation related-teaser article--c-eRUmMG article--c-eRUmMG-fZoQSp-design-nettavisen article--c-eRUmMG-gwthdJ-cv\" href=\"https:\/\/www.nettavisen.no\/nettavisen-erfarer-oljekrav-skytes-ned\/s\/5-95-2745350\" rel=\"nofollow noopener\" target=\"_blank\">Nettavisen erfarer: Oljekrav skytes ned<\/a><\/p>\n<p>SV har et forslag til Frp<\/p>\n<p>Nettavisen har forelagt kritikken for Sosialistisk Venstreparti. Nestleder og stortingsrepresentant Marian Hussein tar den ikke p\u00e5 alvor, og forklarer hvorfor:<\/p>\n<p>\u2013 Jeg har et forslag: Hvis Fremskrittspartiet og Erlend Wiborg plutselig over natten begynner \u00e5 kjempe for likestilling, LHBT-rettigheter og ytringsfrihet, s\u00e5 lover jeg \u00e5 ta kritikken deres p\u00e5 alvor. Inntil da s\u00e5 er vi i en verden der Frp alltid har bremset arbeid for skeives rettigheter, kjempet imot likestilling og kun t\u00e5ler religionskritikk hvis det er islam som kritiseres. Og der jeg ikke tar Erlend Wiborg og Frp p\u00e5 alvor, sier hun.<\/p>\n<p>   <img decoding=\"async\" width=\"5597\" height=\"3731\" fetchpriority=\"low\"  loading=\"lazy\"  src=\"https:\/\/www.europesays.com\/no\/wp-content\/uploads\/2025\/09\/NTB_1_EIK7MCyPk.jpg\" alt=\"Oslo 20240619. &#10;Nestleder Marian Hussein  p\u00e5 SVs sommeroppsummering for pressen i Oslo onsdag.&#10;Foto: Amanda Pedersen Giske \/ NTB\" class=\"brick-c-cFOWSL\" style=\"--brick-image-ratio: 5597 \/ 3731;\"\/><\/p>\n<p>      SVARER: Nestleder i SV, Marian Hussein.<br \/>\n      Foto: Amanda Pedersen Giske (NTB)\n    <\/p>\n<p>Hussein sier hun stiller samme sp\u00f8rsm\u00e5l til Frp som hun gjorde til H\u00f8yre da hun fikk lignende kritikk mandag:<\/p>\n<p>\u2013 Hva har du gjort i det siste for \u00e5 bekjempe hat mot muslimske kvinner? Ingenting? Da kan du sette deg ned og la oss som tar den kampen f\u00e5 ta den i fred.<\/p>\n<p>Pengene er til et viktig prosjekt, if\u00f8lge Hussein.<\/p>\n<p>\u2013 Tamima Nibras Juhar ble nylig drept i Oslo fordi hun var muslim. Disse pengene g\u00e5r til \u00e5 finansiere et prosjekt IRN har, som forebygger hatkriminalitet mot muslimske kvinner. Jeg vet at kampen mot hatvold og rasisme ikke er h\u00f8yt prioritert for Frp, men det er den for SV.<\/p>\n","protected":false},"excerpt":{"rendered":"Mandag skrev Nettavisen at SV \u00f8nsker at Islamsk R\u00e5d Norge (IRN) skal f\u00e5 statsst\u00f8tte p\u00e5 to millioner kroner.&hellip;\n","protected":false},"author":2,"featured_media":96503,"comment_status":"","ping_status":"","sticky":false,"template":"","format":"standard","meta":{"footnotes":""},"categories":[10],"tags":[20,21,24,25,15,22,23,13,30,28,29,14,16,26,27],"class_list":{"0":"post-96502","1":"post","2":"type-post","3":"status-publish","4":"format-standard","5":"has-post-thumbnail","7":"category-norge","8":"tag-breaking-news","9":"tag-breakingnews","10":"tag-featured-news","11":"tag-featurednews","12":"tag-headlines","13":"tag-latest-news","14":"tag-latestnews","15":"tag-news","16":"tag-no","17":"tag-norge","18":"tag-norway","19":"tag-nyheter","20":"tag-overskrifter","21":"tag-top-stories","22":"tag-topstories"},"share_on_mastodon":{"url":"https:\/\/pubeurope.com\/@no\/115611551958727158","error":""},"_links":{"self":[{"href":"https:\/\/www.europesays.com\/no\/wp-json\/wp\/v2\/posts\/96502","targetHints":{"allow":["GET"]}}],"collection":[{"href":"https:\/\/www.europesays.com\/no\/wp-json\/wp\/v2\/posts"}],"about":[{"href":"https:\/\/www.europesays.com\/no\/wp-json\/wp\/v2\/types\/post"}],"author":[{"embeddable":true,"href":"https:\/\/www.europesays.com\/no\/wp-json\/wp\/v2\/users\/2"}],"replies":[{"embeddable":true,"href":"https:\/\/www.europesays.com\/no\/wp-json\/wp\/v2\/comments?post=96502"}],"version-history":[{"count":0,"href":"https:\/\/www.europesays.com\/no\/wp-json\/wp\/v2\/posts\/96502\/revisions"}],"wp:featuredmedia":[{"embeddable":true,"href":"https:\/\/www.europesays.com\/no\/wp-json\/wp\/v2\/media\/96503"}],"wp:attachment":[{"href":"https:\/\/www.europesays.com\/no\/wp-json\/wp\/v2\/media?parent=96502"}],"wp:term":[{"taxonomy":"category","embeddable":true,"href":"https:\/\/www.europesays.com\/no\/wp-json\/wp\/v2\/categories?post=96502"},{"taxonomy":"post_tag","embeddable":true,"href":"https:\/\/www.europesays.com\/no\/wp-json\/wp\/v2\/tags?post=96502"}],"curies":[{"name":"wp","href":"https:\/\/api.w.org\/{rel}","templated":true}]}}