{"id":96514,"date":"2025-11-25T17:51:09","date_gmt":"2025-11-25T17:51:09","guid":{"rendered":"https:\/\/www.europesays.com\/no\/96514\/"},"modified":"2025-11-25T17:51:09","modified_gmt":"2025-11-25T17:51:09","slug":"det-er-systemet-som-slass","status":"publish","type":"post","link":"https:\/\/www.europesays.com\/no\/96514\/","title":{"rendered":"\u2013 Det er systemet som sl\u00e5ss"},"content":{"rendered":"<p><strong>Major og krigsskolel\u00e6rer Amund Osflaten mener at det st\u00f8rste misforholdet mellom vestlig forst\u00e5else og krigens realitet ligger i hvordan man vurderer den russiske h\u00e6ren. I Vesten har Russland ofte blitt framstilt som inkompetent, d\u00e5rlig utrustet og preget av lav moral. Osflaten mener dette bildet er feil.<\/strong><\/p>\n<p>Han beskriver i stedet et milit\u00e6rt system der enorm ildkraft, systemtankegang og evnen til \u00e5 l\u00e6re av feil gj\u00f8r Russland til en farligere motstander enn mange vestlige analyser har gitt inntrykk av.<\/p>\n<p>\u2013 Russland har et veldig sterkt systemfokus. Det er systemet som sl\u00e5ss, ikke man\u00f8verelementene slik vi legger vekt p\u00e5 i vestlig milit\u00e6rtenkning, sier han i en <a href=\"https:\/\/inyheter.no\/25\/11\/2025\/russland-ukraina-og-nato-en-strategisk-vurdering-uten-filter\/\" rel=\"nofollow noopener\" target=\"_blank\">podkast hos iNyheters Ole Asbj\u00f8rn Ness<\/a>.<\/p>\n<p>I vestlig doktrine st\u00e5r infanteriet og stridsvognene ofte som selve kjernen i den operative kraften. I russisk tenkning er disse elementene underordnet et langt st\u00f8rre maskineri.<\/p>\n<p>\u2013 N\u00e5r mange ser russiske infanterister som er d\u00e5rlig trent og d\u00e5rlig utstyrt, s\u00e5 ser de lett p\u00e5 det som en indikator p\u00e5 lav kapasitet. Men for russerne er ikke den enkelte soldat s\u00e5 viktig. Det er systemet rundt \u2013 artilleri, elektronisk krigf\u00f8ring, luftvern, droner \u2013 som gj\u00f8r jobben.<\/p>\n<p><strong>Les ogs\u00e5: <a href=\"https:\/\/inyheter.no\/23\/11\/2025\/laerer-ved-krigsskolen-ukraina-ligger-an-til-a-tape-krigen\/\" rel=\"nofollow noopener\" target=\"_blank\">L\u00e6rer ved krigsskolen: \u2013 Ukraina ligger an til \u00e5 tape krigen<\/a><\/strong><\/p>\n<p>I dette systemet er intens, vedvarende ildkraft hovedprinsippet. Russland bygger ikke f\u00f8rst og fremst en h\u00e6r rundt presisjonsstyrte man\u00f8vre, men rundt avdelinger som kan levere enorme mengder eksplosiv kraft, d\u00f8gnet rundt.<\/p>\n<p>\u2013 Russland er ekstremt opptatt av ildkraft. De har et mye st\u00f8rre fokus p\u00e5 bruk av ildkraft alene enn p\u00e5 man\u00f8verstyrker. De bygger systemer for \u00e5 levere enorme mengder ild, sier han.<\/p>\n<p>I 2024 produserte Russland, if\u00f8lge Osflaten, titusenvis av glidebomber \u2013 en v\u00e5pentype som har v\u00e6rt sv\u00e6rt effektiv mot ukrainske stillinger.<\/p>\n<p>\u2013 Det ble produsert rundt 40 000 glidebomber i 2024. N\u00e5 brukes hundrevis av store flybomber i d\u00f8gnet, sier han.<\/p>\n<p>Denne produksjonskapasiteten gj\u00f8r at Russland kan angripe bredt, kontinuerlig og med store volumer \u2013 noe Ukraina sliter med \u00e5 svare p\u00e5.<\/p>\n<p>Samtidig mener Osflaten at russiske styrker har vist en helt annen evne til l\u00e6ring og tilpasning enn det som kommer fram i offentligheten i Vesten.<\/p>\n<p>\u2013 Ukrainske soldater og offiserer beskriver en motstander som er m\u00e5lrettet, brutal, l\u00e6rer av sine feil og utvikler seg hele tiden. Mange reagerer n\u00e5r de ser hvordan Russland fremstilles som amat\u00f8rmessig i vestlige medier. Det er ikke det de m\u00f8ter ved fronten.<\/p>\n<p>I kampen om Bakhmut peker han p\u00e5 at Russland ikke prim\u00e6rt fors\u00f8kte \u00e5 oppn\u00e5 et klassisk gjennombrudd. Strategien var \u00e5 slite ut Ukraina ved \u00e5 bruke styrker som var billige \u00e5 erstatte, og samtidig f\u00e5 Ukraina til \u00e5 bruke sine beste.<\/p>\n<p>\u2013 Russland brukte expendable styrkekategorier. Ukraina brukte sine best trente og best motiverte styrker for \u00e5 holde Bakhmut. Kjernen av det ukrainske infanteriet ble forbrukt der, sier han.<\/p>\n<p>Dette, mener han, var et av de tydeligste eksemplene p\u00e5 russisk systemtenkning i praksis: \u00c5 ofre mindre verdifulle styrker for \u00e5 slite ut Ukrainas mest verdifulle.<\/p>\n<p>If\u00f8lge Osflaten passer dette inn i en overordnet, strategisk tiln\u00e6rming der Russland ikke har f\u00f8rt en totaloffensiv, men en langsom, metodisk og defensivt orientert krig \u2013 som likevel genererer kontinuerlig press.<\/p>\n<p>\u2013 Strategisk sett har den russiske frontlinjen i stor grad v\u00e6rt defensiv. Form\u00e5let har v\u00e6rt \u00e5 skape et system der ressurser forbrukes p\u00e5 begge sider, men p\u00e5 en m\u00e5te som er fordelaktig for Russland, sier han.<\/p>\n<p>\u2013 P\u00e5 taktisk niv\u00e5 gjennomf\u00f8rer de likevel offensive operasjoner for \u00e5 opprettholde presset.<\/p>\n<p>Han mener dette er en av grunnene til at det vestlige bildet av en inkompetent og amat\u00f8rmessig russisk h\u00e6r blir s\u00e5 feil.<\/p>\n<p>\u2013 Vi forsterker ofte de negative egenskapene ved Russland og de positive ved Ukraina. Men Ukraina har ogs\u00e5 v\u00e6rt n\u00f8dt til \u00e5 sende d\u00e5rlig trente soldater til fronten. Den karikaturen vi har laget av Russland gj\u00f8r oss dummere, ikke klokere.<\/p>\n<p>Osflaten mener Russlands milit\u00e6re kultur er dypt preget av erfaringene fra andre verdenskrig. Der l\u00e6rte de at konsekvensen av \u00e5 tape en krig er katastrofal \u2013 og at staten kun overlever ved \u00e5 v\u00e6re i forkant milit\u00e6rt.<\/p>\n<p>\u2013 Krig er ikke noe utenkelig i Russland. Det er noe de forbereder seg p\u00e5. Konsekvensen av \u00e5 tape er s\u00e5 enorme at de ikke har r\u00e5d til \u00e5 undervurdere trusselen.<\/p>\n<p>Denne mentaliteten, kombinert med et system som kan f\u00f8re krig med store tap uten \u00e5 kollapse, gj\u00f8r etter Osflatens vurdering at Russland i dag framst\u00e5r som en langt mer robust milit\u00e6r akt\u00f8r enn mange i Vesten har forst\u00e5tt.<\/p>\n<p>\u2013 Det er en motstander som er m\u00e5lrettet og brutal, og som har l\u00e6rt av sine feil. Det er ikke en svak h\u00e6r, sier han.<\/p>\n<p>iNyheter trenger din st\u00f8tte.\u00a0<a style=\"background-color: #ffff00;\" href=\"https:\/\/inyheter.no\/abonnement\/\" rel=\"nofollow noopener\" target=\"_blank\">Tegn abonnement<\/a>\u00a0eller st\u00f8tt oss p\u00e5 Vipps\u00a0<strong>763291<\/strong>\u00a0bank\u00a0<strong>1506.80.92768\u00a0<\/strong>eller\u00a0<a style=\"background-color: #ffff00;\" href=\"https:\/\/www.paypal.com\/donate\/?hosted_button_id=UN7V8VFJ5QA38\" rel=\"nofollow noopener\" target=\"_blank\">PayPal<\/a><\/p>\n","protected":false},"excerpt":{"rendered":"Major og krigsskolel\u00e6rer Amund Osflaten mener at det st\u00f8rste misforholdet mellom vestlig forst\u00e5else og krigens realitet ligger i&hellip;\n","protected":false},"author":2,"featured_media":96515,"comment_status":"","ping_status":"","sticky":false,"template":"","format":"standard","meta":{"footnotes":""},"categories":[12],"tags":[12290,20,21,24,25,15,22,23,233,13,30,28,29,14,16,188,26,27,42,43,44,45],"class_list":{"0":"post-96514","1":"post","2":"type-post","3":"status-publish","4":"format-standard","5":"has-post-thumbnail","7":"category-verden","8":"tag-amund-osflaten","9":"tag-breaking-news","10":"tag-breakingnews","11":"tag-featured-news","12":"tag-featurednews","13":"tag-headlines","14":"tag-latest-news","15":"tag-latestnews","16":"tag-nato","17":"tag-news","18":"tag-no","19":"tag-norge","20":"tag-norway","21":"tag-nyheter","22":"tag-overskrifter","23":"tag-russland","24":"tag-top-stories","25":"tag-topstories","26":"tag-verden","27":"tag-world","28":"tag-world-news","29":"tag-worldnews"},"share_on_mastodon":{"url":"https:\/\/pubeurope.com\/@no\/115611610973721372","error":""},"_links":{"self":[{"href":"https:\/\/www.europesays.com\/no\/wp-json\/wp\/v2\/posts\/96514","targetHints":{"allow":["GET"]}}],"collection":[{"href":"https:\/\/www.europesays.com\/no\/wp-json\/wp\/v2\/posts"}],"about":[{"href":"https:\/\/www.europesays.com\/no\/wp-json\/wp\/v2\/types\/post"}],"author":[{"embeddable":true,"href":"https:\/\/www.europesays.com\/no\/wp-json\/wp\/v2\/users\/2"}],"replies":[{"embeddable":true,"href":"https:\/\/www.europesays.com\/no\/wp-json\/wp\/v2\/comments?post=96514"}],"version-history":[{"count":0,"href":"https:\/\/www.europesays.com\/no\/wp-json\/wp\/v2\/posts\/96514\/revisions"}],"wp:featuredmedia":[{"embeddable":true,"href":"https:\/\/www.europesays.com\/no\/wp-json\/wp\/v2\/media\/96515"}],"wp:attachment":[{"href":"https:\/\/www.europesays.com\/no\/wp-json\/wp\/v2\/media?parent=96514"}],"wp:term":[{"taxonomy":"category","embeddable":true,"href":"https:\/\/www.europesays.com\/no\/wp-json\/wp\/v2\/categories?post=96514"},{"taxonomy":"post_tag","embeddable":true,"href":"https:\/\/www.europesays.com\/no\/wp-json\/wp\/v2\/tags?post=96514"}],"curies":[{"name":"wp","href":"https:\/\/api.w.org\/{rel}","templated":true}]}}