{"id":96518,"date":"2025-11-25T17:53:15","date_gmt":"2025-11-25T17:53:15","guid":{"rendered":"https:\/\/www.europesays.com\/no\/96518\/"},"modified":"2025-11-25T17:53:15","modified_gmt":"2025-11-25T17:53:15","slug":"ma-fa-konsekvenser-e24","status":"publish","type":"post","link":"https:\/\/www.europesays.com\/no\/96518\/","title":{"rendered":"\u2013 M\u00e5 f\u00e5 konsekvenser \u2013 E24"},"content":{"rendered":"<p class=\"fullWidthDesktop hyperion-css-71ztg2\" data-test-tag=\"lead-text\">KrF vil gjengjelde toll ved \u00e5 fryse 1,5 milliarder E\u00d8S-kroner til Europas fattigste land.<\/p>\n<p><img decoding=\"async\" class=\"image-asset hyperion-css-u06ts1\" data-test-tag=\"image-asset\" src=\"https:\/\/www.europesays.com\/no\/wp-content\/uploads\/2025\/11\/3d3ed616-516a-43c7-af15-abcb98761005\"  alt=\"ALT FOR NORGE: ... Men ikke alt for EU. KrF-leder Dag-Inge Ulstein vil straffe unionen etter at de innf\u00f8rte toll p\u00e5 ferrolegeringer. Her avbildet heiende p\u00e5 det norske herrelandslaget i fotball, da de m\u00f8tte Israel i VM-kvalifiseringen. \"  loading=\"eager\" fetchpriority=\"high\" style=\"aspect-ratio:1900 \/ 1267\"\/>ALT FOR NORGE: &#8230; Men ikke alt for EU. KrF-leder Dag-Inge Ulstein vil straffe unionen etter at de innf\u00f8rte toll p\u00e5 ferrolegeringer. Her avbildet heiende p\u00e5 det norske herrelandslaget i fotball, da de m\u00f8tte Israel i VM-kvalifiseringen. Foto: Fredrik Varfjell \/ NTBPublisert: Publisert: <\/p>\n<p>For mindre enn 20 minutter siden<\/p>\n<ul class=\"hyperion-css-pte5x0\">\n<li aria-label=\"link\" class=\"narrow-button hyperion-css-1sz7d3n\">Kopier lenke<\/li>\n<li aria-label=\"link\" class=\"wide-button hyperion-css-1sz7d3n\">Kopier lenke<\/li>\n<li aria-label=\"facebook\" class=\"narrow-button hyperion-css-1sz7d3n\">Del p\u00e5 Facebook<\/li>\n<li aria-label=\"facebook\" class=\"wide-button hyperion-css-1sz7d3n\">Del p\u00e5 Facebook<\/li>\n<li aria-label=\"email\" class=\"narrow-button hyperion-css-1sz7d3n\">Del med e-post<\/li>\n<li aria-label=\"email\" class=\"wide-button hyperion-css-1sz7d3n\">Del med e-post<\/li>\n<\/ul>\n<p class=\"hyperion-css-1lemvax\">\u2013 Vi m\u00e5 si ifra at det her g\u00e5r vi ikke med p\u00e5, at vi faktisk mener det er et avtalebrudd som m\u00e5 f\u00e5 konsekvenser, sier KrF-leder Dag-Inge Ulstein om EUs beslutning om \u00e5 innf\u00f8re beskyttelsestiltak p\u00e5 <a data-test-tag=\"internal-link\" href=\"https:\/\/e24.no\/naeringsliv\/i\/aJ17R5\/paa-alles-lepper-noe-vi-alle-tar-for-gitt\" class=\"hyperion-css-1rezu2g\" rel=\"nofollow noopener\" target=\"\" aria-label=\"ferrolegeringer\">ferrolegeringer<\/a>. <\/p>\n<p class=\"hyperion-css-1lemvax\">Han m\u00f8ter E24 sammen med partiets finanspolitiske talsperson J\u00f8rgen H. Kristiansen og utenrikspolitiske talsperson Jonas Andersen Sayed for \u00e5 fortelle om hvordan de vil hamle opp med unionen. <\/p>\n<p class=\"hyperion-css-1lemvax\">EU mener EFTA-landene, som inkluderer Norge,<a data-test-tag=\"internal-link\" href=\"https:\/\/e24.no\/norsk-oekonomi\/i\/gwXR3a\/naa-er-det-avgjort-norge-rammes-av-eu-toll\" class=\"hyperion-css-1rezu2g\" rel=\"nofollow noopener\" target=\"\" aria-label=\" ikke kan unntas tiltakene\"> ikke kan unntas tiltakene<\/a>. Norge er uenige. N\u00e5 ber KrF regjeringen bruke sterkere lut og komme med straffetiltak mot EU. <\/p>\n<p><a data-test-tag=\"teaser-small:link-internal\" href=\"https:\/\/e24.no\/boers-og-finans\/i\/L4p3M9\/ukens-investtech-kjoep-disse-aksjene-foer-desember-rally\" class=\"imagePosition-top inline hyperion-css-6238vu\" rel=\"nofollow noopener\" target=\"\" aria-label=\"Ukens Investtech: Kj\u00f8p disse aksjene f\u00f8r desember-rally\"><\/p>\n<p>Les p\u00e5 E24+<\/p>\n<p>Ukens Investtech: Kj\u00f8p disse aksjene f\u00f8r desember-rally<\/p>\n<p><\/a><\/p>\n<p class=\"hyperion-css-1lemvax\">I sitt alternative budsjett, som legges frem onsdag, foresl\u00e5r partiet \u00e5 fryse E\u00d8S-midler for neste \u00e5r, som bel\u00f8per seg til 1,5 milliarder kroner. E\u00d8S-midlene er til for \u00e5 utjevne \u00f8konomiske og sosiale forskjeller i EU, og g\u00e5r til Europas svakeste \u00f8konomier. <\/p>\n<p class=\"hyperion-css-1lemvax\">\u2013 Er det typisk KrF-politikk \u00e5 foresl\u00e5 \u00e5 ramme de svakeste?<\/p>\n<p class=\"hyperion-css-1lemvax\">\u2013 Det handler jo virkelig ikke om det. Det handler om en avtale som er brutt. Med en gang det blir endret, vil vi selvf\u00f8lgelig frigj\u00f8re de midlene slik at de n\u00e5r form\u00e5let. E\u00d8S-midlene har bidratt til mye viktig, sier Ulstein.   <\/p>\n<p><img decoding=\"async\" class=\"image-asset hyperion-css-u06ts1\" data-test-tag=\"image-asset\" src=\"https:\/\/www.europesays.com\/no\/wp-content\/uploads\/2025\/11\/bc378d9d-f175-4020-b248-081c2a30dee5\"  alt=\"GUTTA: Utenrikspolitisk talsperson Jonas Andersen Sayed, partileder Dag-Inge Ulstein og finanspolitisk talsperson J\u00f8rgen H. Kristiansen i KrF mener Norge b\u00f8r fryse E\u00d8S-midler som svar p\u00e5 EUs beskyttelsestiltak p\u00e5 ferrolegeringer. \"  loading=\"eager\" fetchpriority=\"high\" style=\"aspect-ratio:1900 \/ 1425\"\/>GUTTA: Utenrikspolitisk talsperson Jonas Andersen Sayed, partileder Dag-Inge Ulstein og finanspolitisk talsperson J\u00f8rgen H. Kristiansen i KrF mener Norge b\u00f8r fryse E\u00d8S-midler som svar p\u00e5 EUs beskyttelsestiltak p\u00e5 ferrolegeringer. Foto: Nora Rydne <\/p>\n<p class=\"hyperion-css-1lemvax\">\u2013 Hvorfor akkurat disse midlene?<\/p>\n<p class=\"hyperion-css-1lemvax\">\u2013 Det handler om at det er der vi har muligheten. Det er et moderat mottiltak for \u00e5 tydelig vise v\u00e5r posisjon. S\u00e5 vil det v\u00e6re mulig \u00e5 gj\u00f8re uten at det f\u00e5r de store konsekvensene. <\/p>\n<p><a data-test-tag=\"teaser-small:link-internal\" href=\"https:\/\/e24.no\/i\/Rjbl6W\/disse-bankaksjene-gir-best-utbytte\" class=\"imagePosition-top inline hyperion-css-6238vu\" rel=\"nofollow noopener\" target=\"\" aria-label=\"Disse bankaksjene gir best utbytte\"><\/p>\n<p>Les ogs\u00e5<\/p>\n<p>Disse bankaksjene gir best utbytte<\/p>\n<p><\/a>\u2013 Naturlig \u00e5 fryse noe<\/p>\n<p class=\"hyperion-css-1lemvax\">P\u00e5 grunn av hjemmelen EU har valgt for innf\u00f8ringen av beskyttelsestiltak, har Norge og de andre EFTA-landene rett til \u00e5 konsulteres om tiltaket hver tredje m\u00e5ned. EU m\u00e5 da ogs\u00e5 begrunne hvorfor det er behov for \u00e5 opprettholde tiltaket. <\/p>\n<p class=\"hyperion-css-1lemvax\">Men KrF-politikerne har ikke noen tro p\u00e5 at det vil bety en snarlig l\u00f8sning for Norge \u2013 i hvert fall ikke uten mottiltak. De frykter ogs\u00e5 at det skal komme flere tiltak, for eksempel p\u00e5 aluminium. <\/p>\n<p class=\"hyperion-css-1lemvax\">\u2013 Jeg er veldig overrasket over at ingen andre partier tar dette grepet i sine alternative budsjetter. Vi burde gjort det rund baut, bare for \u00e5 vise at det er et naturlig pressmiddel og konsekvens n\u00e5r en avtale er brutt. <\/p>\n<p><a data-test-tag=\"teaser-small:link-internal\" href=\"https:\/\/e24.no\/naeringsliv\/i\/73ezdV\/slik-faar-du-gullkort\" class=\"imagePosition-top inline hyperion-css-6238vu\" rel=\"nofollow noopener\" target=\"\" aria-label=\"Slik f\u00e5r du gullkort hos SAS\"><\/p>\n<p>Les p\u00e5 E24+<\/p>\n<p>Slik f\u00e5r du gullkort hos SAS<\/p>\n<p><\/a><\/p>\n<p class=\"hyperion-css-1lemvax\">\u2013 EU mener ikke de bryter avtalen. Men \u00e5 trekke E\u00d8S-midler vil v\u00e6re et klart brudd p\u00e5 avtalen. Er dette b\u00f8llete diplomati fra KrFs side? <\/p>\n<p class=\"hyperion-css-1lemvax\">\u2013 N\u00e5r man har en tvist er det naturlig \u00e5 fryse noe. Det er s\u00e5nn man alltid gj\u00f8r i diplomatiet, sier Kristiansen. <\/p>\n<p><img decoding=\"async\" class=\"image-asset hyperion-css-u06ts1\" data-test-tag=\"image-asset\" src=\"https:\/\/www.europesays.com\/no\/wp-content\/uploads\/2025\/11\/bf94223d-1610-4d66-ab8b-ce873d1a6486\"  alt=\"EFTA-FANS: KrF-politikerne kommer rustet med bevis p\u00e5 at de er sterke tilhengere av E\u00d8S-avtalen, selv om de foresl\u00e5r \u00e5 straffe EU med frysing av E\u00d8S-midler. \"  loading=\"eager\" fetchpriority=\"high\" style=\"aspect-ratio:1900 \/ 1425\"\/>EFTA-FANS: KrF-politikerne kommer rustet med bevis p\u00e5 at de er sterke tilhengere av E\u00d8S-avtalen, selv om de foresl\u00e5r \u00e5 straffe EU med frysing av E\u00d8S-midler. Foto: Nora Rydne<\/p>\n<p class=\"hyperion-css-1lemvax\">\u2013 Jeg tenker det er et viktig signal, sier Ulstein, og beskylder regjeringen i \u00e5 pr\u00f8ve \u00e5 l\u00f8se problemet med \u00abgod stemning og h\u00f8ye kanapeer\u00bb. <\/p>\n<p class=\"hyperion-css-1lemvax\">\u2013 S\u00e5 tror jeg mye av debatten i Norge n\u00e5 handler om et underliggende press fra enkelte partier og milj\u00f8er om \u00e5 kickstarte en EU-debatt igjen. Jeg mener de burde st\u00e5 opp for E\u00d8S-avtalen og v\u00e6re like tydelige som oss, uavhengig av hva de m\u00e5tte mene i fremtidige EU-debatter. <\/p>\n<p><a data-test-tag=\"teaser-small:link-internal\" href=\"https:\/\/e24.no\/boers-og-finans\/i\/zO58x5\/bitcoin-stupet-dette-er-tabbene-du-maa-unngaa-naa\" class=\"imagePosition-top inline hyperion-css-6238vu\" rel=\"nofollow noopener\" target=\"\" aria-label=\"Bitcoin-stupet: Dette er tabbene du m\u00e5 unng\u00e5 n\u00e5\"><\/p>\n<p>Les p\u00e5 E24+<\/p>\n<p>Bitcoin-stupet: Dette er tabbene du m\u00e5 unng\u00e5 n\u00e5<\/p>\n<p><\/a>Utenriksministeren: \u2013 Veldig, veldig rart<\/p>\n<p class=\"hyperion-css-1lemvax\">Utenriksminister Espen Barth Eide er glad for at KrF forel\u00f8pig er alene om \u00e5 foresl\u00e5 mottiltak i alternativt budsjett. <\/p>\n<p class=\"hyperion-css-1lemvax\">\u2013 Dette er en usedvanlig d\u00e5rlig id\u00e9, sier Eide, og legger til at midlene KrF vil fryse, blant annet g\u00e5r til demokratibygging, rettighetsutvikling, minoriteter og LHBT-aktivister i EUs fattigste land. <\/p>\n<p class=\"hyperion-css-1lemvax\">\u2013 E\u00d8S-avtalen har tjent Norge vel. E\u00d8S-midlene er ikke penger som g\u00e5r til Brussel eller EU som s\u00e5dan. Det er en forpliktende avtale vi har inng\u00e5tt som p\u00e5 en m\u00e5te er v\u00e5r kontingent til E\u00d8S. Jeg synes det er korttenkt \u00e5 ville straffe med E\u00d8S-midlene, da burde KrF kanskje f\u00f8rst sette seg inn i hva de midlene er, sier Eide. <\/p>\n<p class=\"hyperion-css-1lemvax\">\u2013 Ville det ikke kunne ha en effekt p\u00e5 EU?<\/p>\n<p class=\"hyperion-css-1lemvax\">\u2013 Nei, det tror jeg ikke. Jeg tror de ville sett p\u00e5 det som veldig, veldig rart. Og veldig urimelig. <\/p>\n<p><img decoding=\"async\" class=\"image-asset hyperion-css-u06ts1\" data-test-tag=\"image-asset\" src=\"https:\/\/www.europesays.com\/no\/wp-content\/uploads\/2025\/11\/257fac64-e78c-453c-8429-68852de8151e\"  alt=\"SKEPTISK: Utenriksminister Espen Barth Eide synes det er en d\u00e5rlig id\u00e9 \u00e5 fryse E\u00d8S-midler. Her avbildet i Brussel sammen med Islands utenriksminister Thorgerdur Katrin Gunnarsdottir.\"  loading=\"eager\" fetchpriority=\"high\" style=\"aspect-ratio:1900 \/ 1266\"\/>SKEPTISK: Utenriksminister Espen Barth Eide synes det er en d\u00e5rlig id\u00e9 \u00e5 fryse E\u00d8S-midler. Her avbildet i Brussel sammen med Islands utenriksminister Thorgerdur Katrin Gunnarsdottir. Foto: Geert Vanden Wijngaert \/ AP \/ NTB<\/p>\n<p class=\"hyperion-css-1lemvax\">Utenriksministeren p\u00e5peker at det er en reell uenighet mellom EU og EFTA-landene i saken om ferrolegeringer, og hvordan E\u00d8S-avtalen skal tolkes. <\/p>\n<p class=\"hyperion-css-1lemvax\">\u2013 Skulle vi stoppe betaling av E\u00d8S-midlene, ville det v\u00e6rt \u00e5 \u00e5penbart bryte avtalen. Det er ikke sammenlignbare st\u00f8rrelser, og det er et rart sted \u00e5 starte. <\/p>\n<p><a data-test-tag=\"teaser-small:link-internal\" href=\"https:\/\/e24.no\/energi-og-klima\/i\/pBgBe6\/equinor-sjefen-aldri-opplevd-saa-stor-usikkerhet\" class=\"imagePosition-top inline hyperion-css-6238vu\" rel=\"nofollow noopener\" target=\"\" aria-label=\"Equinor-sjefen: \u2013 Aldri opplevd s\u00e5 stor usikkerhet\"><\/p>\n<p>Les p\u00e5 E24+<\/p>\n<p>Equinor-sjefen: \u2013 Aldri opplevd s\u00e5 stor usikkerhet<\/p>\n<p><\/a><\/p>\n<p class=\"hyperion-css-1lemvax\">Han er ikke like bekymret som KrF for at EU vil innf\u00f8re flere beskyttelsestiltak. <\/p>\n<p class=\"hyperion-css-1lemvax\">\u2013 N\u00e5 sier EU selv p\u00e5 h\u00f8yeste niv\u00e5 at dette er en helt spesiell sak, og at den ikke skal sette presedens. Det er en viktig forsikring for oss, sier Eide.<\/p>\n<p class=\"hyperion-css-1lemvax\">\u2013 Men vi m\u00e5 v\u00e6re p\u00e5 vakt. N\u00e5r det n\u00e5 skal jobbes med en \u00abKj\u00f8p europeisk\u00bb-lovgiving, m\u00e5 det gjelde E\u00d8S og ikke bare EU, for eksempel. Det er jo konkrete tiltak for \u00e5 hindre at dette sprer seg til andre felt. Det mener jeg er det riktige \u00e5 gj\u00f8re. <\/p>\n","protected":false},"excerpt":{"rendered":"KrF vil gjengjelde toll ved \u00e5 fryse 1,5 milliarder E\u00d8S-kroner til Europas fattigste land. ALT FOR NORGE: &#8230;&hellip;\n","protected":false},"author":2,"featured_media":96519,"comment_status":"","ping_status":"","sticky":false,"template":"","format":"standard","meta":{"footnotes":""},"categories":[5],"tags":[20,21,24,25,15,19,22,23,17,18,13,30,28,29,14,16,26,27],"class_list":{"0":"post-96518","1":"post","2":"type-post","3":"status-publish","4":"format-standard","5":"has-post-thumbnail","7":"category-overskrifter","8":"tag-breaking-news","9":"tag-breakingnews","10":"tag-featured-news","11":"tag-featurednews","12":"tag-headlines","13":"tag-hovedoppslag","14":"tag-latest-news","15":"tag-latestnews","16":"tag-main-news","17":"tag-mainnews","18":"tag-news","19":"tag-no","20":"tag-norge","21":"tag-norway","22":"tag-nyheter","23":"tag-overskrifter","24":"tag-top-stories","25":"tag-topstories"},"share_on_mastodon":{"url":"https:\/\/pubeurope.com\/@no\/115611618918830005","error":""},"_links":{"self":[{"href":"https:\/\/www.europesays.com\/no\/wp-json\/wp\/v2\/posts\/96518","targetHints":{"allow":["GET"]}}],"collection":[{"href":"https:\/\/www.europesays.com\/no\/wp-json\/wp\/v2\/posts"}],"about":[{"href":"https:\/\/www.europesays.com\/no\/wp-json\/wp\/v2\/types\/post"}],"author":[{"embeddable":true,"href":"https:\/\/www.europesays.com\/no\/wp-json\/wp\/v2\/users\/2"}],"replies":[{"embeddable":true,"href":"https:\/\/www.europesays.com\/no\/wp-json\/wp\/v2\/comments?post=96518"}],"version-history":[{"count":0,"href":"https:\/\/www.europesays.com\/no\/wp-json\/wp\/v2\/posts\/96518\/revisions"}],"wp:featuredmedia":[{"embeddable":true,"href":"https:\/\/www.europesays.com\/no\/wp-json\/wp\/v2\/media\/96519"}],"wp:attachment":[{"href":"https:\/\/www.europesays.com\/no\/wp-json\/wp\/v2\/media?parent=96518"}],"wp:term":[{"taxonomy":"category","embeddable":true,"href":"https:\/\/www.europesays.com\/no\/wp-json\/wp\/v2\/categories?post=96518"},{"taxonomy":"post_tag","embeddable":true,"href":"https:\/\/www.europesays.com\/no\/wp-json\/wp\/v2\/tags?post=96518"}],"curies":[{"name":"wp","href":"https:\/\/api.w.org\/{rel}","templated":true}]}}