{"id":96520,"date":"2025-11-25T17:54:08","date_gmt":"2025-11-25T17:54:08","guid":{"rendered":"https:\/\/www.europesays.com\/no\/96520\/"},"modified":"2025-11-25T17:54:08","modified_gmt":"2025-11-25T17:54:08","slug":"cristiano-ronaldo-fotball-betinget-utelukkelse-for-cristiano-ronaldo-slipper-a-sta-over-kamper-i-vm","status":"publish","type":"post","link":"https:\/\/www.europesays.com\/no\/96520\/","title":{"rendered":"Cristiano Ronaldo, Fotball | Betinget utelukkelse for Cristiano Ronaldo \u2013 slipper \u00e5 st\u00e5 over kamper i VM"},"content":{"rendered":"\n<p>40-\u00e5ringen fikk direkte r\u00f8dt kort for \u00e5 bruke albuen mot Dara O&#8217;Shea i Portugals 0-2-tap for Irland. Normalt f\u00f8rer slike overtramp til tre kampers utelukkelse, men Ronaldo slipper \u00e5 st\u00e5 over flere kamper enn den betydningsl\u00f8se kvalifiseringskampen mot Armenia 16. november.<\/p>\n<p>Fifa har nemlig gjort kamp nummer to og tre av utelukkelsen betinget med en pr\u00f8vetid p\u00e5 ett \u00e5r. Det er lagt vekt p\u00e5 at det er hans f\u00f8rste utvisning p\u00e5 226 landskamper. Helt ubetydelig er det nok heller ikke at Portugals to f\u00f8rste VM-kamper ville mistet en enorm attraksjon om Ronaldo var utestengt.<\/p>\n<p> \u2013 Om Cristiano Ronaldo i pr\u00f8veperioden beg\u00e5r et nytt regelbrudd av samme art og alvorsgrad, vil de to siste kampenes utelukkelse \u00f8yeblikkelig bli gjort gjeldende, st\u00e5r det i en uttalelse fra Fifa, gjengitt blant andre av <a href=\"https:\/\/www.bbc.com\/sport\/football\/articles\/c30jp9q4jp6o\" rel=\"nofollow noopener\" target=\"_blank\">BBC<\/a>.<\/p>\n<p>Ronaldo scoret fem m\u00e5l i kvalifiseringen da Portugal vant sin gruppe klart og kvalifiserte seg til sitt sjuende VM-sluttspill p\u00e5 rad.<\/p>\n<p>(\u00a9NTB)<\/p>\n","protected":false},"excerpt":{"rendered":"40-\u00e5ringen fikk direkte r\u00f8dt kort for \u00e5 bruke albuen mot Dara O&#8217;Shea i Portugals 0-2-tap for Irland. Normalt&hellip;\n","protected":false},"author":2,"featured_media":96521,"comment_status":"","ping_status":"","sticky":false,"template":"","format":"standard","meta":{"footnotes":""},"categories":[59],"tags":[30,28,29,83,82],"class_list":{"0":"post-96520","1":"post","2":"type-post","3":"status-publish","4":"format-standard","5":"has-post-thumbnail","7":"category-sport","8":"tag-no","9":"tag-norge","10":"tag-norway","11":"tag-sport","12":"tag-sports"},"share_on_mastodon":{"url":"https:\/\/pubeurope.com\/@no\/115611622643928996","error":""},"_links":{"self":[{"href":"https:\/\/www.europesays.com\/no\/wp-json\/wp\/v2\/posts\/96520","targetHints":{"allow":["GET"]}}],"collection":[{"href":"https:\/\/www.europesays.com\/no\/wp-json\/wp\/v2\/posts"}],"about":[{"href":"https:\/\/www.europesays.com\/no\/wp-json\/wp\/v2\/types\/post"}],"author":[{"embeddable":true,"href":"https:\/\/www.europesays.com\/no\/wp-json\/wp\/v2\/users\/2"}],"replies":[{"embeddable":true,"href":"https:\/\/www.europesays.com\/no\/wp-json\/wp\/v2\/comments?post=96520"}],"version-history":[{"count":0,"href":"https:\/\/www.europesays.com\/no\/wp-json\/wp\/v2\/posts\/96520\/revisions"}],"wp:featuredmedia":[{"embeddable":true,"href":"https:\/\/www.europesays.com\/no\/wp-json\/wp\/v2\/media\/96521"}],"wp:attachment":[{"href":"https:\/\/www.europesays.com\/no\/wp-json\/wp\/v2\/media?parent=96520"}],"wp:term":[{"taxonomy":"category","embeddable":true,"href":"https:\/\/www.europesays.com\/no\/wp-json\/wp\/v2\/categories?post=96520"},{"taxonomy":"post_tag","embeddable":true,"href":"https:\/\/www.europesays.com\/no\/wp-json\/wp\/v2\/tags?post=96520"}],"curies":[{"name":"wp","href":"https:\/\/api.w.org\/{rel}","templated":true}]}}