{"id":96522,"date":"2025-11-25T17:58:10","date_gmt":"2025-11-25T17:58:10","guid":{"rendered":"https:\/\/www.europesays.com\/no\/96522\/"},"modified":"2025-11-25T17:58:10","modified_gmt":"2025-11-25T17:58:10","slug":"tror-vi-er-veldig-naer-en-ukraina-avtale","status":"publish","type":"post","link":"https:\/\/www.europesays.com\/no\/96522\/","title":{"rendered":"\u2013 Tror vi er veldig n\u00e6r en Ukraina-avtale"},"content":{"rendered":"\n<p class=\"_lead_o9xde_2 _lead_xtcu6_50 layout-component text-serif-m layout-normal text-serif-l layout-component layout-wide layout-padded _wide_17hqh_1 layout-padded\">Uttalelsen kommer etter et digitalt m\u00f8te med 30 land \u2013 der USAs foresl\u00e5tte fredsplan ble diskutert. <\/p>\n<p><img alt=\"Trump kommenterte fredsforhandlingene like f\u00f8r han skulle ben\u00e5de en kalkun i forbindelse med den amerikanske h\u00f8ytiden Thanksgiving.  Foto: ANDREW CABALLERO-REYNOLDS \/ AFP \/ NTB\" class=\"_image_qp4xg_65 layout-component layout-wide\" data-fullscreen- data-track-element-type=\"Article image fullscreen\" data-track-name=\"ImageFullscreen\" fetchpriority=\"high\" decoding=\"sync\" loading=\"eager\" height=\"2259\" itemprop=\"image\"  src=\"https:\/\/www.europesays.com\/no\/wp-content\/uploads\/2025\/11\/0a0c0de7-6bdc-4958-ac3a-658034223650\"  style=\"object-position:0% 0%\" width=\"3392\"\/>Trump kommenterte fredsforhandlingene like f\u00f8r han skulle ben\u00e5de en kalkun i forbindelse med den amerikanske h\u00f8ytiden Thanksgiving.  Foto: ANDREW CABALLERO-REYNOLDS \/ AFP \/ NTB<\/p>\n<ul aria-hidden=\"true\" class=\"_images_18f0k_111\">\n<li><a class=\"_link_18f0k_116\" href=\"https:\/\/www.vg.no\/forfatter\/signe-rosenlund-hauglid\" style=\"z-index:2\" title=\"Signe Rosenlund-Hauglid\" rel=\"nofollow noopener\" target=\"_blank\"><img alt=\"Bilde av Signe Rosenlund-Hauglid\" class=\"_image_18f0k_93\" fetchpriority=\"low\" loading=\"lazy\" decoding=\"async\" itemprop=\"image\"  src=\"https:\/\/www.europesays.com\/no\/wp-content\/uploads\/2025\/11\/1764093489_66_65e9df60-b046-4add-b7dd-10f1cf4fbd21\"  width=\"480\"\/><\/a><\/li>\n<li><a class=\"_link_18f0k_116\" href=\"https:\/\/www.vg.no\/forfatter\/ntb\" style=\"z-index:1\" title=\"NTB\" rel=\"nofollow noopener\" target=\"_blank\"><img alt=\"Bilde av NTB\" class=\"_image_18f0k_93\" fetchpriority=\"low\" loading=\"lazy\" decoding=\"async\" itemprop=\"image\"  src=\"https:\/\/www.europesays.com\/no\/wp-content\/uploads\/2025\/11\/1764093490_148_c33980b0-5d07-4027-84a1-813f90a7c8d6\"  width=\"480\"\/><\/a><\/li>\n<\/ul>\n<p> Oppdatert tirsdag 25. november kl. 18:50     <\/p>\n<p class=\"_paragraph_o9xde_4 _paragraph_xtcu6_10 layout-component text-serif-m layout-normal text-serif-m layout-padded\">\u2013 Vi er sv\u00e6rt n\u00e6re \u2026 jeg tror vi har gjort framskritt, sa Trump under et arrangement i Det hvite hus tirsdag kveld norsk tid. <\/p>\n<p class=\"_paragraph_o9xde_4 _paragraph_xtcu6_10 layout-component text-serif-m layout-normal text-serif-m layout-padded\">Trumps utsagn er en forlengelse av mandagens kommentar, da han uttalte at han var <a href=\"https:\/\/www.vg.no\/nyheter\/i\/RjbajJ\/usa-og-ukraina-enige-om-flere-punkter-i-fredsavtale-men-ikke-de-viktigste\" data-track-element-type=\"Link\" data-track-id=\"link:RjbajJ\" class=\"_link_o9xde_39\" rel=\"nofollow noopener\" target=\"_blank\">\u00aboptimistisk\u00bb til de p\u00e5g\u00e5ende fredsforhandlingene<\/a> mellom Russland og Ukraina. <\/p>\n<p class=\"_paragraph_o9xde_4 _paragraph_xtcu6_10 layout-component text-serif-m layout-normal text-serif-m layout-padded\">Mandag ble det klart at USA og Ukraina er enige om 19 av 28 punkter i den nye planen. <\/p>\n<p class=\"_paragraph_o9xde_4 _paragraph_xtcu6_10 layout-component text-serif-m layout-normal text-serif-m layout-padded\"><strong class=\"_strong_o9xde_25\">Likevel st\u00e5r en rekke av de viktigste og mest kontroversielle avklaringene igjen, som Ukrainas territorium og landets forhold til Nato.<\/strong><\/p>\n<p class=\"_paragraph_o9xde_4 _paragraph_xtcu6_10 layout-component text-serif-m layout-normal text-serif-m layout-padded\"><strong class=\"_strong_o9xde_25\">Les mer:<\/strong> <a href=\"https:\/\/www.vg.no\/nyheter\/i\/8plpmw\/trump-krever-at-ukraina-gir-opp-mer-territorium\" data-track-element-type=\"Link\" data-track-id=\"link:8plpmw\" class=\"_link_o9xde_39\" rel=\"nofollow noopener\" target=\"_blank\">Her er Trumps Ukraina-plan<\/a><\/p>\n<p class=\"_paragraph_o9xde_4 _paragraph_xtcu6_10 layout-component text-serif-m layout-normal text-serif-m layout-padded\">Etter Russlands fullskala invasjon av Ukraina 24. februar 2022, har krigen herjet i snart fire \u00e5r. <\/p>\n<p class=\"_paragraph_o9xde_4 _paragraph_xtcu6_10 layout-component text-serif-m layout-normal text-serif-m layout-padded\">Ukrainas president Volodymyr Zelenskyj uttalte tirsdag at Kiyv er klare til \u00e5 diskutere de sensitive punktene i planen med Trump. Samtidig \u00f8nsker han at europeiske allierte skal delta i samtalene, melder Reuters. <\/p>\n<p class=\"_paragraph_o9xde_4 _paragraph_xtcu6_10 layout-component text-serif-m layout-normal text-serif-m layout-padded\">De sensitive punktene omhandler landomr\u00e5dene Krim-halv\u00f8ya, Luhansk og Donetsk, som if\u00f8lge planen skal anerkjennes som russiske, dersom russerne f\u00e5r viljen sin. Det er ogs\u00e5 konflikt om landomr\u00e5der rundt byene Kherson og Zaporizjzja. <\/p>\n<p class=\"_paragraph_o9xde_4 _paragraph_xtcu6_10 layout-component text-serif-m layout-normal text-serif-m layout-padded\">I tillegg \u00f8nsker Zelenskyj at Ukraina p\u00e5 sikt skal inkluderes i forsvarsalliansen Nato, noe Russland er sterkt imot. <\/p>\n<p>Starmer: \u2013 Riktig retning<\/p>\n<p class=\"_paragraph_o9xde_4 _paragraph_xtcu6_10 layout-component text-serif-m layout-normal text-serif-m layout-padded\">\u2013 Jeg tror vi beveger oss i en positiv retning. Zelenskyj har antydet at store deler av teksten kan godtas, sier Storbritannias statsminister <a href=\"https:\/\/www.vg.no\/tag\/keir-starmer?utm_source=vg-article&amp;utm_medium=auto-tagger&amp;utm_campaign=6qwKoz\" class=\"_link_o9xde_39\" rel=\"nofollow noopener\" target=\"_blank\">Keir Starmer<\/a> til Sky News etter m\u00f8tet med koalisjonen av de villige tirsdag. <\/p>\n<p class=\"_paragraph_o9xde_4 _paragraph_xtcu6_10 layout-component text-serif-m layout-normal text-serif-m layout-padded\">Koalisjonen av de villige best\u00e5r av over 30 land, deriblant Norge. USA er ikke med.<\/p>\n<p class=\"_paragraph_o9xde_4 _paragraph_xtcu6_10 layout-component text-serif-m layout-normal text-serif-m layout-padded\">Starmer legger til at Ukraina har foresl\u00e5tt noen konstruktive endringer til den amerikanske fredsplanen. Statsministerens talsperson understreker ogs\u00e5 at de ikke er i m\u00e5l enn\u00e5.<\/p>\n<p class=\"_paragraph_o9xde_4 _paragraph_xtcu6_10 layout-component text-serif-m layout-normal text-serif-m layout-padded\"> \u2013 Vi \u00f8nsker framgangen velkommen, men det er fortsatt flere punkter som m\u00e5 gjennomarbeides, sier talspersonen til det britiske nyhetsbyr\u00e5et PA, if\u00f8lge <a href=\"https:\/\/www.theguardian.com\/world\/live\/2025\/nov\/25\/us-russia-ukraine-peace-talks-abu-dhabi-kyiv-strikes-zelenskyy-putin-europe-live-news?CMP=share_btn_url&amp;page=with%3Ablock-6925d8908f08e0e30626777b#block-6925d8908f08e0e30626777b\" class=\"_link_o9xde_39\" rel=\"nofollow noopener\" target=\"_blank\">The Guardian<\/a>.<\/p>\n<p class=\"_paragraph_o9xde_4 _paragraph_xtcu6_10 layout-component text-serif-m layout-normal text-serif-m layout-padded\">Frankrikes president Emmanuel Macron deltok ogs\u00e5 p\u00e5 m\u00f8tet. <\/p>\n<p class=\"_paragraph_o9xde_4 _paragraph_xtcu6_10 layout-component text-serif-m layout-normal text-serif-m layout-padded\">\u2013 Forhandlingene f\u00e5r en ny fart, og vi b\u00f8r utnytte dette momentumet. Ikke fordi det er grunn til bekymring \u2013 Ukraina er solid, Russland er tregt og Europa er standhaftig \u2013 men fordi det endelig er en sjanse til \u00e5 oppn\u00e5 reell framgang mot en god fred, sier Macron etter samtalene.<\/p>\n<p><img alt=\"Keir Starmer deltok tirsdag under et digitalt m\u00f8te med den s\u00e5kalte koalisjonen av de villige.   Foto: Toby Melville \/ AP \/ NTB\" class=\"_image_qp4xg_65 layout-component layout-normal\" data-fullscreen- data-track-element-type=\"Article image fullscreen\" data-track-name=\"ImageFullscreen\" decoding=\"async\" loading=\"lazy\" height=\"3440\" itemprop=\"image\"  src=\"https:\/\/www.europesays.com\/no\/wp-content\/uploads\/2025\/11\/fa22d785-4bd6-4ce8-aea7-069ed0436223\"  style=\"object-position:0% 0%\" width=\"5152\"\/>Keir Starmer deltok tirsdag under et digitalt m\u00f8te med den s\u00e5kalte koalisjonen av de villige.   Foto: Toby Melville \/ AP \/ NTB    <\/p>\n","protected":false},"excerpt":{"rendered":"Uttalelsen kommer etter et digitalt m\u00f8te med 30 land \u2013 der USAs foresl\u00e5tte fredsplan ble diskutert. Trump kommenterte&hellip;\n","protected":false},"author":2,"featured_media":96523,"comment_status":"","ping_status":"","sticky":false,"template":"","format":"standard","meta":{"footnotes":""},"categories":[12],"tags":[20,21,55,24,25,15,2375,22,23,13,30,28,29,14,16,188,26,27,489,50,42,488,43,44,45],"class_list":{"0":"post-96522","1":"post","2":"type-post","3":"status-publish","4":"format-standard","5":"has-post-thumbnail","7":"category-verden","8":"tag-breaking-news","9":"tag-breakingnews","10":"tag-donald-trump","11":"tag-featured-news","12":"tag-featurednews","13":"tag-headlines","14":"tag-keir-starmer","15":"tag-latest-news","16":"tag-latestnews","17":"tag-news","18":"tag-no","19":"tag-norge","20":"tag-norway","21":"tag-nyheter","22":"tag-overskrifter","23":"tag-russland","24":"tag-top-stories","25":"tag-topstories","26":"tag-ukraina","27":"tag-usa","28":"tag-verden","29":"tag-volodymyr-zelenskyj","30":"tag-world","31":"tag-world-news","32":"tag-worldnews"},"share_on_mastodon":{"url":"https:\/\/pubeurope.com\/@no\/115611638975783549","error":""},"_links":{"self":[{"href":"https:\/\/www.europesays.com\/no\/wp-json\/wp\/v2\/posts\/96522","targetHints":{"allow":["GET"]}}],"collection":[{"href":"https:\/\/www.europesays.com\/no\/wp-json\/wp\/v2\/posts"}],"about":[{"href":"https:\/\/www.europesays.com\/no\/wp-json\/wp\/v2\/types\/post"}],"author":[{"embeddable":true,"href":"https:\/\/www.europesays.com\/no\/wp-json\/wp\/v2\/users\/2"}],"replies":[{"embeddable":true,"href":"https:\/\/www.europesays.com\/no\/wp-json\/wp\/v2\/comments?post=96522"}],"version-history":[{"count":0,"href":"https:\/\/www.europesays.com\/no\/wp-json\/wp\/v2\/posts\/96522\/revisions"}],"wp:featuredmedia":[{"embeddable":true,"href":"https:\/\/www.europesays.com\/no\/wp-json\/wp\/v2\/media\/96523"}],"wp:attachment":[{"href":"https:\/\/www.europesays.com\/no\/wp-json\/wp\/v2\/media?parent=96522"}],"wp:term":[{"taxonomy":"category","embeddable":true,"href":"https:\/\/www.europesays.com\/no\/wp-json\/wp\/v2\/categories?post=96522"},{"taxonomy":"post_tag","embeddable":true,"href":"https:\/\/www.europesays.com\/no\/wp-json\/wp\/v2\/tags?post=96522"}],"curies":[{"name":"wp","href":"https:\/\/api.w.org\/{rel}","templated":true}]}}