{"id":96524,"date":"2025-11-25T17:59:12","date_gmt":"2025-11-25T17:59:12","guid":{"rendered":"https:\/\/www.europesays.com\/no\/96524\/"},"modified":"2025-11-25T17:59:12","modified_gmt":"2025-11-25T17:59:12","slug":"hammerfest-politikk-og-samfunn-upresis-om-ny-gasskraft-vi-har-ikke-lagt-bort-noe-ifinnmark","status":"publish","type":"post","link":"https:\/\/www.europesays.com\/no\/96524\/","title":{"rendered":"Hammerfest, Politikk og samfunn | Upresis om ny gasskraft: \u2013 Vi har ikke lagt bort noe &#8211; iFinnmark"},"content":{"rendered":"<ol>\n<li><a href=\"https:\/\/news.google.com\/rss\/articles\/CBMikwFBVV95cUxPX3Y0TC1LRFhrdExPUm9hckVhOWhkS2J6dXk5QzduWURjVHJ3NFgwZDBJbjhIaDFGRlUzdWdtUnVGSnZtam5vT0NJYVUydEhxY1RvMmI0MUlkOHpVVnJDZEQ1N21vYWd5c09ObXZPV1dmVzVraHdQWmQ0X0JYM1o0M19Gd21QTVo0UmVNQ19WWnR2RlE?oc=5\" target=\"_blank\" rel=\"nofollow noopener\">Hammerfest, Politikk og samfunn | Upresis om ny gasskraft: \u2013 Vi har ikke lagt bort noe<\/a>&nbsp;&nbsp;iFinnmark<\/li>\n<li><a href=\"https:\/\/news.google.com\/rss\/articles\/CBMikAFBVV95cUxQRUJraFFLVEMxWExhaTcxeExYMTd5bHhMWmFuM0NRY2gzMjRHY2tneTRjUURWQk9mOVNCQTRSWHA4di02QkZzalFHNU4ycHctT0Y5bGc4dmFmVkxQc25IYXBBejA5VG0tNTZ4aG01a1kzOHgzQkZ5Y0ExLTRvR0dGaE11R3ZVQlA1RUlIQl9CZjY?oc=5\" target=\"_blank\" rel=\"nofollow noopener\">Ny Melk\u00f8ya-omkamp: Risikerer at ti milliarder g\u00e5r tapt<\/a>&nbsp;&nbsp;Teknisk Ukeblad<\/li>\n<li><a href=\"https:\/\/news.google.com\/rss\/articles\/CBMimAFBVV95cUxOclJwQzkwcS1icVRBdXZiY0NKRXI0R1lEekNuVV9pXzUxN0dOdXBaZTlZOUdpa3QyQWYxb1dlRmItSUhOcENmeHgtODlFcXJJdG9RZ1gxRDJ4UjJ4ck5CSWdfb3c5RFd2VWVTa21wNHV2Mk5ZU3dYazktU09sQ0htbG42WlFrMjVsVjUxSnNWNjNhUmFvaUlkNA?oc=5\" target=\"_blank\" rel=\"nofollow noopener\">Hammerfest, Politikk og samfunn | Hilde redd for framtiden: \u2013 De rokker ved alt vi har her<\/a>&nbsp;&nbsp;iFinnmark<\/li>\n<li><a href=\"https:\/\/news.google.com\/rss\/articles\/CBMivwFBVV95cUxPOC1MdkxYYkhyd3RpWEdaaGNpWEJJNXcyN2w2V04tV1YtajF5bUpnNlNSSnlncUJHREZLZWJvMlJOMVdvVENUdnpnSnhwRzJmQ0ROeE1IUmluc0lfbEI0bmx5OUljbUlIT2pYYzUyWFM0M21ndnFEbjBZTlM2VW5SdXh2WFpySWdLMW5ERk8tQWRpdW15WGRqYzZwaXV4aHVpaHNRMmpjdjVJSWgySFlZMV9HdXhIU0FDWU5iWjlCSQ?oc=5\" target=\"_blank\" rel=\"nofollow noopener\">Equinor-sjefen frustrert over omkamp om Melk\u00f8ya: \u2013 Vi trenger forutsigbarhet<\/a>&nbsp;&nbsp;NRK<\/li>\n<li><a href=\"https:\/\/news.google.com\/rss\/articles\/CBMiwAFBVV95cUxOeUNNa05mOGZJYVBzRXFwRExjVmh4NEhfN1U1enZKdzJLandSamR2bkpOc09scjR1UFFzcnc4Q2tDZXVqY2s4MU0tOXFWWkYxVnhrQ3RCZG1Sd2hfTDRvcEZ0STlIT2tRei1hMExldF9VQ2REc2NZR09KYnBmcUowbDBST2g2d1pFTTRLcWZmWHVzZEFKV1FxWmh3Z2NGNWNzdFBPS0ppSzliNm9LWDJMMXJnbWhxdUJ4aUtWWTFkVDQ?oc=5\" target=\"_blank\" rel=\"nofollow noopener\">(+) Statens egne spesialister p\u00e5 CCS uteblir fra \u00e5pen stortingsh\u00f8ring om Melk\u00f8ya<\/a>&nbsp;&nbsp;altaposten.no<\/li>\n<\/ol>\n","protected":false},"excerpt":{"rendered":"Hammerfest, Politikk og samfunn | Upresis om ny gasskraft: \u2013 Vi har ikke lagt bort noe&nbsp;&nbsp;iFinnmark Ny Melk\u00f8ya-omkamp:&hellip;\n","protected":false},"author":2,"featured_media":96525,"comment_status":"","ping_status":"","sticky":false,"template":"","format":"standard","meta":{"footnotes":""},"categories":[10],"tags":[20,21,24,25,15,22,23,13,30,28,29,14,16,26,27],"class_list":{"0":"post-96524","1":"post","2":"type-post","3":"status-publish","4":"format-standard","5":"has-post-thumbnail","7":"category-norge","8":"tag-breaking-news","9":"tag-breakingnews","10":"tag-featured-news","11":"tag-featurednews","12":"tag-headlines","13":"tag-latest-news","14":"tag-latestnews","15":"tag-news","16":"tag-no","17":"tag-norge","18":"tag-norway","19":"tag-nyheter","20":"tag-overskrifter","21":"tag-top-stories","22":"tag-topstories"},"share_on_mastodon":{"url":"https:\/\/pubeurope.com\/@no\/115611642329487831","error":""},"_links":{"self":[{"href":"https:\/\/www.europesays.com\/no\/wp-json\/wp\/v2\/posts\/96524","targetHints":{"allow":["GET"]}}],"collection":[{"href":"https:\/\/www.europesays.com\/no\/wp-json\/wp\/v2\/posts"}],"about":[{"href":"https:\/\/www.europesays.com\/no\/wp-json\/wp\/v2\/types\/post"}],"author":[{"embeddable":true,"href":"https:\/\/www.europesays.com\/no\/wp-json\/wp\/v2\/users\/2"}],"replies":[{"embeddable":true,"href":"https:\/\/www.europesays.com\/no\/wp-json\/wp\/v2\/comments?post=96524"}],"version-history":[{"count":0,"href":"https:\/\/www.europesays.com\/no\/wp-json\/wp\/v2\/posts\/96524\/revisions"}],"wp:featuredmedia":[{"embeddable":true,"href":"https:\/\/www.europesays.com\/no\/wp-json\/wp\/v2\/media\/96525"}],"wp:attachment":[{"href":"https:\/\/www.europesays.com\/no\/wp-json\/wp\/v2\/media?parent=96524"}],"wp:term":[{"taxonomy":"category","embeddable":true,"href":"https:\/\/www.europesays.com\/no\/wp-json\/wp\/v2\/categories?post=96524"},{"taxonomy":"post_tag","embeddable":true,"href":"https:\/\/www.europesays.com\/no\/wp-json\/wp\/v2\/tags?post=96524"}],"curies":[{"name":"wp","href":"https:\/\/api.w.org\/{rel}","templated":true}]}}