{"id":96528,"date":"2025-11-25T18:02:11","date_gmt":"2025-11-25T18:02:11","guid":{"rendered":"https:\/\/www.europesays.com\/no\/96528\/"},"modified":"2025-11-25T18:02:11","modified_gmt":"2025-11-25T18:02:11","slug":"julie-bjervig-drivenes-maja-dahlqvist","status":"publish","type":"post","link":"https:\/\/www.europesays.com\/no\/96528\/","title":{"rendered":"Julie Bjervig Drivenes, Maja Dahlqvist"},"content":{"rendered":"\n<p>I forkant av helgens sesong\u00e5pning p\u00e5 Beitost\u00f8len var det neppe mange som hadde satt penger p\u00e5 seier til Julie Bjervig Drivenes.<\/p>\n<p>Sett i etterkant er det nok det man burde gjort.<\/p>\n<p>26-\u00e5ringen overrasket nemlig alle og<a rel=\"Follow nofollow noopener\" href=\"https:\/\/www.nettavisen.no\/sport\/sjokkseier-pa-beitostolen-for-en-skrell\/s\/5-95-2743004\" target=\"_blank\"> tok tredjeplassen l\u00f8rdag og seieren s\u00f8ndag. <\/a><\/p>\n<p>Det har p\u00e5 ingen m\u00e5te g\u00e5tt ubemerket hen, verken her til lands eller i Sverige. Svenskene har raskt m\u00e5ttet lese seg opp p\u00e5 Bjervig Drivenes, som plutselig kan bli en sterk utfordrer i verdenscupen denne vinteren.<\/p>\n<p>\u2013 Jeg har bare h\u00f8rt navnet hennes, jeg vet ikke hvem det er, sier Maja Dahlqvist til <a rel=\"Follow nofollow noopener\" href=\"https:\/\/www.instagram.com\/reel\/DRZ2kwUiMrv\/?igsh=MTBhMXFyOHkzMGk2cQ%3D%3D&amp;fbclid=IwY2xjawORWmtleHRuA2FlbQIxMABicmlkETFabHJYQzBnWUVWOTFjekt0c3J0YwZhcHBfaWQQMjIyMDM5MTc4ODIwMDg5MgABHkadfrBZmmbyGvdx28HzXhufi3BKBE4CrNTye5yH07dO31No1kjhtUEwvZpu_aem_sy048sYeUJy5__-ivlDJgA\" target=\"_blank\">Expressen. <\/a><\/p>\n<p>Den svenske 31-\u00e5ringen har f\u00e5tt med seg den norske nykommeren p\u00e5 Strava, men ble overrasket over det hun leverte p\u00e5 Beitost\u00f8len.<\/p>\n<p>\u2013 Hun er \u00e5penbart i god form.<\/p>\n<p>    Vil du se neste video?<\/p>\n<p>    <a href=\"https:\/\/www.nettavisen.no\/nyheter\/nettet-eksploderer-etter-donald-trump-uttalelse-vart-stille-lille-gris\/v\/5-95-2735989\" class=\"recommend-poster\" data-adp-clicklabel=\"video-recommend\" data-adp-clickvalue=\"poster\" rel=\"nofollow noopener\" target=\"_blank\"><br \/>\n      <img decoding=\"async\" width=\"200\" height=\"200\" loading=\"lazy\" src=\"https:\/\/www.europesays.com\/no\/wp-content\/uploads\/2025\/11\/1764057430_474_Trump+til+cue.jpg\" alt=\"\" class=\"brick-c-cFOWSL\" style=\"--brick-image-ratio: 200 \/ 200;\"\/><\/p>\n<p>Nettet eksploderer: \u2013 V\u00e6r stille, lille gris0:32<\/p>\n<p>    <\/a><\/p>\n<p>Overrasket svenskene<\/p>\n<p>Da Ebba Andersson blir spurt om Bjervig Drivenes, m\u00e5 hun forsikre seg om at hun uttaler seg om rett person.<\/p>\n<p>\u2013 Det var hun som vant den norske sesong\u00e5pningen, var det ikke?, sp\u00f8r Andersson og fortsetter:<\/p>\n<p>\u2013 Det er nok bare \u00e5 venne seg til det navnet.<\/p>\n<p><b>Les ogs\u00e5: <a rel=\"Follow nofollow noopener\" href=\"https:\/\/www.nettavisen.no\/sport\/dopingsaken-victoria-carl-far-ikke-vare-med-i-ol\/s\/5-95-2747115\" target=\"_blank\">Dopingsaken: Victoria Carl f\u00e5r ikke v\u00e6re med i OL<\/a><\/b><\/p>\n<p>Frida Karlsson, som i lang tid har v\u00e6rt blant de mest profilerte svenske langrennsl\u00f8perne, synes det er kult at nye l\u00f8pere kommer fram.<\/p>\n<p>\u2013 Jeg kjenner igjen navnet, det gj\u00f8r jeg. Men jeg har ikke veldig god kontroll, forklarer hun til Expressen.<\/p>\n<p>Bjervig Drivenes noterte seg alts\u00e5 to pallplasser under \u00e5pningshelgen og er n\u00e5 tatt ut til den kommende verdenscupen i Ruka.<\/p>\n<p>I ekstase<\/p>\n<p>Etter prestasjonene i helgen var hun i ekstase da hun m\u00f8tte Nettavisen i pressesonen.<\/p>\n<p>\u2013 For oss som ikke har vunnet p\u00e5 Beito f\u00f8r, s\u00e5 er dette helt sykt. Det er noe man bare kan dr\u00f8mme om som idrettsut\u00f8ver, sa hun og fortsatte:<\/p>\n<p>\u2013 Jeg har f\u00f8lelsene utenp\u00e5 kroppen og det var ikke noe \u00e5 legge skjul p\u00e5. Det synes jeg ikke man skal gj\u00f8re heller. Jeg slapp det l\u00f8s og var veldig glad.<\/p>\n<p><b>Les ogs\u00e5: <a rel=\"Follow nofollow noopener\" href=\"https:\/\/www.nettavisen.no\/sport\/jakob-ingebrigtsen-tatt-ut-til-em-i-terrenglop\/s\/5-95-2746909\" target=\"_blank\">Jakob Ingebrigtsen tatt ut til EM i terrengl\u00f8p<\/a><\/b><\/p>\n<p>Videre beskrev hun at det hele f\u00f8les \u00abhelt enormt\u00bb og \u00abutrolig\u00bb.<\/p>\n<p>Totalt har Norges Skiforbund tatt ut 28 l\u00f8pere til de kommende konkurransene<\/p>\n<p>Skiforbundet langrenn har tatt ut 28 l\u00f8pere, hvorav 13 kvinner og 15 menn, til verdenscup\u00e5pningen i finske Ruka 28.\u201330. november 2025.<\/p>\n<p><script async src=\"\/\/www.instagram.com\/embed.js\"><\/script><\/p>\n","protected":false},"excerpt":{"rendered":"I forkant av helgens sesong\u00e5pning p\u00e5 Beitost\u00f8len var det neppe mange som hadde satt penger p\u00e5 seier til&hellip;\n","protected":false},"author":2,"featured_media":96529,"comment_status":"","ping_status":"","sticky":false,"template":"","format":"standard","meta":{"footnotes":""},"categories":[59],"tags":[30,28,29,83,82],"class_list":{"0":"post-96528","1":"post","2":"type-post","3":"status-publish","4":"format-standard","5":"has-post-thumbnail","7":"category-sport","8":"tag-no","9":"tag-norge","10":"tag-norway","11":"tag-sport","12":"tag-sports"},"share_on_mastodon":{"url":"https:\/\/pubeurope.com\/@no\/115611654158791654","error":""},"_links":{"self":[{"href":"https:\/\/www.europesays.com\/no\/wp-json\/wp\/v2\/posts\/96528","targetHints":{"allow":["GET"]}}],"collection":[{"href":"https:\/\/www.europesays.com\/no\/wp-json\/wp\/v2\/posts"}],"about":[{"href":"https:\/\/www.europesays.com\/no\/wp-json\/wp\/v2\/types\/post"}],"author":[{"embeddable":true,"href":"https:\/\/www.europesays.com\/no\/wp-json\/wp\/v2\/users\/2"}],"replies":[{"embeddable":true,"href":"https:\/\/www.europesays.com\/no\/wp-json\/wp\/v2\/comments?post=96528"}],"version-history":[{"count":0,"href":"https:\/\/www.europesays.com\/no\/wp-json\/wp\/v2\/posts\/96528\/revisions"}],"wp:featuredmedia":[{"embeddable":true,"href":"https:\/\/www.europesays.com\/no\/wp-json\/wp\/v2\/media\/96529"}],"wp:attachment":[{"href":"https:\/\/www.europesays.com\/no\/wp-json\/wp\/v2\/media?parent=96528"}],"wp:term":[{"taxonomy":"category","embeddable":true,"href":"https:\/\/www.europesays.com\/no\/wp-json\/wp\/v2\/categories?post=96528"},{"taxonomy":"post_tag","embeddable":true,"href":"https:\/\/www.europesays.com\/no\/wp-json\/wp\/v2\/tags?post=96528"}],"curies":[{"name":"wp","href":"https:\/\/api.w.org\/{rel}","templated":true}]}}