{"id":96553,"date":"2025-11-25T18:42:09","date_gmt":"2025-11-25T18:42:09","guid":{"rendered":"https:\/\/www.europesays.com\/no\/96553\/"},"modified":"2025-11-25T18:42:09","modified_gmt":"2025-11-25T18:42:09","slug":"adolf-hitler-kan-vinne-valget","status":"publish","type":"post","link":"https:\/\/www.europesays.com\/no\/96553\/","title":{"rendered":"Adolf Hitler kan vinne valget"},"content":{"rendered":"<p>  Adolf Hitler Uunona vokste opp uten \u00e5 vite betydningen av navnet sitt. N\u00e5 ligger han an til brakseier\u00a0i Namibia.<\/p>\n<p>\n    VIL IKKE HA VERDENSHERRED\u00d8MME: Adolf Hitler Uunona, som leder partiet Swapo. Foto: Swapo\n  <\/p>\n<p>Adolf Hitler Uunona (59) ligger an til \u00e5 vinne nok en lokalvalgseier i Namibia, if\u00f8lge <a href=\"https:\/\/www.bild.de\/politik\/ausland-und-internationales\/afrikanischer-landrat-namibia-hitler-tritt-zur-wiederwahl-an-6921ab4cb524e0ce7f1c4cc2\" rel=\"nofollow noopener\" target=\"_blank\">Bild<\/a>.<\/p>\n<p class=\"font-weight-bold m-font-weight-bold\" data-lab-font_weight=\"font-weight-bold\">Den tyske tabloidavisa har fulgt politikeren i en \u00e5rrekke, og har d\u00f8pt ham \u00abNamibia-Hitler\u00bb.<\/p>\n<p>Han fikk 85 prosent av stemmene i Ompundja-distriktet i 2020, og holder fortsatt st\u00f8 posisjon i det nordlige Namibia.<\/p>\n<p> Hitler, som representerer partiet Swapo, stiller som kandidat i regionvalget 26. november.\u00a0<\/p>\n<p>Han bekrefter dette overfor Bild, men \u00f8nsker ikke \u00e5 kommentere saken ytterligere.<\/p>\n<p>        I 1945 lette allierte soldater gjennom ruinene av Adolf Hitlers bunker, der en av dem tok med seg et blodflekket stykke t\u00f8y fra diktatorens sofa. N\u00e5 hevder forskere som har kartlagt Hitlers DNA, og funnet ukjent diagnose. Video: Reuters\/Storyblocks. Reporter: Christina H. Korneliussen<\/p>\n<p>Store overskrifter\t<\/p>\n<p>Hitler ble internasjonalt kjent etter forrige valg, da navnet hans skapte overskrifter over hele verden.\u00a0<\/p>\n<p>        &#8211; F\u00f8rst da jeg vokste opp, skj\u00f8nte jeg at Adolf Hitler \u00f8nsket \u00e5 erobre hele verden. Jeg har ingenting med dette \u00e5 gj\u00f8re.<\/p>\n<p class=\"author italic m-italic\" style=\"\">Adolf Hitler Uunona<\/p>\n<p><a href=\"https:\/\/www.bild.de\/politik\/ausland\/politik-ausland\/politiker-heisst-wirklich-so-adolf-hitler-in-namibia-gewaehlt-74237610.bild.html\" rel=\"nofollow noopener\" target=\"_blank\">I et intervju med Bild i 2020 <\/a>fortalte han at faren hans ikke visste hva Adolf Hitler hadde gjort da han valgte navnet.<\/p>\n<p class=\"font-weight-bold m-font-weight-bold\" data-lab-font_weight=\"font-weight-bold\">&#8211; Faren min forsto trolig ikke hva Adolf Hitler stod for. Som barn s\u00e5 jeg det som et helt vanlig navn, sa han.<\/p>\n<p>    <a itemprop=\"url\" href=\"https:\/\/www.dagbladet.no\/nyheter\/titalls-stormet-ut-etter-hitler-vits\/83889733\" rel=\"nofollow noopener\" target=\"_blank\"><\/p>\n<p>      <img loading=\"lazy\" decoding=\"async\" src=\"https:\/\/www.europesays.com\/no\/wp-content\/uploads\/2025\/11\/83889740.webp\" width=\"147\" height=\"98\" title=\"Titalls stormet ut etter Hitler-vits\" alt=\"\" class=\"lazyload\" style=\"--aspect-ratio-image: 1.50; \"\/><\/p>\n<p>        Titalls stormet ut etter Hitler-vits<\/p>\n<p>    <\/a><\/p>\n<p>&#8211; For seint\t<\/p>\n<p>Han sa i samme intervju at han f\u00f8rst som voksen skj\u00f8nte omfanget av nazilederens handlinger.<\/p>\n<p>&#8211; F\u00f8rst da jeg vokste opp, forsto jeg at Adolf Hitler \u00f8nsket \u00e5 erobre hele verden. Jeg har ingenting med dette \u00e5 gj\u00f8re, sa han.<\/p>\n<p>If\u00f8lge Bild kaller kona ham fortsatt Adolf, men offentlig bruker han som regel bare etternavnet.\u00a0<\/p>\n<p>Han har likevel ingen planer om \u00e5 endre navn.<\/p>\n<p>&#8211; Det st\u00e5r i alle offisielle dokumenter. Det er for seint for det, sa han.<\/p>\n<p>    <a itemprop=\"url\" href=\"https:\/\/www.dagbladet.no\/nyheter\/anmeldt-pa-nytt\/83897756\" rel=\"nofollow noopener\" target=\"_blank\"><\/p>\n<p>      <img loading=\"lazy\" decoding=\"async\" src=\"https:\/\/www.europesays.com\/no\/wp-content\/uploads\/2025\/11\/83897764.webp\" width=\"147\" height=\"98\" title=\"Jan Helge Andersen anmeldt p\u00e5 nytt\" alt=\"\" class=\"lazyload\" style=\"--aspect-ratio-image: 1.50; \"\/><\/p>\n<p>        Jan Helge Andersen anmeldt p\u00e5 nytt<\/p>\n<p>    <\/a><\/p>\n<p>Hakekors i bakruta\t<\/p>\n<p>Namibia er en tidligere tysk koloni, og en rekke tyske stedsnavn og personnavn brukes fortsatt.\u00a0<\/p>\n<p>Tradisjonelle tyske navn, som for eksempel Adolf, er derfor ikke uvanlige.<\/p>\n<p class=\"font-weight-bold m-font-weight-bold\" data-lab-font_weight=\"font-weight-bold\">I 2020 ble en bil observert i Uunonas hjemregion Oshana med navnet \u00abAdolf Hitler\u00bb og et hakekors i bakruta.\u00a0<\/p>\n<p>Swapo-representant Adolf Hitler Uunona avviste at bilen hadde noe med ham \u00e5 gj\u00f8re, og tok avstand fra stuntet.<\/p>\n","protected":false},"excerpt":{"rendered":"Adolf Hitler Uunona vokste opp uten \u00e5 vite betydningen av navnet sitt. N\u00e5 ligger han an til brakseier\u00a0i&hellip;\n","protected":false},"author":2,"featured_media":96554,"comment_status":"","ping_status":"","sticky":false,"template":"","format":"standard","meta":{"footnotes":""},"categories":[12],"tags":[20,21,24,25,15,22,23,13,30,28,29,14,16,26,27,412,42,43,44,45],"class_list":{"0":"post-96553","1":"post","2":"type-post","3":"status-publish","4":"format-standard","5":"has-post-thumbnail","7":"category-verden","8":"tag-breaking-news","9":"tag-breakingnews","10":"tag-featured-news","11":"tag-featurednews","12":"tag-headlines","13":"tag-latest-news","14":"tag-latestnews","15":"tag-news","16":"tag-no","17":"tag-norge","18":"tag-norway","19":"tag-nyheter","20":"tag-overskrifter","21":"tag-top-stories","22":"tag-topstories","23":"tag-utenriks","24":"tag-verden","25":"tag-world","26":"tag-world-news","27":"tag-worldnews"},"share_on_mastodon":{"url":"https:\/\/pubeurope.com\/@no\/115611811610598015","error":""},"_links":{"self":[{"href":"https:\/\/www.europesays.com\/no\/wp-json\/wp\/v2\/posts\/96553","targetHints":{"allow":["GET"]}}],"collection":[{"href":"https:\/\/www.europesays.com\/no\/wp-json\/wp\/v2\/posts"}],"about":[{"href":"https:\/\/www.europesays.com\/no\/wp-json\/wp\/v2\/types\/post"}],"author":[{"embeddable":true,"href":"https:\/\/www.europesays.com\/no\/wp-json\/wp\/v2\/users\/2"}],"replies":[{"embeddable":true,"href":"https:\/\/www.europesays.com\/no\/wp-json\/wp\/v2\/comments?post=96553"}],"version-history":[{"count":0,"href":"https:\/\/www.europesays.com\/no\/wp-json\/wp\/v2\/posts\/96553\/revisions"}],"wp:featuredmedia":[{"embeddable":true,"href":"https:\/\/www.europesays.com\/no\/wp-json\/wp\/v2\/media\/96554"}],"wp:attachment":[{"href":"https:\/\/www.europesays.com\/no\/wp-json\/wp\/v2\/media?parent=96553"}],"wp:term":[{"taxonomy":"category","embeddable":true,"href":"https:\/\/www.europesays.com\/no\/wp-json\/wp\/v2\/categories?post=96553"},{"taxonomy":"post_tag","embeddable":true,"href":"https:\/\/www.europesays.com\/no\/wp-json\/wp\/v2\/tags?post=96553"}],"curies":[{"name":"wp","href":"https:\/\/api.w.org\/{rel}","templated":true}]}}