{"id":96555,"date":"2025-11-25T18:43:08","date_gmt":"2025-11-25T18:43:08","guid":{"rendered":"https:\/\/www.europesays.com\/no\/96555\/"},"modified":"2025-11-25T18:43:08","modified_gmt":"2025-11-25T18:43:08","slug":"153-grunneiere-langs-sorlandsbanen-vant-mot-bane-nor-i-hoyesterett-nrk-rogaland-lokale-nyheter-tv-og-radio","status":"publish","type":"post","link":"https:\/\/www.europesays.com\/no\/96555\/","title":{"rendered":"153 grunneiere langs S\u00f8rlandsbanen vant mot Bane Nor i H\u00f8yesterett \u2013 NRK Rogaland \u2013 Lokale nyheter, TV og radio"},"content":{"rendered":"<p>\u2013 N\u00e5 har jeg lagt en stor karamell under tunga. S\u00e5 g\u00e5r jeg og smatter p\u00e5 den og koser meg. N\u00e5 m\u00e5 vi nok ha en god kake og en liten fest, sier leder i grunneierlaget, Bernt Terje H\u00f8yland.<\/p>\n<p><a href=\"https:\/\/www.nrk.no\/rogaland\/150-bonder-langs-sorlandsbanen-saksoker-bane-nor-1.16295730\" ec-id=\"pp:article:1.16295730\" ec-name=\"I nesten syv \u00e5r har grunneierne langs S\u00f8rlandsbanen kjempet for \u00e5 f\u00e5 Bane Nor til \u00e5 ta regningen for nye gjerder langs togstrekningen.\" rel=\"nofollow noopener\" target=\"_blank\">I nesten syv \u00e5r har grunneierne langs S\u00f8rlandsbanen kjempet for \u00e5 f\u00e5 Bane Nor til \u00e5 ta regningen for nye gjerder langs togstrekningen.<\/a><\/p>\n<p>Gjerdene langs banen er d\u00e5rlige, og grunneiere fra b\u00e5de Rogaland og Agder har tidligere opplevd at dyr lettere har kommet seg ut p\u00e5 toglinjene.<\/p>\n<p><img decoding=\"async\"   src=\"data:image\/gif;base64,R0lGODlhAQABAIAAAAAAAP\/\/\/yH5BAEAAAAALAAAAAABAAEAAAIBRAA7\" loading=\"eager\" alt=\"Bernt Terje H\u00f8yland.\" title=\"Foto: Marte Skodje \/ NRK\"\/><\/p>\n<p class=\"\">Bernt Terje H\u00f8yland i grunneierlaget langs S\u00f8rlandsbanen. <\/p>\n<p>Foto: Marte Skodje \/ NRK<\/p>\n<p>Vant for tredje gang<\/p>\n<p>N\u00e5 har H\u00f8yesterett bestemt at det er Bane Nor sin plikt \u00e5 holde gjerdene langs S\u00f8rlandsbanen Vest.<\/p>\n<p>I 2019 varslet Bane Nor at gjerdene ville bli fjernet. Til sammen 156 grunneiere gikk da til sak med krav om at gjerdene fortsatt skulle opprettholdes og vedlikeholdes av Bane Nor.<\/p>\n<p>Grunneierne vant saken b\u00e5de i tingretten og i lagmannsretten.<\/p>\n<p>Eivind Bjurstr\u00f8m, direkt\u00f8r strategisk planlegging og driftstjenester i Bane Nor, har f\u00f8lgende \u00e5 si om saken:<\/p>\n<p>\u2013 Vi har mottatt avgj\u00f8relsen fra H\u00f8yesterett i dag, og vil bruke den n\u00e6rmeste tiden til \u00e5 sette oss grundig inn i dommen og vurdere hvilke konsekvenser den har.<\/p>\n<p><img decoding=\"async\"   src=\"data:image\/gif;base64,R0lGODlhAQABAIAAAAAAAP\/\/\/yH5BAEAAAAALAAAAAABAAEAAAIBRAA7\" loading=\"eager\" alt=\"S\u00f8rlandsbanen.\" title=\"Foto: Marte Skodje \/ NRK\"\/><\/p>\n<p class=\"\">H\u00f8yesterett har bestemt: Det er Bane Nor som m\u00e5 st\u00e5 for gjerdene langs S\u00f8rlandsbanen. <\/p>\n<p>Foto: Marte Skodje \/ NRK<\/p>\n<p>\u2013 Betalt for \u00e5 v\u00e6re sta<\/p>\n<p>Flertallet i H\u00f8yesterett har n\u00e5 gitt 153 av grunneierne medhold. For tre av eiendommene f\u00e5r Bane Nor medhold.<\/p>\n<p>\u2013 N\u00e5 har vi f\u00e5tt betalt for \u00e5 v\u00e6re stae, og vi f\u00e5r f\u00e5tt betalt for \u00e5 st\u00e5 imot en stor akt\u00f8r som Bane Nor, sier H\u00f8yland.<\/p>\n<p>\u2013 Det har v\u00e6rt litt av en kamp?<\/p>\n<p>\u2013 Ja, det har kostet mye tid. Vi har kjempet mot en stor akt\u00f8r med direkt\u00f8rer og jurister med millionl\u00f8nninger, mens vi har jobbet dugnad for \u00e5 komme i m\u00e5l.<\/p>\n<p>I H\u00f8yesterett ble det lagt avgj\u00f8rende vekt p\u00e5 at jernbanen siden 1928 har benyttet skriftlige skj\u00f8nnsforutsetninger som sl\u00e5r fast at \u00abjernbanen gjerder for linjen\u00bb.<\/p>\n<p><img decoding=\"async\"   src=\"data:image\/gif;base64,R0lGODlhAQABAIAAAAAAAP\/\/\/yH5BAEAAAAALAAAAAABAAEAAAIBRAA7\" loading=\"eager\" alt=\"Kalv p\u00e5kj\u00f8rt av tog\" title=\"Foto: Privat\"\/><\/p>\n<p class=\"\">En kalv p\u00e5kj\u00f8rt av tog langs S\u00f8rlandsbanen. <\/p>\n<p>Foto: Privat<\/p>\n<p>Flertallet i H\u00f8yesterett tolker dette slik at denne skj\u00f8nnsforutsetningen ikke bare var et premiss for erstatningsutm\u00e5lingen ved ekspropriasjonen, men ogs\u00e5 inneb\u00e6rer en plikt for Bane Nor til \u00e5 sette opp gjerder langs linjen og vedlikeholde dem som grunneiere kan kreve oppfylt.<\/p>\n<p>\u2013 Dette er veldig gode nyheter. Vi er godt forn\u00f8yd med dommen, selv om det er tre som ikke vant frem, sier H\u00f8yland.<\/p>\n<p>Publisert<\/p>\n<p>25.11.2025, kl. 17.45<\/p>\n<p>Oppdatert<\/p>\n<p>25.11.2025, kl. 17.55<\/p>\n","protected":false},"excerpt":{"rendered":"\u2013 N\u00e5 har jeg lagt en stor karamell under tunga. S\u00e5 g\u00e5r jeg og smatter p\u00e5 den og&hellip;\n","protected":false},"author":2,"featured_media":96556,"comment_status":"","ping_status":"","sticky":false,"template":"","format":"standard","meta":{"footnotes":""},"categories":[10],"tags":[20,21,24,25,15,22,23,13,30,28,29,14,16,26,27],"class_list":{"0":"post-96555","1":"post","2":"type-post","3":"status-publish","4":"format-standard","5":"has-post-thumbnail","7":"category-norge","8":"tag-breaking-news","9":"tag-breakingnews","10":"tag-featured-news","11":"tag-featurednews","12":"tag-headlines","13":"tag-latest-news","14":"tag-latestnews","15":"tag-news","16":"tag-no","17":"tag-norge","18":"tag-norway","19":"tag-nyheter","20":"tag-overskrifter","21":"tag-top-stories","22":"tag-topstories"},"share_on_mastodon":{"url":"https:\/\/pubeurope.com\/@no\/115611815332729901","error":""},"_links":{"self":[{"href":"https:\/\/www.europesays.com\/no\/wp-json\/wp\/v2\/posts\/96555","targetHints":{"allow":["GET"]}}],"collection":[{"href":"https:\/\/www.europesays.com\/no\/wp-json\/wp\/v2\/posts"}],"about":[{"href":"https:\/\/www.europesays.com\/no\/wp-json\/wp\/v2\/types\/post"}],"author":[{"embeddable":true,"href":"https:\/\/www.europesays.com\/no\/wp-json\/wp\/v2\/users\/2"}],"replies":[{"embeddable":true,"href":"https:\/\/www.europesays.com\/no\/wp-json\/wp\/v2\/comments?post=96555"}],"version-history":[{"count":0,"href":"https:\/\/www.europesays.com\/no\/wp-json\/wp\/v2\/posts\/96555\/revisions"}],"wp:featuredmedia":[{"embeddable":true,"href":"https:\/\/www.europesays.com\/no\/wp-json\/wp\/v2\/media\/96556"}],"wp:attachment":[{"href":"https:\/\/www.europesays.com\/no\/wp-json\/wp\/v2\/media?parent=96555"}],"wp:term":[{"taxonomy":"category","embeddable":true,"href":"https:\/\/www.europesays.com\/no\/wp-json\/wp\/v2\/categories?post=96555"},{"taxonomy":"post_tag","embeddable":true,"href":"https:\/\/www.europesays.com\/no\/wp-json\/wp\/v2\/tags?post=96555"}],"curies":[{"name":"wp","href":"https:\/\/api.w.org\/{rel}","templated":true}]}}