{"id":96561,"date":"2025-11-25T18:51:09","date_gmt":"2025-11-25T18:51:09","guid":{"rendered":"https:\/\/www.europesays.com\/no\/96561\/"},"modified":"2025-11-25T18:51:09","modified_gmt":"2025-11-25T18:51:09","slug":"asbjorn-80-ble-drept-verdens-beste-pappa","status":"publish","type":"post","link":"https:\/\/www.europesays.com\/no\/96561\/","title":{"rendered":"Asbj\u00f8rn (80) ble drept: \u2013 Verdens beste pappa"},"content":{"rendered":"\n<p class=\"_paragraph_o9xde_4 _paragraph_xtcu6_10 layout-component text-serif-m layout-normal text-serif-m layout-padded\">\u2013 Det f\u00f8rste ordet jeg sa var \u00abpappa\u00bb.<\/p>\n<p class=\"_paragraph_o9xde_4 _paragraph_xtcu6_10 layout-component text-serif-m layout-normal text-serif-m layout-padded\">Det forteller Cecilie Lanes (53) til VG. Mandag ble faren hennes <a href=\"https:\/\/www.vg.no\/nyheter\/i\/d45Gjq\/en-doed-etter-voldshendelse-i-lyngen\" data-track-element-type=\"Link\" data-track-id=\"link:d45Gjq\" class=\"_link_o9xde_39\" rel=\"nofollow noopener\" target=\"_blank\">drept p\u00e5 Lyngstunet helse- og omsorgssenter<\/a> i <a href=\"https:\/\/www.vg.no\/tag\/lyngen?utm_source=vg-article&amp;utm_medium=auto-tagger&amp;utm_campaign=q6pea1\" class=\"_link_o9xde_39\" rel=\"nofollow noopener\" target=\"_blank\">Lyngen<\/a> i Troms.<\/p>\n<p class=\"_paragraph_o9xde_4 _paragraph_xtcu6_10 layout-component text-serif-m layout-normal text-serif-m layout-padded\">Hun var i Oslo da hun fikk d\u00f8dsbudskapet, og m\u00f8ter VG p\u00e5 en kaf\u00e9.<\/p>\n<p class=\"_paragraph_o9xde_4 _paragraph_xtcu6_10 layout-component text-serif-m layout-normal text-serif-m layout-padded\">\u2013 Han var verdens beste pappa. Han har v\u00e6rt helt utrolig, sier Cecilie.<\/p>\n<p class=\"_paragraph_o9xde_4 _paragraph_xtcu6_10 layout-component text-serif-m layout-normal text-serif-m layout-padded\">Asbj\u00f8rn Lanes var 80 \u00e5r gammel da han ble drept. <\/p>\n<p class=\"_paragraph_o9xde_4 _paragraph_xtcu6_10 layout-component text-serif-m layout-normal text-serif-m layout-padded\">Han var f\u00f8dt og oppvokst i Lyngen kommune, og hun minnes ham som en tilstedev\u00e6rende og ordentlig familiemann. <\/p>\n<p><img alt=\"Cecilie med faren Asbj\u00f8rn.  Foto: Privat \/ Privat\" class=\"_image_qp4xg_65 layout-component layout-normal\" data-fullscreen- data-track-element-type=\"Article image fullscreen\" data-track-name=\"ImageFullscreen\" decoding=\"async\" loading=\"lazy\" height=\"654\" itemprop=\"image\"  src=\"https:\/\/www.europesays.com\/no\/wp-content\/uploads\/2025\/11\/97e00947-7a94-4d0f-a8ca-97188431770a\"  style=\"object-position:0% 0%\" width=\"900\"\/>Cecilie med faren Asbj\u00f8rn.  Foto: Privat \/ Privat<\/p>\n<p class=\"_paragraph_o9xde_4 _paragraph_xtcu6_10 layout-component text-serif-m layout-normal text-serif-m layout-padded\">Han var en \u00abskikkelig ressurs\u00bb og \u00abmarkant skikkelse\u00bb, skriver lokalavisen <a href=\"https:\/\/www.nordlys.no\/navn-frigitt\/s\/5-34-2251439\" class=\"_link_o9xde_39\" rel=\"nofollow noopener\" target=\"_blank\">Nordlys<\/a>. Han hadde v\u00e6rt styreleder for hj\u00f8rnesteins\u00adbedriften Cinderella og hatt plass i kommunestyret, skriver de.<\/p>\n<p class=\"_paragraph_o9xde_4 _paragraph_xtcu6_10 layout-component text-serif-m layout-normal text-serif-m layout-padded\">I sine yngre dager jobbet han b\u00e5de som l\u00e6rer, rektor, helse- og sosialsjef, skolesjef, r\u00e5dmann, banksjef, og daglig leder p\u00e5 Ecotech, ramser Cecilie opp. <\/p>\n<p class=\"_paragraph_o9xde_4 _paragraph_xtcu6_10 layout-component text-serif-m layout-normal text-serif-m layout-padded\">Til tross for dette var han ikke den som stakk seg mest frem, forteller hun.<\/p>\n<p class=\"_paragraph_o9xde_4 _paragraph_xtcu6_10 layout-component text-serif-m layout-normal text-serif-m layout-padded\">Han beskrives av familien som en n\u00f8ktern og stillfaren mann, sv\u00e6rt intelligent og med et stort samfunns\u00adengasjement.<\/p>\n<p class=\"_paragraph_o9xde_4 _paragraph_xtcu6_10 layout-component text-serif-m layout-normal text-serif-m layout-padded\">\u2013 De pr\u00f8vde \u00e5 f\u00e5 ham til \u00e5 bli fisker i ungdommen, men det var ikke der han ville v\u00e6re. Han var diplomatisk og pragmatisk, og en konfliktl\u00f8ser, sier Cecilie.<\/p>\n<p>Mistet kona<\/p>\n<p class=\"_paragraph_o9xde_4 _paragraph_xtcu6_10 layout-component text-serif-m layout-normal text-serif-m layout-padded\">F\u00f8r jul i 2022 ble han enkemann da hans kone Oddlaug d\u00f8de br\u00e5tt. Cecilie forteller at moren hadde opps\u00f8kt helsehjelp tidligere samme dag.<\/p>\n<p class=\"_paragraph_o9xde_4 _paragraph_xtcu6_10 layout-component text-serif-m layout-normal text-serif-m layout-padded\">Det var Oddlaug som var den sosiale sommerfuglen.<\/p>\n<p class=\"_paragraph_o9xde_4 _paragraph_xtcu6_10 layout-component text-serif-m layout-normal text-serif-m layout-padded\">\u2013 Han sa ikke s\u00e5 mye, og gjorde ikke s\u00e5 mye ut av seg i festlige lag. Det var mor som var stjernen i showet, mens han satt og ventet p\u00e5 \u00e5 f\u00e5 dra hjem, sier Cecilie med glimt i \u00f8yet.<\/p>\n<p class=\"_paragraph_o9xde_4 _paragraph_xtcu6_10 layout-component text-serif-m layout-normal text-serif-m layout-padded\">Da kona d\u00f8de, hadde allerede helsen og husken hos Asbj\u00f8rn begynt \u00e5 svikte, og i et \u00e5r bodde han hos datteren i Troms\u00f8. I fjor vinter fikk han plass p\u00e5 Lyngstunet helse- og omsorgssenter.<\/p>\n<p class=\"_paragraph_o9xde_4 _paragraph_xtcu6_10 layout-component text-serif-m layout-normal text-serif-m layout-padded\">\u2013 Han har elsket livet sitt der. Han har v\u00e6rt stresset hele livet, og fikk endelig slappet av. Vi var alltid trygge p\u00e5 at han ble godt ivaretatt, alt var s\u00e5 bra for ham der, understreker Cecilie. <\/p>\n<p><img alt=\"Foto: Fredrik Solstad\" class=\"_image_qp4xg_65 layout-component layout-normal\" data-fullscreen- data-track-element-type=\"Article image fullscreen\" data-track-name=\"ImageFullscreen\" decoding=\"async\" loading=\"lazy\" height=\"3585\" itemprop=\"image\"  src=\"https:\/\/www.europesays.com\/no\/wp-content\/uploads\/2025\/11\/b9b3cef5-ae6d-482f-b075-de79f2b83554\"  style=\"object-position:0% 0%\" width=\"4944\"\/>Foto: Fredrik Solstad<\/p>\n<p class=\"_paragraph_o9xde_4 _paragraph_xtcu6_10 layout-component text-serif-m layout-normal text-serif-m layout-padded\">S\u00e5 skjedde det hun aldri kunne se for seg. <\/p>\n<p class=\"_paragraph_o9xde_4 _paragraph_xtcu6_10 layout-component text-serif-m layout-normal text-serif-m layout-padded\">I 12-tiden mandag ble politiet oppringt av den n\u00e5 drapssiktede mannen i 50-\u00e5rene, som <a href=\"https:\/\/www.vg.no\/nyheter\/i\/gkaR1a\/beboer-ble-drept-av-en-besoekende-i-lyngen\" data-track-element-type=\"Link\" data-track-id=\"link:gkaR1a\" class=\"_link_o9xde_39\" rel=\"nofollow noopener\" target=\"_blank\">if\u00f8lge politiet fortalte hva han hadde gjort<\/a>. <\/p>\n<p class=\"_paragraph_o9xde_4 _paragraph_xtcu6_10 layout-component text-serif-m layout-normal text-serif-m layout-padded\">Han er siktet for \u00e5 ha knivdrept Asbj\u00f8rn med en foldekniv. S\u00e5 langt er han ikke avh\u00f8rt.<\/p>\n<p class=\"_paragraph_o9xde_4 _paragraph_xtcu6_10 layout-component text-serif-m layout-normal text-serif-m layout-padded\">Cecilie forteller at faren ble drept p\u00e5 rommet sitt med flere knivstikk i brystet. Hvordan en mann hun mener han ikke hadde noe relasjon til fikk komme helt inn p\u00e5 rommet hans, forst\u00e5r hun ikke. <\/p>\n<p class=\"_paragraph_o9xde_4 _paragraph_xtcu6_10 layout-component text-serif-m layout-normal text-serif-m layout-padded\">\u2013 Han ble drept i godstolen sin, sier hun. En brun hvilestol som familien stelte i stand for ham.<\/p>\n<p><img alt=\"Cecilie og Asbj\u00f8rn p\u00e5 rommet hans ved Lyngstunet helse- og omsorgssenter.  Foto: Privat \/ Privat\" class=\"_image_qp4xg_65 layout-component layout-normal\" data-fullscreen- data-track-element-type=\"Article image fullscreen\" data-track-name=\"ImageFullscreen\" decoding=\"async\" loading=\"lazy\" height=\"4032\" itemprop=\"image\"  src=\"https:\/\/www.europesays.com\/no\/wp-content\/uploads\/2025\/11\/67b6c472-58bd-46d8-8b89-144c42234500\"  style=\"object-position:0% 0%\" width=\"3024\"\/>Cecilie og Asbj\u00f8rn p\u00e5 rommet hans ved Lyngstunet helse- og omsorgssenter.  Foto: Privat \/ Privat<\/p>\n<p class=\"_paragraph_o9xde_4 _paragraph_xtcu6_10 layout-component text-serif-m layout-normal text-serif-m layout-padded\">Han hadde blitt d\u00e5rligere med alderen, og var preget av sykdommen. Hvorfor han skulle f\u00e5 bes\u00f8k av noen andre enn n\u00e6r familie, stiller hun seg undrende til. Hvordan drapsmannen skulle ha hatt noe forhold til faren, skj\u00f8nner hun ikke.<\/p>\n<p class=\"_paragraph_o9xde_4 _paragraph_xtcu6_10 layout-component text-serif-m layout-normal text-serif-m layout-padded\">Politiet opplyste tidligere tirsdag at de s\u00e5 langt ikke har avdekket noen tilknytning mellom de to.<\/p>\n<p>Ringte politiet<\/p>\n<p class=\"_paragraph_o9xde_4 _paragraph_xtcu6_10 layout-component text-serif-m layout-normal text-serif-m layout-padded\">I samme tidsrom som den n\u00e5 siktede mannen ringte politiet, kom det ogs\u00e5 telefoner fra andre, <a href=\"https:\/\/www.vg.no\/nyheter\/i\/d45Gjq\/en-doed-etter-voldshendelse-i-lyngen\" data-track-element-type=\"Link\" data-track-id=\"link:d45Gjq\" class=\"_link_o9xde_39\" rel=\"nofollow noopener\" target=\"_blank\">inkludert ansatte<\/a>.<\/p>\n<p class=\"_paragraph_o9xde_4 _paragraph_xtcu6_10 layout-component text-serif-m layout-normal text-serif-m layout-padded\">\u2013 Slik jeg forst\u00e5r det, er han p\u00e5 telefonen med politiet store deler av perioden frem til han blir p\u00e5grepet, sa GDEGDEGDE st\u00e5r for geografisk driftsenhet, og en GDE-leder er en person som har ansvar for politiets arbeid i et bestemt geografisk omr\u00e5de.-leder i Nord-Troms politistasjonsdistrikt, Joachim Bakke til <a href=\"https:\/\/www.vg.no\/nyheter\/i\/gkaR1a\/beboer-ble-drept-av-en-besoekende-i-lyngen\" data-track-element-type=\"Link\" data-track-id=\"link:gkaR1a\" class=\"_link_o9xde_39\" rel=\"nofollow noopener\" target=\"_blank\">VG tidligere tirsdag<\/a>.<\/p>\n<p class=\"_paragraph_o9xde_4 _paragraph_xtcu6_10 layout-component text-serif-m layout-normal text-serif-m layout-padded\">Da politipatruljen ankom, bisto de ansatte med \u00e5 fortelle hvor mannen var, fortalte han.<\/p>\n<p class=\"_paragraph_o9xde_4 _paragraph_xtcu6_10 layout-component text-serif-m layout-normal text-serif-m layout-padded\">\u2013 Det blir gitt p\u00e5leggp\u00e5legg Et p\u00e5legg fra politiet er en ordre eller instruksjon som man m\u00e5 f\u00f8lge. til gjernings\u00adpersonen som ikke etterkommes, og da er det benyttet elektrosjokkv\u00e5pen. Det hadde effekt. Det blir gjort en ransakelse av ham, og da finner man en foldekniv, <a href=\"https:\/\/www.vg.no\/nyheter\/i\/gkaR1a\/beboer-ble-drept-av-en-besoekende-i-lyngen\" data-track-element-type=\"Link\" data-track-id=\"link:gkaR1a\" class=\"_link_o9xde_39\" rel=\"nofollow noopener\" target=\"_blank\">opplyste Bakke i politiet<\/a>.<\/p>\n<p class=\"_paragraph_o9xde_4 _paragraph_xtcu6_10 layout-component text-serif-m layout-normal text-serif-m layout-padded\">Det tok i underkant av en time fra f\u00f8rste melding kom inn til politiet var p\u00e5 stedet.<\/p>\n<p class=\"_paragraph_o9xde_4 _paragraph_xtcu6_10 layout-component text-serif-m layout-normal text-serif-m layout-padded\">Hittil i \u00e5r er 17 mennesker drept i Norge. Det er det laveste antallet drepte p\u00e5 over 50 \u00e5r.<\/p>\n<p>Les ogs\u00e5<\/p>\n","protected":false},"excerpt":{"rendered":"\u2013 Det f\u00f8rste ordet jeg sa var \u00abpappa\u00bb. Det forteller Cecilie Lanes (53) til VG. Mandag ble faren&hellip;\n","protected":false},"author":2,"featured_media":96562,"comment_status":"","ping_status":"","sticky":false,"template":"","format":"standard","meta":{"footnotes":""},"categories":[5],"tags":[20,21,2320,24,25,15,19,22,23,12332,17,18,13,30,28,29,14,16,26,27,2409],"class_list":{"0":"post-96561","1":"post","2":"type-post","3":"status-publish","4":"format-standard","5":"has-post-thumbnail","7":"category-overskrifter","8":"tag-breaking-news","9":"tag-breakingnews","10":"tag-drap-i-norge","11":"tag-featured-news","12":"tag-featurednews","13":"tag-headlines","14":"tag-hovedoppslag","15":"tag-latest-news","16":"tag-latestnews","17":"tag-lyngen","18":"tag-main-news","19":"tag-mainnews","20":"tag-news","21":"tag-no","22":"tag-norge","23":"tag-norway","24":"tag-nyheter","25":"tag-overskrifter","26":"tag-top-stories","27":"tag-topstories","28":"tag-troms"},"share_on_mastodon":{"url":"https:\/\/pubeurope.com\/@no\/115611846996393354","error":""},"_links":{"self":[{"href":"https:\/\/www.europesays.com\/no\/wp-json\/wp\/v2\/posts\/96561","targetHints":{"allow":["GET"]}}],"collection":[{"href":"https:\/\/www.europesays.com\/no\/wp-json\/wp\/v2\/posts"}],"about":[{"href":"https:\/\/www.europesays.com\/no\/wp-json\/wp\/v2\/types\/post"}],"author":[{"embeddable":true,"href":"https:\/\/www.europesays.com\/no\/wp-json\/wp\/v2\/users\/2"}],"replies":[{"embeddable":true,"href":"https:\/\/www.europesays.com\/no\/wp-json\/wp\/v2\/comments?post=96561"}],"version-history":[{"count":0,"href":"https:\/\/www.europesays.com\/no\/wp-json\/wp\/v2\/posts\/96561\/revisions"}],"wp:featuredmedia":[{"embeddable":true,"href":"https:\/\/www.europesays.com\/no\/wp-json\/wp\/v2\/media\/96562"}],"wp:attachment":[{"href":"https:\/\/www.europesays.com\/no\/wp-json\/wp\/v2\/media?parent=96561"}],"wp:term":[{"taxonomy":"category","embeddable":true,"href":"https:\/\/www.europesays.com\/no\/wp-json\/wp\/v2\/categories?post=96561"},{"taxonomy":"post_tag","embeddable":true,"href":"https:\/\/www.europesays.com\/no\/wp-json\/wp\/v2\/tags?post=96561"}],"curies":[{"name":"wp","href":"https:\/\/api.w.org\/{rel}","templated":true}]}}