{"id":96574,"date":"2025-11-25T19:06:29","date_gmt":"2025-11-25T19:06:29","guid":{"rendered":"https:\/\/www.europesays.com\/no\/96574\/"},"modified":"2025-11-25T19:06:29","modified_gmt":"2025-11-25T19:06:29","slug":"oksil-damene-gikk-fra-2-divisjon-til-europa-cup-nrk-nordland","status":"publish","type":"post","link":"https:\/\/www.europesays.com\/no\/96574\/","title":{"rendered":"\u00d8ksil-damene gikk fra 2. divisjon til Europa-cup \u2013 NRK Nordland"},"content":{"rendered":"<p>Nylig toppet det seg da volleyball-laget, som holder til p\u00e5 \u00d8ksnes i Vester\u00e5len, spilte Europa-cup for f\u00f8rste gang.<\/p>\n<p>Der slo de til med seier i den f\u00f8rste kampen mot litauiske Kaunas. Og da lagene m\u00f8ttes i \u00d8ksneshallen i begynnelsen av november, sikret volleyballjentene avansement i den europeiske cupen, med 3-1-seier.<\/p>\n<p>Allerede tirsdag og onsdag denne uken spiller de neste runde, mot ungarske Kaposv\u00e1ri NRC, og til helga spiller de semifinale i NM.<\/p>\n<p><strong>\u2013 Det har skjedd mye p\u00e5 kort tid, smiler kaptein Cecilie Steffensen Woie.<\/strong><\/p>\n<p>I 2022 var det et ungt lag som holdt liv i klubben, mens Woie og flere andre av dagens spillere var ute i USA og resten av Europa for \u00e5 spille volleyball.<\/p>\n<p>\u2013 S\u00e5 var det noen av oss som flyttet til Troms\u00f8, der de ogs\u00e5 har et elitelag, for \u00e5 satse. I 2022 bestemte vi oss for \u00e5 komme hjem, til en sterk stamme med mange unge og sultne spillere som hadde lyst til at vi skulle satse sammen for \u00e5 rykke opp i Eliteserien, forteller hun.<\/p>\n<p><strong>\u2013 Vi spilte et \u00e5r i 1. divisjon, der gjorde vi rent bord uten \u00e5 tape noen kamper, og da rykket vi opp. Vi hadde ikke store forventninger n\u00e5r vi kom inn i Eliteserien, sier hun.<\/strong><\/p>\n<p>Rekrutteringen<\/p>\n<p>Hun peker s\u00e6rlig p\u00e5 rekrutteringsutfordringer n\u00e5r hun snakker om hvilke forventninger de hadde til eliteseriespill.<\/p>\n<p>\u2013 Det er vanskelig \u00e5 rekruttere til Nord-Norge, og vi hadde ikke et stort \u00f8nske om \u00e5 rekruttere bare for \u00e5 rekruttere. Det nordnorske aspektet st\u00e5r veldig sterkt hos oss, samme med \u00e5 utvikle spillere i klubben. Vi er opptatt av \u00e5 representere nordnorsk idrettskultur og ivareta de spillerne vi har, sier kapteinen.<\/p>\n<p>\u00c5 fremme Nord-Norge har i \u00e5revis v\u00e6rt viktig for klubben.<\/p>\n<p><strong>\u2013 Vi er stolte av hva vi f\u00e5r til her oppe, smiler hun.<\/strong><\/p>\n<p>I fjor spilte laget cupfinale og kom p\u00e5 andreplass i Eliteserien. Det ga billett til Europa-cup.<\/p>\n<p><strong>\u2013 Vi fikk et lag fra Litauen i kvalifikasjonsrunden, og vi vant ganske greit. Vi visste at det var et annet niv\u00e5. Det er spillere som lever av dette, og vi er et lag der mange har jobb og unger i tillegg til \u00e5 satse p\u00e5 volleyball. S\u00e5 vi forventet at det skulle bli t\u00f8ft. Det var det, men vi ble overrasket selv over hvor godt vi klarte \u00e5 holde niv\u00e5et og at vi vant to ganger.<\/strong><\/p>\n<p>Tidligere vinner av \u00c5rets Nordlending<\/p>\n<p>2002: Ulf Larsstuvold<\/p>\n<p>2003: \u00d8ystein G\u00e5re<\/p>\n<p>2004: Odd Eriksen<\/p>\n<p>2005: Amanda Hegge Jensen<\/p>\n<p>2006: Rognankompaniet<\/p>\n<p>2007: Shirley Bottolfsen<\/p>\n<p>2008: Malin Arntsen<\/p>\n<p>2009: Runar Berg<\/p>\n<p>2010: Hans Edgar Furfjord<\/p>\n<p>2011: Geir Arne Johannesen<\/p>\n<p>2012: Halvdan Sivertsen<\/p>\n<p>2013: Knut-Eirik Dybdahl<\/p>\n<p>2014: Erlend Elias Bragstad<\/p>\n<p>2015: Sverre H\u00e5kon Evju<\/p>\n<p>2016: Marion Anne Knutsen<\/p>\n<p>2017: Marcus og Martinus Gunnarsen<\/p>\n<p>2018: Erik Plener<\/p>\n<p>2019: Ramona Lind<\/p>\n<p>2020: Bod\u00f8\/Glimt<\/p>\n<p>2021: Kjetil Knutsen<\/p>\n<p>2022: Glimt-supporterne<\/p>\n<p>2023: Tone og Stein Hauge<\/p>\n<p>2024: Tor-H\u00e5kon Gabriel H\u00e5vardsen<\/p>\n<p>Frivillighet<\/p>\n<p>Volleyball-milj\u00f8et p\u00e5 Myre og i \u00d8ksnes kommune har v\u00e6rt sterkt i mange \u00e5r.<\/p>\n<p>\u2013 Vi har en tradisjon for dugnads\u00e5nd. De fleste lag og klubber drives av frivillige som jobber for \u00e5 gi barn og unge et godt og inkluderende tilbud. Det er en del av identiteten i \u00d8ksil, sier Woie.<\/p>\n<p>Tirsdag og onsdag venter alts\u00e5 neste runde i Europa-cupen, og til helga er det semifinale i NM.<\/p>\n<p>\u2013 \u00c5 vinne der kan bety i en ny cupfinale i januar. Det er mange store h\u00f8ydepunkt p\u00e5 kort tid, og man g\u00e5r litt inn i en boble. Det har v\u00e6rt travelt med reising og mange store kamper p\u00e5 kort tid, og det kan bli heftig, men det er jo veldig g\u00f8y.<\/p>\n<p>Publisert<\/p>\n<p>25.11.2025, kl. 12.30<\/p>\n<p>Oppdatert<\/p>\n<p>25.11.2025, kl. 12.31<\/p>\n","protected":false},"excerpt":{"rendered":"Nylig toppet det seg da volleyball-laget, som holder til p\u00e5 \u00d8ksnes i Vester\u00e5len, spilte Europa-cup for f\u00f8rste gang.&hellip;\n","protected":false},"author":2,"featured_media":96575,"comment_status":"","ping_status":"","sticky":false,"template":"","format":"standard","meta":{"footnotes":""},"categories":[59],"tags":[30,28,29,83,82],"class_list":{"0":"post-96574","1":"post","2":"type-post","3":"status-publish","4":"format-standard","5":"has-post-thumbnail","7":"category-sport","8":"tag-no","9":"tag-norge","10":"tag-norway","11":"tag-sport","12":"tag-sports"},"share_on_mastodon":{"url":"https:\/\/pubeurope.com\/@no\/115611905750380799","error":""},"_links":{"self":[{"href":"https:\/\/www.europesays.com\/no\/wp-json\/wp\/v2\/posts\/96574","targetHints":{"allow":["GET"]}}],"collection":[{"href":"https:\/\/www.europesays.com\/no\/wp-json\/wp\/v2\/posts"}],"about":[{"href":"https:\/\/www.europesays.com\/no\/wp-json\/wp\/v2\/types\/post"}],"author":[{"embeddable":true,"href":"https:\/\/www.europesays.com\/no\/wp-json\/wp\/v2\/users\/2"}],"replies":[{"embeddable":true,"href":"https:\/\/www.europesays.com\/no\/wp-json\/wp\/v2\/comments?post=96574"}],"version-history":[{"count":0,"href":"https:\/\/www.europesays.com\/no\/wp-json\/wp\/v2\/posts\/96574\/revisions"}],"wp:featuredmedia":[{"embeddable":true,"href":"https:\/\/www.europesays.com\/no\/wp-json\/wp\/v2\/media\/96575"}],"wp:attachment":[{"href":"https:\/\/www.europesays.com\/no\/wp-json\/wp\/v2\/media?parent=96574"}],"wp:term":[{"taxonomy":"category","embeddable":true,"href":"https:\/\/www.europesays.com\/no\/wp-json\/wp\/v2\/categories?post=96574"},{"taxonomy":"post_tag","embeddable":true,"href":"https:\/\/www.europesays.com\/no\/wp-json\/wp\/v2\/tags?post=96574"}],"curies":[{"name":"wp","href":"https:\/\/api.w.org\/{rel}","templated":true}]}}