{"id":96584,"date":"2025-11-25T19:24:14","date_gmt":"2025-11-25T19:24:14","guid":{"rendered":"https:\/\/www.europesays.com\/no\/96584\/"},"modified":"2025-11-25T19:24:14","modified_gmt":"2025-11-25T19:24:14","slug":"uviss-fremtid-for-narvesen-i-svolvaer-lofotposten","status":"publish","type":"post","link":"https:\/\/www.europesays.com\/no\/96584\/","title":{"rendered":"Uviss fremtid for Narvesen i Svolv\u00e6r &#8211; Lofotposten"},"content":{"rendered":"<ol>\n<li><a href=\"https:\/\/news.google.com\/rss\/articles\/CBMihgFBVV95cUxPSkhua2dpbVlfUGJXVkE4QzRQZEUyY2szSEJYRl95VlZ6b1pHdjBwZnlmUFZ0UVhRTXJlZmxpT3NVdDFFZTFSMEN4RWY2WDR0RU9MbzFRNndzZkdqaWJqaFlIS0FPOXB0RS16VzYzUEs1VnhZNWNiNDhmOW5NSGE2OC1FRW9mUQ?oc=5\" target=\"_blank\" rel=\"nofollow noopener\">Uviss fremtid for Narvesen i Svolv\u00e6r<\/a>&nbsp;&nbsp;Lofotposten<\/li>\n<li><a href=\"https:\/\/news.google.com\/rss\/articles\/CBMidEFVX3lxTFB6Zm1UTV9KSUw4TU14SUdFSEp5Z21waEhuTk8wX3Y4dHdBU3RqalJ5b1JVODNNcHZVYlZDQkw1T2RXSWlMYThSNnY0dWcxWXNmQlhwSFYtZHQ3SzhKZ3dQaFdDUEhhTjA3c1prMHVGZFZVMHRv?oc=5\" target=\"_blank\" rel=\"nofollow noopener\">70 Reitan-kiosker legges ned \u2013 Siste nytt<\/a>&nbsp;&nbsp;NRK<\/li>\n<li><a href=\"https:\/\/news.google.com\/rss\/articles\/CBMigAFBVV95cUxQaVB0dHNDUE03WnFPTDhoSy1FZS1qUzdsRkNDSzlDMXpWQVJTSlJGZ2p2TnNONzlNY0tIeEx2QTBwZjEtYXdvbFdsY3BZOGtDSlExR1VRbGRIaWNRX25yY3dUVDFlaHdYMndwc2t1ZHJuOGlfX0M4c1p6YUxucUtLOA?oc=5\" target=\"_blank\" rel=\"nofollow noopener\">70 Narvesen-kiosker legges ned<\/a>&nbsp;&nbsp;Dagbladet<\/li>\n<li><a href=\"https:\/\/news.google.com\/rss\/articles\/CBMiqgFBVV95cUxPZ080Wnk3SFlWcDNteDItVWYwWlphLUVLaGxmNC1UOWRBZTBKalJpMUwwQVdHeW1VLVU0ZWcxMUE3Qzd0WkcwQUtkRFVuNlByZG1SRkJXTVJsNWpNSU4wcEZWZXR0clA0UGtEalNoaXl6M1VtQjZyaWo4eGY1aWJ4ZktYX2hwU29xbVB4eXRkc3JEQ0JnS2praXZoVHpteTJNZGExRlhxekFkUQ?oc=5\" target=\"_blank\" rel=\"nofollow noopener\">De startet alle hos Narvesen \u00d8stfoldhallen i h\u00f8st. N\u00e5 skal den legges ned.<\/a>&nbsp;&nbsp;Fredriksstad Blad<\/li>\n<li><a href=\"https:\/\/news.google.com\/rss\/articles\/CBMiqAFBVV95cUxPdDVnaTYwUk5qX1dsVWZWWVhlZVgyZ25yQTJ3S2RuUG5kZVR6RXV1TERRV1c1LThEOHdYc1EyQ2NTbDVFUzlSWkJHSlZ0MUF5SGp1cjZwNDQtTXdhTEUwV1FjbjE2OFJjdzFqeExleDZLMXlDVW1LeGtYNjRkd1ZQb3lHdk1zcUpJY0FaNjNRRzdpYlJ1TUdCcFRnV0JvajByRHA5bWlfUjc?oc=5\" target=\"_blank\" rel=\"nofollow noopener\">Legger ned 70 steder \u2013 usikkert om butikken p\u00e5 Tista senter ber\u00f8res<\/a>&nbsp;&nbsp;Halden Arbeiderblad<\/li>\n<\/ol>\n","protected":false},"excerpt":{"rendered":"Uviss fremtid for Narvesen i Svolv\u00e6r&nbsp;&nbsp;Lofotposten 70 Reitan-kiosker legges ned \u2013 Siste nytt&nbsp;&nbsp;NRK 70 Narvesen-kiosker legges ned&nbsp;&nbsp;Dagbladet De&hellip;\n","protected":false},"author":2,"featured_media":96585,"comment_status":"","ping_status":"","sticky":false,"template":"","format":"standard","meta":{"footnotes":""},"categories":[56],"tags":[60,61,62,30,28,29],"class_list":{"0":"post-96584","1":"post","2":"type-post","3":"status-publish","4":"format-standard","5":"has-post-thumbnail","7":"category-naeringsliv","8":"tag-business","9":"tag-economy","10":"tag-naeringsliv","11":"tag-no","12":"tag-norge","13":"tag-norway"},"share_on_mastodon":{"url":"https:\/\/pubeurope.com\/@no\/115611976544812954","error":""},"_links":{"self":[{"href":"https:\/\/www.europesays.com\/no\/wp-json\/wp\/v2\/posts\/96584","targetHints":{"allow":["GET"]}}],"collection":[{"href":"https:\/\/www.europesays.com\/no\/wp-json\/wp\/v2\/posts"}],"about":[{"href":"https:\/\/www.europesays.com\/no\/wp-json\/wp\/v2\/types\/post"}],"author":[{"embeddable":true,"href":"https:\/\/www.europesays.com\/no\/wp-json\/wp\/v2\/users\/2"}],"replies":[{"embeddable":true,"href":"https:\/\/www.europesays.com\/no\/wp-json\/wp\/v2\/comments?post=96584"}],"version-history":[{"count":0,"href":"https:\/\/www.europesays.com\/no\/wp-json\/wp\/v2\/posts\/96584\/revisions"}],"wp:featuredmedia":[{"embeddable":true,"href":"https:\/\/www.europesays.com\/no\/wp-json\/wp\/v2\/media\/96585"}],"wp:attachment":[{"href":"https:\/\/www.europesays.com\/no\/wp-json\/wp\/v2\/media?parent=96584"}],"wp:term":[{"taxonomy":"category","embeddable":true,"href":"https:\/\/www.europesays.com\/no\/wp-json\/wp\/v2\/categories?post=96584"},{"taxonomy":"post_tag","embeddable":true,"href":"https:\/\/www.europesays.com\/no\/wp-json\/wp\/v2\/tags?post=96584"}],"curies":[{"name":"wp","href":"https:\/\/api.w.org\/{rel}","templated":true}]}}