{"id":96606,"date":"2025-11-25T19:55:14","date_gmt":"2025-11-25T19:55:14","guid":{"rendered":"https:\/\/www.europesays.com\/no\/96606\/"},"modified":"2025-11-25T19:55:14","modified_gmt":"2025-11-25T19:55:14","slug":"tok-dagens-forste-stikk-na-haper-benjamin-pa-fullklaff-blir-gorviktig-ostlendingen","status":"publish","type":"post","link":"https:\/\/www.europesays.com\/no\/96606\/","title":{"rendered":"Tok dagens f\u00f8rste stikk. N\u00e5 h\u00e5per Benjamin p\u00e5 fullklaff: \u2013 Blir g\u00f8rviktig &#8211; \u00d8stlendingen"},"content":{"rendered":"<ol>\n<li><a href=\"https:\/\/news.google.com\/rss\/articles\/CBMiwAFBVV95cUxNR2lMVm4wMnFDVjQyNUw3WHRXVkYzODdUTUFVdGdha2ttOGtRRzNPNFRNcGFIc2I1dkxXOXlCYVlBVHpUZ3lQWXJ4VkZoX2FiQjMxY2tYUDE2NFJDSFloeE4xNXVmZU9rbDRBVktRWEJRTGhYdVhoWU9nX19HTkk4LWZjckJaSXZzZXFfUDY4MGN3YTdWRzVqTXBGdXhKa0kyYzV3YkR2eUVQaFVLZkY1TnkxMFdLUk9ISmRjSGdKWGQ?oc=5\" target=\"_blank\" rel=\"nofollow noopener\">Tok dagens f\u00f8rste stikk. N\u00e5 h\u00e5per Benjamin p\u00e5 fullklaff: \u2013 Blir g\u00f8rviktig<\/a>&nbsp;&nbsp;\u00d8stlendingen<\/li>\n<li><a href=\"https:\/\/news.google.com\/rss\/articles\/CBMiuAFBVV95cUxNb0dncS1XbUFKUU5Mc0pPM0hlZVplV0pITzJFRzNjVUl4M0VoX0k3WnYyYmV5UXlaemV3YllIdm9yQk5OWUYzN0FDTXRoaldiNW5iekdKRmdWcm5lRU0zNGVQUE5uaWN5WXJqNmxGTW5NTk1adVJYYWlRczZwcXQ2OEQ1bVZqdTZ2M3pZS1hOVDdqNVdKN1Viel9PRlNBWmtwY2ZXUHhBVXkzMDVqcGdNaHc4UEVPSDIx?oc=5\" target=\"_blank\" rel=\"nofollow noopener\">Gulliksen herjet da Elverum slo Krienz-Luzern i Sveits \u2013 p\u00e5 vei videre i europaligaen<\/a>&nbsp;&nbsp;VG<\/li>\n<li><a href=\"https:\/\/news.google.com\/rss\/articles\/CBMif0FVX3lxTFBiZS1jSzRSdTBKQmd5RXIya3p5UkczZjF1NFZHQVllOURBd3RwYW1kN0lUVm9nemd0Und4UGtpaUZGWVVCaUxlakx3Z1ZGa3Z0YTg2ZXJjeVRraEdmbWF1aVlWNTJJQVFOYUtXLW1YLTJ4Q05PVHAwVGhGMU9yTUk?oc=5\" target=\"_blank\" rel=\"nofollow noopener\">Elverum med enormt viktig seier<\/a>&nbsp;&nbsp;\u00d8stlendingen<\/li>\n<li><a href=\"https:\/\/news.google.com\/rss\/articles\/CBMiswFBVV95cUxPcVJOdDBfbDdCM096UGptRHJDQkFkbTdzVWdmX2FXU0ZrV3lqeC1pRHVqZDBxQVpoWFFEZlFENjF6Q2VxWHpmNDBxbjNkdFBRb3JpcFJLdGcyWG1YRDlQeU5MaW1odjI4SUxEeU1waFlrZjNDN1I0UlJQWnFaZW1ocEF2azFtN0haU2g4dWxtaklacTd5NG5UNWtsUDlFbjEzSjBqVlU1dTdSRXdpbl9aUEtzOA?oc=5\" target=\"_blank\" rel=\"nofollow noopener\">Returkamp i Sveits: Elverum jakter plass i hovedrunden i EHF European League<\/a>&nbsp;&nbsp;Norsk Topph\u00e5ndball<\/li>\n<li><a href=\"https:\/\/news.google.com\/rss\/articles\/CBMicEFVX3lxTE56LWVjRXBqXzVCVG9kdFAzTEpNZTVGcC1DVlpxS1hJTWFWVUV6MkdESnd4TVl3Yk84TnhmNHliU0lTY3ZZTlR3RXQxRVU5RjFycFMtc0o2VXR4d0UzaHJ1cUk5OEFvU3FIY1Y4MHdCNXk?oc=5\" target=\"_blank\" rel=\"nofollow noopener\">Revansje i returkampen<\/a>&nbsp;&nbsp;Norges H\u00e5ndballforbund | handball.no<\/li>\n<\/ol>\n","protected":false},"excerpt":{"rendered":"Tok dagens f\u00f8rste stikk. N\u00e5 h\u00e5per Benjamin p\u00e5 fullklaff: \u2013 Blir g\u00f8rviktig&nbsp;&nbsp;\u00d8stlendingen Gulliksen herjet da Elverum slo Krienz-Luzern&hellip;\n","protected":false},"author":2,"featured_media":96607,"comment_status":"","ping_status":"","sticky":false,"template":"","format":"standard","meta":{"footnotes":""},"categories":[59],"tags":[30,28,29,83,82],"class_list":{"0":"post-96606","1":"post","2":"type-post","3":"status-publish","4":"format-standard","5":"has-post-thumbnail","7":"category-sport","8":"tag-no","9":"tag-norge","10":"tag-norway","11":"tag-sport","12":"tag-sports"},"share_on_mastodon":{"url":"https:\/\/pubeurope.com\/@no\/115612098445906911","error":""},"_links":{"self":[{"href":"https:\/\/www.europesays.com\/no\/wp-json\/wp\/v2\/posts\/96606","targetHints":{"allow":["GET"]}}],"collection":[{"href":"https:\/\/www.europesays.com\/no\/wp-json\/wp\/v2\/posts"}],"about":[{"href":"https:\/\/www.europesays.com\/no\/wp-json\/wp\/v2\/types\/post"}],"author":[{"embeddable":true,"href":"https:\/\/www.europesays.com\/no\/wp-json\/wp\/v2\/users\/2"}],"replies":[{"embeddable":true,"href":"https:\/\/www.europesays.com\/no\/wp-json\/wp\/v2\/comments?post=96606"}],"version-history":[{"count":0,"href":"https:\/\/www.europesays.com\/no\/wp-json\/wp\/v2\/posts\/96606\/revisions"}],"wp:featuredmedia":[{"embeddable":true,"href":"https:\/\/www.europesays.com\/no\/wp-json\/wp\/v2\/media\/96607"}],"wp:attachment":[{"href":"https:\/\/www.europesays.com\/no\/wp-json\/wp\/v2\/media?parent=96606"}],"wp:term":[{"taxonomy":"category","embeddable":true,"href":"https:\/\/www.europesays.com\/no\/wp-json\/wp\/v2\/categories?post=96606"},{"taxonomy":"post_tag","embeddable":true,"href":"https:\/\/www.europesays.com\/no\/wp-json\/wp\/v2\/tags?post=96606"}],"curies":[{"name":"wp","href":"https:\/\/api.w.org\/{rel}","templated":true}]}}