{"id":96610,"date":"2025-11-25T19:59:22","date_gmt":"2025-11-25T19:59:22","guid":{"rendered":"https:\/\/www.europesays.com\/no\/96610\/"},"modified":"2025-11-25T19:59:22","modified_gmt":"2025-11-25T19:59:22","slug":"kinesisk-romfartoy-skal-ha-kollidert-med-romsoppel","status":"publish","type":"post","link":"https:\/\/www.europesays.com\/no\/96610\/","title":{"rendered":"Kinesisk romfart\u00f8y skal ha kollidert med roms\u00f8ppel"},"content":{"rendered":"<p>  Kina sendte tirsdag et romfart\u00f8y med forsyninger til mannskapet p\u00e5 romstasjonen Tiangong. Deres romfart\u00f8y skal ha kollidert med roms\u00f8ppel.<\/p>\n<p>\n    Et romfart\u00f8y med reservedeler og mat til mannskapet om bord i den kinesiske romstasjonen Tiangong ble tirsdag skutt opp fra Gobi-\u00f8rkenen nordvest i Kina. Foto: Xinhua \/ AP \/ NTB\n  <\/p>\n<p>Tre kinesiske astronauter befinner seg for tiden om bord i romstasjonen Tiangong.<\/p>\n<p>P\u00e5 romfart\u00f8yet som er stasjonert ved romstasjonen, ble det nylig oppdaget en sprekk, trolig for\u00e5rsaket av en kollisjon med sm\u00e5 biter av roms\u00f8ppel. Det har if\u00f8lge kinesiske romfartsmyndigheter aldri skjedd tidligere.<\/p>\n<p>Tirsdag ble en b\u00e6rerakett med et nytt romfart\u00f8y, Shenzhou, derfor skutt opp fra Gobi-\u00f8rkenen nordvest i Kina. Om bord var reservedeler og mat til de tre p\u00e5 romstasjonen.<\/p>\n<p>Shenzhou 22 skal ogs\u00e5 bringe de tre trygt tilbake til jorda n\u00e5r det seks m\u00e5neder lange oppholdet i verdensrommet er over.<\/p>\n","protected":false},"excerpt":{"rendered":"Kina sendte tirsdag et romfart\u00f8y med forsyninger til mannskapet p\u00e5 romstasjonen Tiangong. Deres romfart\u00f8y skal ha kollidert med&hellip;\n","protected":false},"author":2,"featured_media":96611,"comment_status":"","ping_status":"","sticky":false,"template":"","format":"standard","meta":{"footnotes":""},"categories":[12],"tags":[20,21,24,25,15,22,23,13,30,28,29,14,16,26,27,42,43,44,45],"class_list":{"0":"post-96610","1":"post","2":"type-post","3":"status-publish","4":"format-standard","5":"has-post-thumbnail","7":"category-verden","8":"tag-breaking-news","9":"tag-breakingnews","10":"tag-featured-news","11":"tag-featurednews","12":"tag-headlines","13":"tag-latest-news","14":"tag-latestnews","15":"tag-news","16":"tag-no","17":"tag-norge","18":"tag-norway","19":"tag-nyheter","20":"tag-overskrifter","21":"tag-top-stories","22":"tag-topstories","23":"tag-verden","24":"tag-world","25":"tag-world-news","26":"tag-worldnews"},"share_on_mastodon":{"url":"https:\/\/pubeurope.com\/@no\/115612114161167120","error":""},"_links":{"self":[{"href":"https:\/\/www.europesays.com\/no\/wp-json\/wp\/v2\/posts\/96610","targetHints":{"allow":["GET"]}}],"collection":[{"href":"https:\/\/www.europesays.com\/no\/wp-json\/wp\/v2\/posts"}],"about":[{"href":"https:\/\/www.europesays.com\/no\/wp-json\/wp\/v2\/types\/post"}],"author":[{"embeddable":true,"href":"https:\/\/www.europesays.com\/no\/wp-json\/wp\/v2\/users\/2"}],"replies":[{"embeddable":true,"href":"https:\/\/www.europesays.com\/no\/wp-json\/wp\/v2\/comments?post=96610"}],"version-history":[{"count":0,"href":"https:\/\/www.europesays.com\/no\/wp-json\/wp\/v2\/posts\/96610\/revisions"}],"wp:featuredmedia":[{"embeddable":true,"href":"https:\/\/www.europesays.com\/no\/wp-json\/wp\/v2\/media\/96611"}],"wp:attachment":[{"href":"https:\/\/www.europesays.com\/no\/wp-json\/wp\/v2\/media?parent=96610"}],"wp:term":[{"taxonomy":"category","embeddable":true,"href":"https:\/\/www.europesays.com\/no\/wp-json\/wp\/v2\/categories?post=96610"},{"taxonomy":"post_tag","embeddable":true,"href":"https:\/\/www.europesays.com\/no\/wp-json\/wp\/v2\/tags?post=96610"}],"curies":[{"name":"wp","href":"https:\/\/api.w.org\/{rel}","templated":true}]}}