{"id":96612,"date":"2025-11-25T20:03:21","date_gmt":"2025-11-25T20:03:21","guid":{"rendered":"https:\/\/www.europesays.com\/no\/96612\/"},"modified":"2025-11-25T20:03:21","modified_gmt":"2025-11-25T20:03:21","slug":"jakob-ingebrigtsen-em-i-terrenglop","status":"publish","type":"post","link":"https:\/\/www.europesays.com\/no\/96612\/","title":{"rendered":"Jakob Ingebrigtsen, EM i terrengl\u00f8p"},"content":{"rendered":"\n<p>Til sammen seks menn og tre kvinner har f\u00e5tt klarsignal til \u00e5 delta i seniorklassen i mesterskapet i Portugal.<\/p>\n<p>I klassen for menn er ogs\u00e5 Magnus Tuv Myhre, Jacob Boutera, Mathias Flak og Kasper Fosser tatt ut. I kvinneklassen stiller Norge med Andrea Modin Enges\u00e6th, Selma L\u00f8chen Engdahl og Hanne Mj\u00f8en Maridal.<\/p>\n<p>Narve Gilje Nord\u00e5s prioriterer et fem kilometer langt gatel\u00f8p i Saudi-Arabia l\u00f8rdagen f\u00f8r og er ikke med i EM.<\/p>\n<p>Stortalentet Andreas Fjeld Andersen er stiller i U23-klassen. H\u00e5kon Moe Berg var med p\u00e5 1500 meter i VM i Tokyo, og i EM stiller l\u00f8peren fra Kyrks\u00e6ter\u00f8ra i U20-klassen.<\/p>\n<p>Norge stiller ogs\u00e5 i lagkonkurransen for begge kj\u00f8nn. Der teller de tre beste fra hver nasjon.<\/p>\n<p>Jakob Ingebrigtsen sesongdebuterte ikke f\u00f8r i VM i Tokyo i september. Skader \u00f8dela nesten hele utend\u00f8rssesongen for nordmannen. Han ble europamester i terreng\u00f8p i 2021 da han deltok som senior for f\u00f8rste gang. Det skjedde nettopp i Portugal.<\/p>\n<p><b>Les ogs\u00e5: <a rel=\"Follow nofollow noopener\" href=\"https:\/\/www.nettavisen.no\/sport\/hevder-storkampen-er-i-fare-glimt-svarer\/s\/5-95-2746283\" target=\"_blank\">Hevder Glimt-kampen er i fare \u2013 klubben svarer<\/a><\/b><\/p>\n<p>Dette er Norges uttak til mesterskapsdagen i Portugal:<\/p>\n<p><b>Menn senior, 7470 meter:<\/b><\/p>\n<p>Jacob Boutera (Ullensaker\/Kisa), Magnus Tuv Myhre (Tjalve), Jakob Asserson Ingebrigtsen (Sandnes), Filip Mangen Ingebrigtsen (Sandnes), Mathias Flak (Steinkjer), Kasper Fosser (Heming), Reserve: Ibrahim Buras (BUL).<\/p>\n<p><b>Kvinner senior, 7470 meter:<\/b><\/p>\n<p>Andrea Modin Enges\u00e6th (BUL), Selma L\u00f8chen Engdahl (FIK Orion), Hanne Mj\u00f8en Maridal (Strindheim).<\/p>\n<p><b>Menn U23, 5960 meter:<\/b><\/p>\n<p>Andreas Fjeld Halvorsen (Ullensaker\/Kisa), Vegard Vesterhaug Warnes (Svorkmo), Vetle Farbu-Solbakken (BUL).<\/p>\n<p><b>Kvinner U23, 5960 meter:<\/b><\/p>\n<p>Thea Charlotte Knutsen (Varegg), Marte Hovland (Ullensaker\/Kisa), Ingeborg \u00d8stg\u00e5rd (Tjalve).<\/p>\n<p><b>Menn U20, 4450 meter:<\/b><\/p>\n<p>Magnus \u00d8yen (Rindal), H\u00e5kon Moe Berg (Kyrks\u00e6ter\u00f8ra), Andreas Dybdahl (Sandnes), Lucas Buncic (Ullensaker\/Kisa), Kristian Br\u00e5then B\u00f8rve (Ullensaker\/Kisa),<\/p>\n<p><b>Kvinner U20, 4450 meter:<\/b><\/p>\n<p>Wilma Anna Bekkemoen Torbi\u00f6rnsson (Ullensaker\/Kisa), Andrea Nyg\u00e5rd Vie (Norna-Salhus), Venus Abraham Teffera (Ullensaker\/Kisa), Sara Yasmin Abid (Tjalve).<\/p>\n<p>(\u00a9NTB)<\/p>\n","protected":false},"excerpt":{"rendered":"Til sammen seks menn og tre kvinner har f\u00e5tt klarsignal til \u00e5 delta i seniorklassen i mesterskapet i&hellip;\n","protected":false},"author":2,"featured_media":94400,"comment_status":"","ping_status":"","sticky":false,"template":"","format":"standard","meta":{"footnotes":""},"categories":[59],"tags":[30,28,29,83,82],"class_list":{"0":"post-96612","1":"post","2":"type-post","3":"status-publish","4":"format-standard","5":"has-post-thumbnail","7":"category-sport","8":"tag-no","9":"tag-norge","10":"tag-norway","11":"tag-sport","12":"tag-sports"},"share_on_mastodon":{"url":"https:\/\/pubeurope.com\/@no\/115612130180357355","error":""},"_links":{"self":[{"href":"https:\/\/www.europesays.com\/no\/wp-json\/wp\/v2\/posts\/96612","targetHints":{"allow":["GET"]}}],"collection":[{"href":"https:\/\/www.europesays.com\/no\/wp-json\/wp\/v2\/posts"}],"about":[{"href":"https:\/\/www.europesays.com\/no\/wp-json\/wp\/v2\/types\/post"}],"author":[{"embeddable":true,"href":"https:\/\/www.europesays.com\/no\/wp-json\/wp\/v2\/users\/2"}],"replies":[{"embeddable":true,"href":"https:\/\/www.europesays.com\/no\/wp-json\/wp\/v2\/comments?post=96612"}],"version-history":[{"count":0,"href":"https:\/\/www.europesays.com\/no\/wp-json\/wp\/v2\/posts\/96612\/revisions"}],"wp:featuredmedia":[{"embeddable":true,"href":"https:\/\/www.europesays.com\/no\/wp-json\/wp\/v2\/media\/94400"}],"wp:attachment":[{"href":"https:\/\/www.europesays.com\/no\/wp-json\/wp\/v2\/media?parent=96612"}],"wp:term":[{"taxonomy":"category","embeddable":true,"href":"https:\/\/www.europesays.com\/no\/wp-json\/wp\/v2\/categories?post=96612"},{"taxonomy":"post_tag","embeddable":true,"href":"https:\/\/www.europesays.com\/no\/wp-json\/wp\/v2\/tags?post=96612"}],"curies":[{"name":"wp","href":"https:\/\/api.w.org\/{rel}","templated":true}]}}