{"id":96615,"date":"2025-11-25T20:06:09","date_gmt":"2025-11-25T20:06:09","guid":{"rendered":"https:\/\/www.europesays.com\/no\/96615\/"},"modified":"2025-11-25T20:06:09","modified_gmt":"2025-11-25T20:06:09","slug":"okonomi-og-naeringsliv-strandtorget-skal-legge-ned-narvesen-kiosker-vil-stenge-pa-strandtorget","status":"publish","type":"post","link":"https:\/\/www.europesays.com\/no\/96615\/","title":{"rendered":"\u00d8konomi og n\u00e6ringsliv, Strandtorget | Skal legge ned Narvesen-kiosker \u2013 vil stenge p\u00e5 Strandtorget"},"content":{"rendered":"\n<p><a rel=\"noopener nofollow\" href=\"https:\/\/handelswatch.no\/nyheter\/dagligvarer\/article18777929.ece\" target=\"_blank\">HandelsWatch<\/a> skriver at Reitan Convenience Norway vil legge ned rundt 70 Narvesen-kiosker som f\u00f8lge av en omstrukturering. <\/p>\n<p>Det er hovedsakelig kiosker p\u00e5 kj\u00f8pesentre, og vil ber\u00f8re 70 kj\u00f8pmenn og n\u00e6rmere 400 butikkansatte i forskjellige stillinger. Flere av kj\u00f8pmennene driver flere kiosker, og rundt 30 av 70 vil fortsette som franchisetakere i Reitan Convenience Norway. <\/p>\n<p>\u2013 Dette er en krevende, men n\u00f8dvendig beslutning. V\u00e5re kj\u00f8pmenn er hjertet av v\u00e5r virksomhet. Det er derfor v\u00e5rt ansvar \u00e5 s\u00f8rge for at de har de riktige forutsetningene for \u00e5 lykkes med l\u00f8nnsom drift, p\u00e5 lokasjoner som m\u00f8ter morgendagens behov, sier AnnaMaria Carnemark, administrerende direkt\u00f8r i Reitan Convenience Norway, i en pressemelding.<\/p>\n<p>Har signalisert at de vil gi seg<\/p>\n<p>P\u00e5 Strandtorget har det v\u00e6rt en Narvesen-kiosk i \u00e5revis. Den st\u00e5r n\u00e5 i fare. <\/p>\n<p>\u2013 De har signalisert for oss at de \u00f8nsker \u00e5 legge ned, men de har en leiekontrakt \u00e5 forholde seg til. Det er nok fort igjen et par \u00e5r p\u00e5 den. Dette er s\u00e5pass ferskt for oss, og vi m\u00e5 se hva slags l\u00f8sninger vi kan komme fram til, sier senterleder p\u00e5 Strandtorget, Erik Skjellerud til GD. <\/p>\n<p>Selskapet skriver videre i pressemeldingen at kioskene har mistet mye av sin relevans p\u00e5 kj\u00f8pesentrene. Norsk Tipping skal ogs\u00e5 avvikle sin kommisjon\u00e6rvirksomhet fra 2028, noe selskapet mener vil redusere inntektsgrunnlaget i kioskene ytterligere. <\/p>\n<p>Nedbemanning sentralt<\/p>\n<p>Ettersom det vil bli f\u00e6rre kiosker vil noen roller p\u00e5 hovedkontoret ogs\u00e5 bortfalle. Det skriver Reitan Conveniance Norway i pressemeldingen. <\/p>\n<p>\u2013 V\u00e5rt viktigste fokus er \u00e5 ta godt vare p\u00e5 alle ber\u00f8rte. Vi jobber n\u00e5 for \u00e5 sikre hensynsfulle og forutsigbare prosesser for alle involverte, og gj\u00f8r v\u00e5rt ytterste for \u00e5 hjelpe dem videre i nye roller der det lar seg gj\u00f8re, avslutter Carnemark.<\/p>\n","protected":false},"excerpt":{"rendered":"HandelsWatch skriver at Reitan Convenience Norway vil legge ned rundt 70 Narvesen-kiosker som f\u00f8lge av en omstrukturering. Det&hellip;\n","protected":false},"author":2,"featured_media":96616,"comment_status":"","ping_status":"","sticky":false,"template":"","format":"standard","meta":{"footnotes":""},"categories":[56],"tags":[36,60,61,1427,62,30,28,29,216,1510,12463],"class_list":{"0":"post-96615","1":"post","2":"type-post","3":"status-publish","4":"format-standard","5":"has-post-thumbnail","7":"category-naeringsliv","8":"tag-art","9":"tag-business","10":"tag-economy","11":"tag-lillehammer","12":"tag-naeringsliv","13":"tag-no","14":"tag-norge","15":"tag-norway","16":"tag-okonomi-og-naeringsliv","17":"tag-story","18":"tag-strandtorget"},"share_on_mastodon":{"url":"https:\/\/pubeurope.com\/@no\/115612141848460983","error":""},"_links":{"self":[{"href":"https:\/\/www.europesays.com\/no\/wp-json\/wp\/v2\/posts\/96615","targetHints":{"allow":["GET"]}}],"collection":[{"href":"https:\/\/www.europesays.com\/no\/wp-json\/wp\/v2\/posts"}],"about":[{"href":"https:\/\/www.europesays.com\/no\/wp-json\/wp\/v2\/types\/post"}],"author":[{"embeddable":true,"href":"https:\/\/www.europesays.com\/no\/wp-json\/wp\/v2\/users\/2"}],"replies":[{"embeddable":true,"href":"https:\/\/www.europesays.com\/no\/wp-json\/wp\/v2\/comments?post=96615"}],"version-history":[{"count":0,"href":"https:\/\/www.europesays.com\/no\/wp-json\/wp\/v2\/posts\/96615\/revisions"}],"wp:featuredmedia":[{"embeddable":true,"href":"https:\/\/www.europesays.com\/no\/wp-json\/wp\/v2\/media\/96616"}],"wp:attachment":[{"href":"https:\/\/www.europesays.com\/no\/wp-json\/wp\/v2\/media?parent=96615"}],"wp:term":[{"taxonomy":"category","embeddable":true,"href":"https:\/\/www.europesays.com\/no\/wp-json\/wp\/v2\/categories?post=96615"},{"taxonomy":"post_tag","embeddable":true,"href":"https:\/\/www.europesays.com\/no\/wp-json\/wp\/v2\/tags?post=96615"}],"curies":[{"name":"wp","href":"https:\/\/api.w.org\/{rel}","templated":true}]}}