{"id":96617,"date":"2025-11-25T20:07:20","date_gmt":"2025-11-25T20:07:20","guid":{"rendered":"https:\/\/www.europesays.com\/no\/96617\/"},"modified":"2025-11-25T20:07:20","modified_gmt":"2025-11-25T20:07:20","slug":"nodvarsel-i-romania-sender-jagerfly-pa-vingene-tv2-no","status":"publish","type":"post","link":"https:\/\/www.europesays.com\/no\/96617\/","title":{"rendered":"N\u00f8dvarsel i Romania: Sender jagerfly p\u00e5 vingene &#8211; TV2.no"},"content":{"rendered":"<ol>\n<li><a href=\"https:\/\/news.google.com\/rss\/articles\/CBMi8wFBVV95cUxNVjRHWXdNNG1MeUVEcVI1VW5pTEhUczRQejBEc25yS2I5VElvOFc2RGN4ZkJHME55NkNnSWdsODUycUYyd21CYnlkT1JsRnVsMzhOSWdJRGZrRUNzZ0NSNE9YUFU5ZXdyeFNqS0lCUWxsaGNpT2NhMEdjOHIzc0dPcVZieHd1bE5adTl3UVZRUnZmNkp0VmRVaGlmOEpIa0NyYW9HckdVM0JRZzl4N1R3X1JUc29fRF95TzJKVG9STWZVbU5SeEpzb0pFLURiRHVvejlpRXJsTUVxXy1SbnROdUhQVzI3Sk9sNU1EeS1tOG02RkU?oc=5\" target=\"_blank\" rel=\"nofollow noopener\">N\u00f8dvarsel i Romania: Sender jagerfly p\u00e5 vingene<\/a>&nbsp;&nbsp;TV2.no<\/li>\n<li><a href=\"https:\/\/news.google.com\/rss\/articles\/CBMirgFBVV95cUxOY182TmFBVlpGZUdDTnBVak84d2ZfWTBCUWFJUFdUWjgyV3ZHNktkc2NjSGJCWXgwcm5kNzA5X3llaTVYYWw4VjByUFlJaENLWDNZcVpEZkVseWRRNTEzSDFaUUZMTVNHeVBNb2hVTFNWU3NKMmxmMExyUDVITlRzdTNiZERIaWJoYnhyV3JZbU53RWdFUzhvOHB1YWEtVmhoclFGcndEd2p0MlVmcFE?oc=5\" target=\"_blank\" rel=\"nofollow noopener\">Romania sender kampfly p\u00e5 vingene etter at droner krysset grensen<\/a>&nbsp;&nbsp;Aftenposten<\/li>\n<li><a href=\"https:\/\/news.google.com\/rss\/articles\/CBMi0AFBVV95cUxQZkRkd0FOZmEzSnVhV2dXamVUemdNZktZUHAtRHVGNE1zczdFU2s4eXNfa0VkdDFoc2pxUTVLTV9xeEExSXBYODB5ZlBwUTZNemhiRGRvb1N4S21uVndicXlqaGNXMHJ1WVZQWVg3V0dIVUs1Q2NYYmFBa0tVUm84bDNzRzBubkhFRmxtZHpPdFNndXdyRC1vVXlxaTVCTlAzLUd1TlZnbnFZQWJadEpoRk50NHBvdFdoR2dMZjZGOWo3T3NhQmJSN3ZOLXl0UjFY?oc=5\" target=\"_blank\" rel=\"nofollow noopener\">Russland, Romania | Rumenske myndigheter sier droner har krenket landets luftrom \u2013 sender kampfly p\u00e5 vingene<\/a>&nbsp;&nbsp;Nettavisen<\/li>\n<li><a href=\"https:\/\/news.google.com\/rss\/articles\/CBMi0wFBVV95cUxNd3FvMWdNekRmVUJoSjJLT055cmh1c2NyODRvNGFpZ0lPd3g0Z3J1eGNJeXVIakxPWEstc3dCNnpKSkljTG1Qb0JTTVNZa2FVLXhIMEFnYUhEelNELUFucnlfRG1ySEdBenV3eGtXWnNBZGZwbHJrLXlaVllJNzBjWGstRkpXSFMtejZrRWhCSl90LWN5ZGRRY1lFQ2ZNZEVXaGxKVmFGeHVnQ2xSWERoT25BcHM2QXhHYzkwYnFxWkxlVy0wc0t2SDZmQUZHWXg0ZzI4?oc=5\" target=\"_blank\" rel=\"nofollow noopener\">(+) Rumenske myndigheter sier droner har krenket landets luftrom<\/a>&nbsp;&nbsp;folkebladet.no<\/li>\n<li><a href=\"https:\/\/news.google.com\/rss\/articles\/CBMivgFBVV95cUxPbVlsa3NSQVRWYjVyM3JaN2R3NGk0dmZTTFRXWnF2dnJ6bXV2dDhTUmNVMmExVFpDS2ZMY2RySjJxVGVuSG1xWGZJQjVDVi11OE5IMWtldWExN1NXQ2U5c0RPcFhnVWxobjJucXgwaFFtaTFMRGE3X0prU1NMT2Nlemd2S2g1WjN6bVJQczV0bUI5ZWRSVEx3a211UTE0RDVCS0xXTWwyWjRIVzVUZm5zMDNIc1lBX0poam5OYkl3?oc=5\" target=\"_blank\" rel=\"nofollow noopener\">(+) Rumenske myndigheter sier droner har krenket landets luftrom \u2013 sender kampfly p\u00e5 vingene<\/a>&nbsp;&nbsp;V\u00e5rt Land<\/li>\n<\/ol>\n","protected":false},"excerpt":{"rendered":"N\u00f8dvarsel i Romania: Sender jagerfly p\u00e5 vingene&nbsp;&nbsp;TV2.no Romania sender kampfly p\u00e5 vingene etter at droner krysset grensen&nbsp;&nbsp;Aftenposten Russland,&hellip;\n","protected":false},"author":2,"featured_media":7490,"comment_status":"","ping_status":"","sticky":false,"template":"","format":"standard","meta":{"footnotes":""},"categories":[12],"tags":[20,21,24,25,15,22,23,13,30,28,29,14,16,26,27,42,43,44,45],"class_list":{"0":"post-96617","1":"post","2":"type-post","3":"status-publish","4":"format-standard","5":"has-post-thumbnail","7":"category-verden","8":"tag-breaking-news","9":"tag-breakingnews","10":"tag-featured-news","11":"tag-featurednews","12":"tag-headlines","13":"tag-latest-news","14":"tag-latestnews","15":"tag-news","16":"tag-no","17":"tag-norge","18":"tag-norway","19":"tag-nyheter","20":"tag-overskrifter","21":"tag-top-stories","22":"tag-topstories","23":"tag-verden","24":"tag-world","25":"tag-world-news","26":"tag-worldnews"},"share_on_mastodon":{"url":"https:\/\/pubeurope.com\/@no\/115612145623484644","error":""},"_links":{"self":[{"href":"https:\/\/www.europesays.com\/no\/wp-json\/wp\/v2\/posts\/96617","targetHints":{"allow":["GET"]}}],"collection":[{"href":"https:\/\/www.europesays.com\/no\/wp-json\/wp\/v2\/posts"}],"about":[{"href":"https:\/\/www.europesays.com\/no\/wp-json\/wp\/v2\/types\/post"}],"author":[{"embeddable":true,"href":"https:\/\/www.europesays.com\/no\/wp-json\/wp\/v2\/users\/2"}],"replies":[{"embeddable":true,"href":"https:\/\/www.europesays.com\/no\/wp-json\/wp\/v2\/comments?post=96617"}],"version-history":[{"count":0,"href":"https:\/\/www.europesays.com\/no\/wp-json\/wp\/v2\/posts\/96617\/revisions"}],"wp:featuredmedia":[{"embeddable":true,"href":"https:\/\/www.europesays.com\/no\/wp-json\/wp\/v2\/media\/7490"}],"wp:attachment":[{"href":"https:\/\/www.europesays.com\/no\/wp-json\/wp\/v2\/media?parent=96617"}],"wp:term":[{"taxonomy":"category","embeddable":true,"href":"https:\/\/www.europesays.com\/no\/wp-json\/wp\/v2\/categories?post=96617"},{"taxonomy":"post_tag","embeddable":true,"href":"https:\/\/www.europesays.com\/no\/wp-json\/wp\/v2\/tags?post=96617"}],"curies":[{"name":"wp","href":"https:\/\/api.w.org\/{rel}","templated":true}]}}