{"id":96626,"date":"2025-11-25T20:18:26","date_gmt":"2025-11-25T20:18:26","guid":{"rendered":"https:\/\/www.europesays.com\/no\/96626\/"},"modified":"2025-11-25T20:18:26","modified_gmt":"2025-11-25T20:18:26","slug":"da-nina-sa-en-skummel-endring-i-datteren-sa-hun-ordene-som-endret-alt","status":"publish","type":"post","link":"https:\/\/www.europesays.com\/no\/96626\/","title":{"rendered":"Da Nina s\u00e5 en skummel endring i datteren, sa hun ordene som endret alt"},"content":{"rendered":"<p>De ankommer pyntet fra topp til t\u00e5. Christina er if\u00f8rt en sort kjole med h\u00f8ye boots, og moren en hvit bluse. Sort og hvitt \u2013 nesten som yin og yang \u2013 to komplement\u00e6re og motsatte krefter som utgj\u00f8r en helhet.<\/p>\n<p>\u00abVi slet nesten med \u00e5 komme oss fra parkeringen og hit, det var s\u00e5 kaldt. Vi har pyntet oss, for vi skal p\u00e5 fest med Kompani-gjengen\u00bb, forklarer Nina idet de kommer inn d\u00f8ren.<\/p>\n<p>Men folk flest er ikke vant til \u00e5 se dem stivpyntet. De fleste av oss kjenner dem fra TV-skjermen, if\u00f8rt milit\u00e6runiform. For de er blant deltakerne i \u00e5rets sesong av Kompani Lauritzen: Tropp 4 \u2013 programmet der syv unge voksne skal konfrontere oberstens beinharde milit\u00e6rregime side om side med en av sine foreldre.<\/p>\n<p>Gjennom et krevende opplegg skal duoene finne mestring, bygge samhold og styrke b\u00e5nd.<\/p>\n<p>\u2013 Samhold og b\u00e5nd har vi for s\u00e5 vidt bestandig hatt. Vi ville melde oss p\u00e5 for \u00e5 f\u00e5 en utfordring. For vi er ikke spesielt glade i verken kulde eller natur \u2013 egentlig er alt Kompani inneb\u00e6rer utenfor v\u00e5r komfortsone.<\/p>\n<p>    <a itemprop=\"url\" href=\"https:\/\/www.kk.no\/underholdning\/jeg-vet-ikke-helt-hva-jeg-synes-om-a-lage-underholdning-av-a-vaere-kjip-mot-folk\/83879173\" rel=\"nofollow noopener\" target=\"_blank\"><\/p>\n<p>      <img loading=\"lazy\" decoding=\"async\" src=\"https:\/\/www.europesays.com\/no\/wp-content\/uploads\/2025\/11\/1764101891_900_83879193.webp\" width=\"980\" height=\"441\" title=\"- Jeg vet ikke helt hva jeg synes om \u00e5 lage underholdning av \u00e5 v\u00e6re kjip mot folk\" alt=\"\" class=\"lazyload\" style=\"--aspect-ratio-image: 2.22; \"\/><\/p>\n<p>        &#8211; Jeg vet ikke helt hva jeg synes om \u00e5 lage underholdning av \u00e5 v\u00e6re kjip mot folk<\/p>\n<p>    <\/a><\/p>\n<p>Ut av komfortsonen\t<\/p>\n<p>\u00abDu og moren din m\u00e5 jo melde dere p\u00e5! Dere er jo s\u00e5 morsomme!\u00bb hadde flere av venninnene til Christina sagt.<\/p>\n<p>\u2013 De regnet vel med at det ble bra TV, legger Nina til.<\/p>\n<p>De lekte litt med tanken, men hadde egentlig ikke tenkt \u00e5 melde seg p\u00e5. S\u00e5, en sen kveld, var Christina litt nedfor. Mamma Nina ville f\u00e5 henne p\u00e5 bedre tanker, f\u00e5 opp hum\u00f8ret, og sa ut av det bl\u00e5:<\/p>\n<p>\u00abHvis du vil, s\u00e5 kan vi jo sende inn den s\u00f8knadsvideoen?\u00bb<\/p>\n<p>Det var dagen f\u00f8r s\u00f8knadsfristen. Allerede dagen etter ble Christina oppringt mens hun satt i forelesning.<\/p>\n<p>\u2013 De sa de egentlig var ferdige med alle intervjuene, men at de likevel ville ta oss inn til intervju.<\/p>\n<p>    <a itemprop=\"url\" href=\"https:\/\/www.kk.no\/underholdning\/pappa-hadde-sitt-liv-jeg-folte-at-jeg-ikke-passet-helt-inn-der\/83846546\" rel=\"nofollow noopener\" target=\"_blank\"><\/p>\n<p>      <img loading=\"lazy\" decoding=\"async\" src=\"https:\/\/www.europesays.com\/no\/wp-content\/uploads\/2025\/11\/1764101892_389_83846904.webp\" width=\"980\" height=\"441\" title=\"- Pappa hadde sitt liv. Jeg f\u00f8lte at jeg ikke passet helt inn der\" alt=\"\" class=\"lazyload\" style=\"--aspect-ratio-image: 2.22; \"\/><\/p>\n<p>        &#8211; Pappa hadde sitt liv. Jeg f\u00f8lte at jeg ikke passet helt inn der<\/p>\n<p>    <\/a><\/p>\n<p>          <img loading=\"lazy\" decoding=\"async\" src=\"https:\/\/www.europesays.com\/no\/wp-content\/uploads\/2025\/11\/83884307.webp\" width=\"686\" height=\"1029\" title=\"S\u00d8KNAD: Etter mye mas fra venner om \u00e5 melde seg p\u00e5, sendte de til slutt inn en s\u00f8knadsvideo. Foto: Ida Ystmark\" alt=\"\" class=\"\" style=\"--aspect-ratio-image: 0.67; \"\/><\/p>\n<p>\n          S\u00d8KNAD: Etter mye mas fra venner om \u00e5 melde seg p\u00e5, sendte de til slutt inn en s\u00f8knadsvideo. Foto: Ida Ystmark\n      <\/p>\n<p>Da de omsider kom videre og fikk vite at de skulle v\u00e6re med p\u00e5 Kompani, gikk det mer og mer opp for dem hva de hadde begitt seg ut p\u00e5.<\/p>\n<p> \u2013 Jeg har alltid tenkt: \u00abHvilke idioter er det som melder seg p\u00e5 noe s\u00e5nt?\u00bb N\u00e5r jeg har sett p\u00e5\u00a0Kompani\u00a0tidligere, har jeg nesten blitt glad n\u00e5r folk ble sendt hjem \u2013 s\u00e5 de slapp unna og kunne komme seg hjem, ler Christina. <\/p>\n<p>Og plutselig var hun en av dem som dykket under iskaldt vann og bar p\u00e5 tunge sekker dag ut og dag inn.<\/p>\n<p>\u2013 Vi fikk ikke akkurat en varm velkomst av befalet. Det var et hardt regime fra dag \u00e9n.<\/p>\n<p>At regimet er hardt, og at de ikke er glade i naturen, kommer likevel ikke s\u00e5 godt til syne p\u00e5 Kompani. Stort sett ser man dem positive og smilende, med en morsom kommentar p\u00e5 lur.<\/p>\n<p class=\"italic m-italic\" data-lab-italic=\"italic\">Hvordan klarte dere \u00e5 holde hum\u00f8ret oppe?<\/p>\n<p>\u2013 Jeg visste mamma hadde det t\u00f8ft. Det gjorde at jeg ikke ville vise at ogs\u00e5 jeg var redd, for jeg skj\u00f8nte at da ville mamma blitt enda mer redd. Det ble en motivasjon til \u00e5 holde hum\u00f8ret oppe.<\/p>\n<p>    <a itemprop=\"url\" href=\"https:\/\/www.kk.no\/underholdning\/skjaerer-det-seg-ringer-jeg-bare-mamma-2\/83833225\" rel=\"nofollow noopener\" target=\"_blank\"><\/p>\n<p>      <img loading=\"lazy\" decoding=\"async\" src=\"https:\/\/www.europesays.com\/no\/wp-content\/uploads\/2025\/11\/83833255.webp\" width=\"980\" height=\"441\" title=\"\u2013 Skj\u00e6rer det seg, ringer jeg bare mamma\" alt=\"\" class=\"lazyload\" style=\"--aspect-ratio-image: 2.22; \"\/><\/p>\n<p>        \u2013 Skj\u00e6rer det seg, ringer jeg bare mamma<\/p>\n<p>    <\/a><\/p>\n<p>          <img loading=\"lazy\" decoding=\"async\" src=\"https:\/\/www.europesays.com\/no\/wp-content\/uploads\/2025\/11\/83892937.webp\" width=\"686\" height=\"488\" title=\"MOTIVASJON: Datteren var den st\u00f8rste motivasjonen for Nina p\u00e5 Kompani. Foto: Matti Bernitz\/TV2\" alt=\"\" class=\"\" style=\"--aspect-ratio-image: 1.41; \"\/><\/p>\n<p>\n          MOTIVASJON: Datteren var den st\u00f8rste motivasjonen for Nina p\u00e5 Kompani. Foto: Matti Bernitz\/TV2\n      <\/p>\n<p>Nina bekrefter at datteren var til stor hjelp.<\/p>\n<p>\u2013 Jeg skulle \u00f8nske jeg klarte \u00e5 ta enda bedre vare p\u00e5 Christina der inne. Jeg var redd for at man kom til \u00e5 se hvor t\u00f8ft jeg syntes det var da Kompani ble sendt p\u00e5 TV, for p\u00e5 innsiden hadde jeg det ofte helt forferdelig.<\/p>\n<p>\u2013 Men heldigvis s\u00e5 man det ikke s\u00e5 godt. Jeg tror vi begge er gode p\u00e5 \u00e5 skjule det hvis vi har det vanskelig. Vi tar p\u00e5 oss et smil og tenker: \u00abN\u00e5 hjelper det ikke \u00e5 henge med hodet. Dette skal jeg klare.\u00bb<\/p>\n<p>Skulle det skje at den ene av dem var nedfor og hang med hodet, var alltid den andre der for \u00e5 passe p\u00e5 \u2013 hjelpe med \u00e5 l\u00f8fte blikket fra bakken og se fremover.<\/p>\n<p>\u2013 Mamma har hele barndommen v\u00e6rt en viktig st\u00f8ttespiller. Som barn er det vanskelig \u00e5 gi tilbake alt foreldre gj\u00f8r for barna sine. Det var det fine med Kompani \u2013 at jeg endelig kunne gi til mamma det hun har gitt meg opp gjennom \u00e5rene. Jeg f\u00f8lte at jeg fikk en slags morsrolle for min egen mamma der inne.<\/p>\n<p>For Nina var datteren den st\u00f8rste motivasjonen til \u00e5 holde ut.<\/p>\n<p>\u2013 Jeg skj\u00f8nte at hvis jeg ikke klarte noe eller trakk meg, ville det g\u00e5tt utover Christina.<\/p>\n<p>\u2013 Men noen ganger var det litt vanskelig \u00e5 v\u00e6re positiv, for jeg sov s\u00e5 d\u00e5rlig. Jeg l\u00e5 nemlig p\u00e5 rom med fem mannfolk som snorket om kapp.<\/p>\n<p>    <a itemprop=\"url\" href=\"https:\/\/www.kk.no\/underholdning\/jeg-vet-ikke-hvordan-jeg-hadde-taklet-en-slik-beskjed-selv\/83848055\" rel=\"nofollow noopener\" target=\"_blank\"><\/p>\n<p>      <img loading=\"lazy\" decoding=\"async\" src=\"https:\/\/www.europesays.com\/no\/wp-content\/uploads\/2025\/11\/1764101899_491_83848069.webp\" width=\"980\" height=\"441\" title=\"- Jeg vet ikke hvordan jeg hadde taklet en slik beskjed selv\" alt=\"\" class=\"lazyload\" style=\"--aspect-ratio-image: 2.22; \"\/><\/p>\n<p>        &#8211; Jeg vet ikke hvordan jeg hadde taklet en slik beskjed selv<\/p>\n<p>    <\/a><\/p>\n<p>Dedikert\t<\/p>\n<p>Mens vi snakker om det \u00e5 stille opp for hverandre, tenker Christina tilbake p\u00e5 alt moren har gjort for henne opp gjennom \u00e5rene. Christina har bestandig v\u00e6rt bestemt og dedikert. Allerede da hun var tre \u00e5r, var hun sikker p\u00e5 hva hun skulle bli \u2013 hun skulle bli turner.<\/p>\n<p>Det var ikke bare en kort fase. Turndrakter i alle mulige farger og m\u00f8nstre vitner om timevis i turnhallen \u2013 dag inn og dag ut, \u00e5r etter \u00e5r.<\/p>\n<p>\u2013 Fra ung alder satset jeg p\u00e5 turn og deltok i en rekke konkurranser. Da var jeg avhengig av st\u00f8tten fra familien og det fine samholdet vi har.\u00a0<\/p>\n<p>Fra ni til fem var hun stort sett i turnhallen. Mellom h\u00e5ndst\u00e5ende, forlengs rulle og araber flikkflakk kom ogs\u00e5 livet \u2013 skole, venninner og familie.<\/p>\n<p>\u2013 Turningen tok mye av tiden min. P\u00e5 det tidspunktet\u00a0 var det livet mitt \u2013 det kom f\u00f8r alt annet.<\/p>\n<p>          <img loading=\"lazy\" decoding=\"async\" src=\"https:\/\/www.europesays.com\/no\/wp-content\/uploads\/2025\/11\/83893858.webp\" width=\"686\" height=\"446\" title=\"Foto: Privat\" alt=\"\" class=\"\" style=\"--aspect-ratio-image: 1.54; \"\/><\/p>\n<p>\n          Foto: Privat\n      <\/p>\n<p class=\"font-weight-bold m-font-weight-bold\" data-lab-font_weight=\"font-weight-bold\">Moren stilte opp. Kj\u00f8rte til og fra treninger. Smurte matpakker. Men etter hvert merket hun at datteren ikke lenger var helt den samme. Det var som om gnisten og gleden var borte.<\/p>\n<p class=\"font-weight-bold m-font-weight-bold\" data-lab-font_weight=\"font-weight-bold\">\u2013 Fra hun var baby har hun bestandig v\u00e6rt blid og positiv. Hun var veldig liten for alderen, men gikk rundt smilende og forn\u00f8yd.\u00a0<\/p>\n<p class=\"font-weight-bold m-font-weight-bold\" data-lab-font_weight=\"font-weight-bold\"> \u2013\u00a0Christina var fra ung alder s\u00e5 dedikert til turningen at litt av barndommen forsvant.\u00a0 Alt hun ville, var \u00e5 turne. Men med \u00e5rene forsvant den gleden. Da husker jeg at jeg til slutt sa:<\/p>\n<p class=\"italic m-italic font-weight-bold m-font-weight-bold\" data-lab-italic=\"italic\" data-lab-font_weight=\"font-weight-bold\">\u00abKanskje du skulle sluttet p\u00e5 turn?\u00bb<\/p>\n<p>Ordene var helt fremmede for Christina. Hun hadde aldri tenkt p\u00e5 det som et alternativ \u2013 for det hadde v\u00e6rt hele livet hennes.<\/p>\n<p>\u2013 Jeg s\u00e5 nesten mer til turntrenerne enn til mine egne foreldre. Med tiden mistet jeg lysten til \u00e5 dra p\u00e5 turn. Jeg husker jeg h\u00e5pet skoletimene ble forsinket, s\u00e5 jeg slapp \u00e5 dra p\u00e5 trening.<\/p>\n<p>\u2013 \u00c5 slutte hadde jeg aldri sett p\u00e5 som et alternativ. P\u00e5 samme m\u00e5te som at man ikke bare slutter p\u00e5 skolen. Men da mamma sa det, var det som om det gikk opp et lys for meg. Det f\u00f8ltes som om femti kilo ble tatt av skuldrene mine, og at jeg endelig kunne puste ut.<\/p>\n<p>Nina tar en slurk av kaffen, ser fortvilet bort p\u00e5 datteren f\u00f8r hun legger til:<\/p>\n<p>\u2013 Det er forferdelig som mor \u00e5 h\u00f8re at hun f\u00f8lte det s\u00e5nn p\u00e5 slutten.<\/p>\n<p>    <a itemprop=\"url\" href=\"https:\/\/www.kk.no\/underholdning\/gruer-meg-til-a-se-det-1\/83761448\" rel=\"nofollow noopener\" target=\"_blank\"><\/p>\n<p>      <img loading=\"lazy\" decoding=\"async\" src=\"https:\/\/www.europesays.com\/no\/wp-content\/uploads\/2025\/11\/1764101901_610_83761458.webp\" width=\"980\" height=\"441\" title=\"- Gruer meg til \u00e5 se det\" alt=\"\" class=\"lazyload\" style=\"--aspect-ratio-image: 2.22; \"\/><\/p>\n<p>        &#8211; Gruer meg til \u00e5 se det<\/p>\n<p>    <\/a><\/p>\n<p>          <img loading=\"lazy\" decoding=\"async\" src=\"https:\/\/www.europesays.com\/no\/wp-content\/uploads\/2025\/11\/83884302.webp\" width=\"686\" height=\"392\" title=\"ST\u00d8TTE: For Christina ble st\u00f8tten fra moren avgj\u00f8rende i valget om \u00e5 slutte p\u00e5 turn. Foto: Ida Ystmark\" alt=\"\" class=\"\" style=\"--aspect-ratio-image: 1.75; \"\/><\/p>\n<p>\n          ST\u00d8TTE: For Christina ble st\u00f8tten fra moren avgj\u00f8rende i valget om \u00e5 slutte p\u00e5 turn. Foto: Ida Ystmark\n      <\/p>\n<p>    <a itemprop=\"url\" href=\"https:\/\/www.kk.no\/underholdning\/sa-tunge-er-sekkene-kjendisene-ma-baere\/83780135\" rel=\"nofollow noopener\" target=\"_blank\"><\/p>\n<p>      <img loading=\"lazy\" decoding=\"async\" src=\"https:\/\/www.europesays.com\/no\/wp-content\/uploads\/2025\/11\/1764101904_388_83790626.webp\" width=\"980\" height=\"441\" title=\"S\u00e5 tunge er sekkene kjendisene m\u00e5 b\u00e6re\" alt=\"\" class=\"lazyload\" style=\"--aspect-ratio-image: 2.22; \"\/><\/p>\n<p>        S\u00e5 tunge er sekkene kjendisene m\u00e5 b\u00e6re<\/p>\n<p>    <\/a><\/p>\n<p>Fikk tilbake datteren\t<\/p>\n<p>Christina studerer n\u00e5 til \u00e5 bli vernepleier og har flyttet hjem igjen etter \u00e5 ha bodd i Oslo en periode \u2013 noe moren er sv\u00e6rt glad for.<\/p>\n<p> \u2013 Vi er veldig familiekj\u00e6re. N\u00e5 f\u00e5r vi tatt igjen den tiden vi mistet sammen til turntreninger.<\/p>\n<p>\u2013 Jeg er ogs\u00e5 ekstremt sosial og takler ikke \u00e5 v\u00e6re alene. Barna mine pleier \u00e5 tulle med at de m\u00e5 sende barnevakt til meg hvis det ikke er noen hjemme.<\/p>\n<p>Det kan Christina bekrefte.<\/p>\n<p>\u2013 Mamma kan nesten ikke v\u00e6re en kveld alene. S\u00e5nn sett passet hun godt inn p\u00e5 Kompani.<\/p>\n<p>    <a itemprop=\"url\" href=\"https:\/\/www.kk.no\/samliv\/i-disse-tilfellene-er-det-grunn-til-a-tro-at-han-ikke-er-ferdig-med-eksen\/83755013\" rel=\"nofollow noopener\" target=\"_blank\"><\/p>\n<p>      <img loading=\"lazy\" decoding=\"async\" src=\"https:\/\/www.europesays.com\/no\/wp-content\/uploads\/2025\/11\/1764101906_978_83755692.webp\" width=\"980\" height=\"441\" title=\"- I disse tilfellene er det grunn til \u00e5 tro at han ikke er ferdig med eksen\" alt=\"\" class=\"lazyload\" style=\"--aspect-ratio-image: 2.22; \"\/><\/p>\n<p>        &#8211; I disse tilfellene er det grunn til \u00e5 tro at han ikke er ferdig med eksen<\/p>\n<p>    <\/a><\/p>\n<p>Samholdet fra Kompani har best\u00e5tt, og deltakerne har fortsatt kontakt.<\/p>\n<p>\u2013 Man skal lete lenge etter en gjeng med bedre samhold. Positiviteten i gruppa spredte seg som en dominobrikke \u2013 en etter en fikk vi hverandre i bedre hum\u00f8r.<\/p>\n","protected":false},"excerpt":{"rendered":"De ankommer pyntet fra topp til t\u00e5. Christina er if\u00f8rt en sort kjole med h\u00f8ye boots, og moren&hellip;\n","protected":false},"author":2,"featured_media":96627,"comment_status":"","ping_status":"","sticky":false,"template":"","format":"standard","meta":{"footnotes":""},"categories":[58],"tags":[12465,71,2176,11873,6548,30,28,29,72],"class_list":{"0":"post-96626","1":"post","2":"type-post","3":"status-publish","4":"format-standard","5":"has-post-thumbnail","7":"category-underholdning","8":"tag-deltakere","9":"tag-entertainment","10":"tag-kompani-lauritzen","11":"tag-kompani-lauritzen-tropp-4","12":"tag-mor-og-datter","13":"tag-no","14":"tag-norge","15":"tag-norway","16":"tag-underholdning"},"share_on_mastodon":{"url":"https:\/\/pubeurope.com\/@no\/115612189325889686","error":""},"_links":{"self":[{"href":"https:\/\/www.europesays.com\/no\/wp-json\/wp\/v2\/posts\/96626","targetHints":{"allow":["GET"]}}],"collection":[{"href":"https:\/\/www.europesays.com\/no\/wp-json\/wp\/v2\/posts"}],"about":[{"href":"https:\/\/www.europesays.com\/no\/wp-json\/wp\/v2\/types\/post"}],"author":[{"embeddable":true,"href":"https:\/\/www.europesays.com\/no\/wp-json\/wp\/v2\/users\/2"}],"replies":[{"embeddable":true,"href":"https:\/\/www.europesays.com\/no\/wp-json\/wp\/v2\/comments?post=96626"}],"version-history":[{"count":0,"href":"https:\/\/www.europesays.com\/no\/wp-json\/wp\/v2\/posts\/96626\/revisions"}],"wp:featuredmedia":[{"embeddable":true,"href":"https:\/\/www.europesays.com\/no\/wp-json\/wp\/v2\/media\/96627"}],"wp:attachment":[{"href":"https:\/\/www.europesays.com\/no\/wp-json\/wp\/v2\/media?parent=96626"}],"wp:term":[{"taxonomy":"category","embeddable":true,"href":"https:\/\/www.europesays.com\/no\/wp-json\/wp\/v2\/categories?post=96626"},{"taxonomy":"post_tag","embeddable":true,"href":"https:\/\/www.europesays.com\/no\/wp-json\/wp\/v2\/tags?post=96626"}],"curies":[{"name":"wp","href":"https:\/\/api.w.org\/{rel}","templated":true}]}}