{"id":96634,"date":"2025-11-25T20:33:13","date_gmt":"2025-11-25T20:33:13","guid":{"rendered":"https:\/\/www.europesays.com\/no\/96634\/"},"modified":"2025-11-25T20:33:13","modified_gmt":"2025-11-25T20:33:13","slug":"leif-gunnar-smerud-er-ferdig-i-brann","status":"publish","type":"post","link":"https:\/\/www.europesays.com\/no\/96634\/","title":{"rendered":"Leif Gunnar Smerud er ferdig i Brann"},"content":{"rendered":"\n<p class=\"_lead_o9xde_2 _lead_xtcu6_50 layout-component text-serif-m layout-normal text-serif-l layout-component layout-wide layout-padded _wide_17hqh_1 layout-padded\">Treneren f\u00e5r sparken kun fire m\u00e5neder etter at han tok over jobben.<\/p>\n<p><img alt=\" Foto: MARIUS SIMENSEN \/ Bildbyr\u00e5n\" class=\"_image_qp4xg_65 layout-component layout-wide\" data-fullscreen- data-track-element-type=\"Article image fullscreen\" data-track-name=\"ImageFullscreen\" fetchpriority=\"high\" decoding=\"sync\" loading=\"eager\" height=\"4677\" itemprop=\"image\"  src=\"https:\/\/www.europesays.com\/no\/wp-content\/uploads\/2025\/11\/5c80064b-fd7e-497f-ade3-38a378f8f3fa\"  style=\"object-position:0% 0%\" width=\"7016\"\/> Foto: MARIUS SIMENSEN \/ Bildbyr\u00e5n<\/p>\n<ul aria-hidden=\"true\" class=\"_images_18f0k_111\">\n<li><a class=\"_link_18f0k_116\" href=\"https:\/\/www.vg.no\/forfatter\/henrik-davidsen-hellevik\" style=\"z-index:1\" title=\"Henrik Davidsen Hellevik\" rel=\"nofollow noopener\" target=\"_blank\"><img alt=\"Bilde av Henrik Davidsen Hellevik\" class=\"_image_18f0k_93\" fetchpriority=\"low\" loading=\"lazy\" decoding=\"async\" itemprop=\"image\"  src=\"https:\/\/www.europesays.com\/no\/wp-content\/uploads\/2025\/11\/1764102792_719_5443292c-a647-4269-871c-1f6248707e55\"  width=\"480\"\/><\/a><\/li>\n<\/ul>\n<p> Oppdatert tirsdag 25. november kl. 19:50     <\/p>\n<p class=\"_paragraph_o9xde_4 _paragraph_xtcu6_10 layout-component text-serif-m layout-normal text-serif-m layout-padded\"><a href=\"https:\/\/www.vg.no\/tag\/leif-gunnar-smerud?utm_source=vg-article&amp;utm_medium=auto-tagger&amp;utm_campaign=lngb9k\" class=\"_link_o9xde_39\" rel=\"nofollow noopener\" target=\"_blank\">Leif Gunnar Smerud<\/a> (48) er ferdig som trener for Brann kvinner. Det bekrefter klubben p\u00e5 sin <a href=\"https:\/\/www.brann.no\/nyheter\/pressemelding-brann-og-smerud-skiller-lag\" class=\"_link_o9xde_39\" rel=\"nofollow noopener\" target=\"_blank\">hjemmeside<\/a>. <a href=\"https:\/\/www.tv2.no\/sport\/fotball\/tv-2-erfarer-smerud-ferdig-i-brann\/18322454\/\" class=\"_link_o9xde_39\" rel=\"nofollow noopener\" target=\"_blank\">TV 2<\/a> og <a href=\"https:\/\/www.ba.no\/leif-gunnar-smerud-er-trolig-ferdig-som-trener-for-branns-damelag\/s\/5-8-3233615\" class=\"_link_o9xde_39\" rel=\"nofollow noopener\" target=\"_blank\">Bergensavisen <\/a>meldte tidligere at flere i klubben ble informert om avgj\u00f8relsen tirsdag kveld.<\/p>\n<p class=\"_paragraph_o9xde_4 _paragraph_xtcu6_10 layout-component text-serif-m layout-normal text-serif-m layout-padded\">Smerud overtok trenerjobben 1. august i \u00e5r, da Brann l\u00e5 p\u00e5 annenplass i Toppserien. Under hans ledelse vant laget tretten strake kamper og sikret seg seriegullet med syv poengs margin til V\u00e5lerenga.<\/p>\n<p class=\"_paragraph_o9xde_4 _paragraph_xtcu6_10 layout-component text-serif-m layout-normal text-serif-m layout-padded\">P\u00e5 sesongens siste dag knuste Brann Bod\u00f8\/Glimt 8-0, og samme dag ble Smerud k\u00e5ret til \u00e5rets trener i Toppserien.<\/p>\n<p><img alt=\"Foto: MARIUS SIMENSEN \/ Bildbyr\u00e5n\" class=\"_image_qp4xg_65 layout-component layout-normal\" data-fullscreen- data-track-element-type=\"Article image fullscreen\" data-track-name=\"ImageFullscreen\" decoding=\"async\" loading=\"lazy\" height=\"5483\" itemprop=\"image\"  src=\"https:\/\/www.europesays.com\/no\/wp-content\/uploads\/2025\/11\/aea93024-df45-4be8-aa80-1c3cd81fe6f7\"  style=\"object-position:0% 0%\" width=\"8224\"\/>Foto: MARIUS SIMENSEN \/ Bildbyr\u00e5n<\/p>\n<p class=\"_paragraph_o9xde_4 _paragraph_xtcu6_10 layout-component text-serif-m layout-normal text-serif-m layout-padded\">Men suksessen p\u00e5 banen var ikke nok til \u00e5 redde jobben hans.<\/p>\n<p class=\"_paragraph_o9xde_4 _paragraph_xtcu6_10 layout-component text-serif-m layout-normal text-serif-m layout-padded\">S\u00e5 tidlig som 25. september kunne <a href=\"https:\/\/www.tv2.no\/sport\/tv-2-erfarer-intern-brann-misnoye-med-smerud\/18133893\/\" class=\"_link_o9xde_39\" rel=\"nofollow noopener\" target=\"_blank\">TV 2<\/a> fortelle at det var sterk misn\u00f8ye med treneren blant spillerne. Senere nektet flere spillere \u00e5 svare p\u00e5 om de hadde tillit til Smerud som leder.<\/p>\n<p class=\"_paragraph_o9xde_4 _paragraph_xtcu6_10 layout-component text-serif-m layout-normal text-serif-m layout-padded\">Spillerne har siden den gang hatt m\u00f8ter med daglig leder Christian Kalvenes, og det har v\u00e6rt en evalueringsprosess etter endt sesong.<\/p>\n<p class=\"_paragraph_o9xde_4 _paragraph_xtcu6_10 layout-component text-serif-m layout-normal text-serif-m layout-padded\">Det Smerud ikke lyktes med, var \u00e5 kvalifisere Brann til europacupspill, ta cupgull eller vinne spillernes gunst.<\/p>\n","protected":false},"excerpt":{"rendered":"Treneren f\u00e5r sparken kun fire m\u00e5neder etter at han tok over jobben. Foto: MARIUS SIMENSEN \/ Bildbyr\u00e5n Oppdatert&hellip;\n","protected":false},"author":2,"featured_media":96635,"comment_status":"","ping_status":"","sticky":false,"template":"","format":"standard","meta":{"footnotes":""},"categories":[5],"tags":[20,21,24,25,15,19,22,23,5999,17,18,13,30,28,29,14,16,896,26,895,27],"class_list":{"0":"post-96634","1":"post","2":"type-post","3":"status-publish","4":"format-standard","5":"has-post-thumbnail","7":"category-overskrifter","8":"tag-breaking-news","9":"tag-breakingnews","10":"tag-featured-news","11":"tag-featurednews","12":"tag-headlines","13":"tag-hovedoppslag","14":"tag-latest-news","15":"tag-latestnews","16":"tag-leif-gunnar-smerud","17":"tag-main-news","18":"tag-mainnews","19":"tag-news","20":"tag-no","21":"tag-norge","22":"tag-norway","23":"tag-nyheter","24":"tag-overskrifter","25":"tag-sk-brann-kvinner","26":"tag-top-stories","27":"tag-toppserien","28":"tag-topstories"},"share_on_mastodon":{"url":"https:\/\/pubeurope.com\/@no\/115612248184899068","error":""},"_links":{"self":[{"href":"https:\/\/www.europesays.com\/no\/wp-json\/wp\/v2\/posts\/96634","targetHints":{"allow":["GET"]}}],"collection":[{"href":"https:\/\/www.europesays.com\/no\/wp-json\/wp\/v2\/posts"}],"about":[{"href":"https:\/\/www.europesays.com\/no\/wp-json\/wp\/v2\/types\/post"}],"author":[{"embeddable":true,"href":"https:\/\/www.europesays.com\/no\/wp-json\/wp\/v2\/users\/2"}],"replies":[{"embeddable":true,"href":"https:\/\/www.europesays.com\/no\/wp-json\/wp\/v2\/comments?post=96634"}],"version-history":[{"count":0,"href":"https:\/\/www.europesays.com\/no\/wp-json\/wp\/v2\/posts\/96634\/revisions"}],"wp:featuredmedia":[{"embeddable":true,"href":"https:\/\/www.europesays.com\/no\/wp-json\/wp\/v2\/media\/96635"}],"wp:attachment":[{"href":"https:\/\/www.europesays.com\/no\/wp-json\/wp\/v2\/media?parent=96634"}],"wp:term":[{"taxonomy":"category","embeddable":true,"href":"https:\/\/www.europesays.com\/no\/wp-json\/wp\/v2\/categories?post=96634"},{"taxonomy":"post_tag","embeddable":true,"href":"https:\/\/www.europesays.com\/no\/wp-json\/wp\/v2\/tags?post=96634"}],"curies":[{"name":"wp","href":"https:\/\/api.w.org\/{rel}","templated":true}]}}