{"id":96636,"date":"2025-11-25T20:34:10","date_gmt":"2025-11-25T20:34:10","guid":{"rendered":"https:\/\/www.europesays.com\/no\/96636\/"},"modified":"2025-11-25T20:34:10","modified_gmt":"2025-11-25T20:34:10","slug":"leif-gunnar-smerud-sportsvarsel-bekreftet-leif-gunnar-smerud-ferdig-som-brann-trener","status":"publish","type":"post","link":"https:\/\/www.europesays.com\/no\/96636\/","title":{"rendered":"Leif Gunnar Smerud, Sportsvarsel | Bekreftet: Leif Gunnar Smerud ferdig som Brann-trener"},"content":{"rendered":"\n<p>Smerud kom inn som Brann-trener i sommer da Martin Ho forsvant til Tottenham. N\u00e5 er han ferdig, opplyser klubben p\u00e5 sitt <a rel=\"noopener nofollow\" href=\"https:\/\/www.brann.no\/nyheter\/pressemelding-brann-og-smerud-skiller-lag\" target=\"_blank\">nettsted<\/a>.<\/p>\n<p>BA var tirsdag f\u00f8rst ute med \u00e5 erfare tidligere denne uken at 48 \u00e5r gamle Smerud ikke fikk fortsette i stillingen etter at evalueringen av \u00e5rets sesong var over.<\/p>\n<p>Noen uker etter ansettelsen erfarte TV 2 at det var misn\u00f8ye med Smerud.<\/p>\n<p>Smerud endte opp med \u00e5 lede Brann til seriegull, og han ble ogs\u00e5 k\u00e5ret til \u00e5rets trener i Toppserien.<\/p>\n<p>Smerud ledet tidligere i \u00e5r kvinnelaget til Crystal Palace, men forlot stillingen etter at klubben rykket ned fra den engelske toppdivisjonen. Han var i London-klubben i bare noen m\u00e5neder.<\/p>\n<p>Deretter gikk han til Brann.<\/p>\n<p>48-\u00e5ringen var i ni \u00e5r hovedtrener for U21-landslaget for menn. Han har ogs\u00e5 perioder bak seg som midlertidig landslagssjef for kvinnelandslaget. I 2020 var han herrelandslagets sjef i \u00e9n kamp mot \u00d8sterrike. Det var med det s\u00e5kalte \u00abn\u00f8dlandslaget\u00bb.<\/p>\n","protected":false},"excerpt":{"rendered":"Smerud kom inn som Brann-trener i sommer da Martin Ho forsvant til Tottenham. N\u00e5 er han ferdig, opplyser&hellip;\n","protected":false},"author":2,"featured_media":96637,"comment_status":"","ping_status":"","sticky":false,"template":"","format":"standard","meta":{"footnotes":""},"categories":[59],"tags":[30,28,29,83,82],"class_list":{"0":"post-96636","1":"post","2":"type-post","3":"status-publish","4":"format-standard","5":"has-post-thumbnail","7":"category-sport","8":"tag-no","9":"tag-norge","10":"tag-norway","11":"tag-sport","12":"tag-sports"},"share_on_mastodon":{"url":"https:\/\/pubeurope.com\/@no\/115612251775227101","error":""},"_links":{"self":[{"href":"https:\/\/www.europesays.com\/no\/wp-json\/wp\/v2\/posts\/96636","targetHints":{"allow":["GET"]}}],"collection":[{"href":"https:\/\/www.europesays.com\/no\/wp-json\/wp\/v2\/posts"}],"about":[{"href":"https:\/\/www.europesays.com\/no\/wp-json\/wp\/v2\/types\/post"}],"author":[{"embeddable":true,"href":"https:\/\/www.europesays.com\/no\/wp-json\/wp\/v2\/users\/2"}],"replies":[{"embeddable":true,"href":"https:\/\/www.europesays.com\/no\/wp-json\/wp\/v2\/comments?post=96636"}],"version-history":[{"count":0,"href":"https:\/\/www.europesays.com\/no\/wp-json\/wp\/v2\/posts\/96636\/revisions"}],"wp:featuredmedia":[{"embeddable":true,"href":"https:\/\/www.europesays.com\/no\/wp-json\/wp\/v2\/media\/96637"}],"wp:attachment":[{"href":"https:\/\/www.europesays.com\/no\/wp-json\/wp\/v2\/media?parent=96636"}],"wp:term":[{"taxonomy":"category","embeddable":true,"href":"https:\/\/www.europesays.com\/no\/wp-json\/wp\/v2\/categories?post=96636"},{"taxonomy":"post_tag","embeddable":true,"href":"https:\/\/www.europesays.com\/no\/wp-json\/wp\/v2\/tags?post=96636"}],"curies":[{"name":"wp","href":"https:\/\/api.w.org\/{rel}","templated":true}]}}