{"id":96640,"date":"2025-11-25T20:42:13","date_gmt":"2025-11-25T20:42:13","guid":{"rendered":"https:\/\/www.europesays.com\/no\/96640\/"},"modified":"2025-11-25T20:42:13","modified_gmt":"2025-11-25T20:42:13","slug":"star-over-ruka","status":"publish","type":"post","link":"https:\/\/www.europesays.com\/no\/96640\/","title":{"rendered":"St\u00e5r over Ruka"},"content":{"rendered":"<p>ASPMYRA (Dagbladet): Etter planen skulle Chiellini &#8211; som jobber som strategisjef &#8211; lande med privatfly p\u00e5 Bod\u00f8 Lufthavn tidligere i dag, men flytr\u00f8bbel gjorde at flyet m\u00e5tte snu.<\/p>\n<p>I stedet landet de p\u00e5 Arvidsjaur flyplass i Sverige, 375 kilometer fra Aspmyra.<\/p>\n<p>          <img loading=\"lazy\" decoding=\"async\" src=\"https:\/\/www.europesays.com\/no\/wp-content\/uploads\/2025\/11\/83900826.webp\" width=\"980\" height=\"559\" title=\"M\u00c5TTE SNU: Slik s\u00e5 det ut p\u00e5 Flightradar da privatlflyet med Italia-legenden Giorgio Chiellini m\u00e5tte snu og fly til en liten plass i Sverige. Foto: Flightradar\" alt=\"\" class=\"\" style=\"--aspect-ratio-image: 1.75; \"\/><\/p>\n<p>\n          M\u00c5TTE SNU: Slik s\u00e5 det ut p\u00e5 Flightradar da privatlflyet med Italia-legenden Giorgio Chiellini m\u00e5tte snu og fly til en liten plass i Sverige. Foto: Flightradar\n      <\/p>\n<p>En liten halvtime f\u00f8r kampstart er Chiellini p\u00e5 plass p\u00e5 Aspmyra.\u00a0<\/p>\n<p class=\"italic m-italic\" data-lab-italic=\"italic\">&#8211; Hvordan var turen?<\/p>\n<p>&#8211; Den var fin, sier den tidligere stopperkjempen til Dagbladet.\u00a0<\/p>\n<p class=\"font-weight-bold m-font-weight-bold\" data-lab-font_weight=\"font-weight-bold\">Dagbladet har snakket med taxisj\u00e5f\u00f8r Erik, som fikk det \u00e6refulle oppdraget med \u00e5 frakte Juventus-toppene til Bod\u00f8.<\/p>\n<p>&#8211; Jeg hadde ikke peiling p\u00e5 hvem jeg skulle kj\u00f8re. Jeg er ikke s\u00e5 interessert i fotball, sier han til Dagbladet.<\/p>\n<p>          <img loading=\"lazy\" decoding=\"async\" src=\"https:\/\/www.europesays.com\/no\/wp-content\/uploads\/2025\/11\/83901011.webp\" width=\"686\" height=\"542\" title=\"EN HELT VANLIG DAG P\u00c5 JOBBEN: Erik jobber som taxisj\u00e5f\u00f8r for Tabcab. Tirsdag fraktet han en av Italias beste fotballspillere gjennom tidene. Foto: Privat\" alt=\"\" class=\"\" style=\"--aspect-ratio-image: 1.27; \"\/><\/p>\n<p>\n          EN HELT VANLIG DAG P\u00c5 JOBBEN: Erik jobber som taxisj\u00e5f\u00f8r for Tabcab. Tirsdag fraktet han en av Italias beste fotballspillere gjennom tidene. Foto: Privat\n      <\/p>\n<p data-lab-italic=\"italic\" class=\"italic m-italic font-weight-bold m-font-weight-bold\" data-lab-font_weight=\"font-weight-bold\">&#8211; Hvordan var stemningen i bilen?<\/p>\n<p>&#8211; De var ganske forsiktige. De sa ikke s\u00e5 mye f\u00f8r den siste delen av turen.<\/p>\n<p data-lab-font_weight=\"font-weight-bold\" class=\"font-weight-bold m-font-weight-bold\">&#8211; Hva kostet turen?<\/p>\n<p>&#8211; Det er billigere enn taxi i Bod\u00f8 by. Det var rundt 1000 euro, ler han \u2013 vel vitende om at det betyr over 10 000 kroner.<\/p>\n<p>N\u00e5 venter fire timer i taxien p\u00e5 vei hjem igjen. Men f\u00f8rst:<\/p>\n<p>&#8211; N\u00e5 skal jeg ha en burger.<\/p>\n<p>          <img loading=\"lazy\" decoding=\"async\" src=\"https:\/\/www.europesays.com\/no\/wp-content\/uploads\/2025\/11\/83900840.webp\" width=\"980\" height=\"559\" title=\"Foto: Frederic J. Brown\/ AFP \/ NTB\" alt=\"\" class=\"\" style=\"--aspect-ratio-image: 1.75; \"\/><\/p>\n<p>\n          Foto: Frederic J. Brown\/ AFP \/ NTB\n      <\/p>\n<p> Sjur M\u00f8rk er partner i Scandsports AS, som blant annet har arrangert privatkamper i Skandinavia. I fjor stod de bak oppgj\u00f8ret mellom Juventus og Atletico Madrid. <\/p>\n<p>Han fikk en telefon om at Chiellini og co. trengte hjelp.<\/p>\n<p>&#8211; Arvidsjaur er ikke verdens navle. De trengte en taxi som ville kj\u00f8re fire timer hver vei. Taxisj\u00e5f\u00f8ren var p\u00e5 tilbudssiden, ler M\u00f8rk i prat med Dagbladet.\u00a0<\/p>\n<p>Han snakket f\u00f8rst med <a href=\"https:\/\/www.vg.no\/sport\/i\/vrWbgV\/flytroebbel-for-juventus-toppene-giorgio-chiellini-og-damien-comolli-maa-kjoere-bil-fra-sverige-til-kampen-mot-bodoe-glimt\" rel=\"nofollow noopener\" target=\"_blank\">VG<\/a>.\u00a0<\/p>\n<p>M\u00f8rk kan berolige alle p\u00e5 Aspmyra som har et h\u00e5p om \u00e5 f\u00e5 et glimt av den tidligere Italia-kapteinen.<\/p>\n<p>        CHAMPIONS LEAGUE: Juventus-stjernene er p\u00e5 plass i Bod\u00f8, og m\u00f8tte dette v\u00e6ret til kveldens Champions League-kamp p\u00e5 Aspmyra. Video: Bratland\/Juventus, Ljosland\/Dagbladet TV-sporten<\/p>\n<p>&#8211; De er i rute og skal rekke kampen i god tid, sier han.<\/p>\n<p class=\"italic m-italic\" data-lab-italic=\"italic\">&#8211; Hva koster taxituren?<\/p>\n<p>&#8211; Det aner jeg ikke. Det eneste jeg vet er at taxisj\u00e5f\u00f8ren fikk velge mellom faktura og cash.\u00a0<\/p>\n","protected":false},"excerpt":{"rendered":"ASPMYRA (Dagbladet): Etter planen skulle Chiellini &#8211; som jobber som strategisjef &#8211; lande med privatfly p\u00e5 Bod\u00f8 Lufthavn&hellip;\n","protected":false},"author":2,"featured_media":96641,"comment_status":"","ping_status":"","sticky":false,"template":"","format":"standard","meta":{"footnotes":""},"categories":[59],"tags":[398,30,28,29,11960,83,82,5669],"class_list":{"0":"post-96640","1":"post","2":"type-post","3":"status-publish","4":"format-standard","5":"has-post-thumbnail","7":"category-sport","8":"tag-langrenn","9":"tag-no","10":"tag-norge","11":"tag-norway","12":"tag-simen-hegstad-kruger","13":"tag-sport","14":"tag-sports","15":"tag-vintersport2025"},"share_on_mastodon":{"url":"https:\/\/pubeurope.com\/@no\/115612283384121530","error":""},"_links":{"self":[{"href":"https:\/\/www.europesays.com\/no\/wp-json\/wp\/v2\/posts\/96640","targetHints":{"allow":["GET"]}}],"collection":[{"href":"https:\/\/www.europesays.com\/no\/wp-json\/wp\/v2\/posts"}],"about":[{"href":"https:\/\/www.europesays.com\/no\/wp-json\/wp\/v2\/types\/post"}],"author":[{"embeddable":true,"href":"https:\/\/www.europesays.com\/no\/wp-json\/wp\/v2\/users\/2"}],"replies":[{"embeddable":true,"href":"https:\/\/www.europesays.com\/no\/wp-json\/wp\/v2\/comments?post=96640"}],"version-history":[{"count":0,"href":"https:\/\/www.europesays.com\/no\/wp-json\/wp\/v2\/posts\/96640\/revisions"}],"wp:featuredmedia":[{"embeddable":true,"href":"https:\/\/www.europesays.com\/no\/wp-json\/wp\/v2\/media\/96641"}],"wp:attachment":[{"href":"https:\/\/www.europesays.com\/no\/wp-json\/wp\/v2\/media?parent=96640"}],"wp:term":[{"taxonomy":"category","embeddable":true,"href":"https:\/\/www.europesays.com\/no\/wp-json\/wp\/v2\/categories?post=96640"},{"taxonomy":"post_tag","embeddable":true,"href":"https:\/\/www.europesays.com\/no\/wp-json\/wp\/v2\/tags?post=96640"}],"curies":[{"name":"wp","href":"https:\/\/api.w.org\/{rel}","templated":true}]}}