{"id":96650,"date":"2025-11-25T20:53:10","date_gmt":"2025-11-25T20:53:10","guid":{"rendered":"https:\/\/www.europesays.com\/no\/96650\/"},"modified":"2025-11-25T20:53:10","modified_gmt":"2025-11-25T20:53:10","slug":"trump-vurderer-a-sparke-fbi-sjefen","status":"publish","type":"post","link":"https:\/\/www.europesays.com\/no\/96650\/","title":{"rendered":"Trump vurderer \u00e5 sparke FBI-sjefen"},"content":{"rendered":"\n<p class=\"_lead_o9xde_2 _lead_xtcu6_50 layout-component text-serif-m layout-normal text-serif-l layout-component layout-wide layout-padded _wide_17hqh_1 layout-padded\">FBI-sjef Kash Patel er upopul\u00e6r hos Trump grunnet bruk av byr\u00e5ets ressurser, sp\u00f8rsm\u00e5l rundt kj\u00e6restens sikkerhetstiltak og bruken av FBIs fly, skriver TV-kanalen <a href=\"https:\/\/www.ms.now\/news\/trump-kash-patel-replacing-fbi-director-planes-girlfriend\" class=\"_link_o9xde_39\" rel=\"nofollow noopener\" target=\"_blank\">MS Now<\/a>. <\/p>\n<p><img alt=\"FBI-sjef Kash Patel.  Foto: WILL OLIVER \/ EPA \/ NTB\" class=\"_image_qp4xg_65 layout-component layout-wide\" data-fullscreen- data-track-element-type=\"Article image fullscreen\" data-track-name=\"ImageFullscreen\" fetchpriority=\"high\" decoding=\"sync\" loading=\"eager\" height=\"4912\" itemprop=\"image\"  src=\"https:\/\/www.europesays.com\/no\/wp-content\/uploads\/2025\/11\/cc3deb2d-be77-491f-ab80-09139d74d723\"  style=\"object-position:0% 0%\" width=\"7364\"\/>FBI-sjef Kash Patel.  Foto: WILL OLIVER \/ EPA \/ NTB<\/p>\n<ul aria-hidden=\"true\" class=\"_images_18f0k_111\">\n<li><a class=\"_link_18f0k_116\" href=\"https:\/\/www.vg.no\/forfatter\/signe-rosenlund-hauglid\" style=\"z-index:1\" title=\"Signe Rosenlund-Hauglid\" rel=\"nofollow noopener\" target=\"_blank\"><img alt=\"Bilde av Signe Rosenlund-Hauglid\" class=\"_image_18f0k_93\" fetchpriority=\"low\" loading=\"lazy\" decoding=\"async\" itemprop=\"image\"  src=\"https:\/\/www.europesays.com\/no\/wp-content\/uploads\/2025\/11\/1764103990_879_65e9df60-b046-4add-b7dd-10f1cf4fbd21\"  width=\"480\"\/><\/a><\/li>\n<\/ul>\n<p> Oppdatert tirsdag 25. november kl. 21:34     <\/p>\n<p class=\"_paragraph_o9xde_4 _paragraph_xtcu6_10 layout-component text-serif-m layout-normal text-serif-m layout-padded\">FBI-topp Andrew Bailey er den som vurderes som ny sjef, skriver<a href=\"https:\/\/www.ms.now\/news\/trump-kash-patel-replacing-fbi-director-planes-girlfriend\" class=\"_link_o9xde_39\" rel=\"nofollow noopener\" target=\"_blank\"> kanalen<\/a>, som tidligere var kjent som MSNBC, og viser til tre ikke navngitte kilder.<\/p>\n<p class=\"_paragraph_o9xde_4 _paragraph_xtcu6_10 layout-component text-serif-m layout-normal text-serif-m layout-padded\">Trump og hans n\u00e6rmeste medarbeidere ha blitt frustrert over at Patel har generert det som beskrives som \u00ablite smigrende overskrifter\u00bb den siste tiden.<\/p>\n<p class=\"_paragraph_o9xde_4 _paragraph_xtcu6_10 layout-component text-serif-m layout-normal text-serif-m layout-padded\">Det skriver Reuters. <\/p>\n<p class=\"_paragraph_o9xde_4 _paragraph_xtcu6_10 layout-component text-serif-m layout-normal text-serif-m layout-padded\">Den amerikanske storavisen <a href=\"https:\/\/www.nytimes.com\/2025\/11\/23\/us\/politics\/kash-patel-girlfriend-fbi-protection.html\" class=\"_link_o9xde_39\" rel=\"nofollow noopener\" target=\"_blank\">The New York Times <\/a>omtalte Patels private bruk av byr\u00e5ets ressurser s\u00f8ndag. Da kj\u00e6resten hans, den konservative countrymusikeren Alexis Wilkins, skulle opptre p\u00e5 det \u00e5rlige stevnet til National Rifle Association (NRA) i Atlanta i v\u00e5r \u2013 ble hun eskortert av sikkerhetsmannskap fra FBIs SWAT-team. De kom fra et lokalt feltkontor, og skal ha blitt beordret til \u00e5 beskytte Wilkins av Patel personlig. <\/p>\n<p class=\"_paragraph_o9xde_4 _paragraph_xtcu6_10 layout-component text-serif-m layout-normal text-serif-m layout-padded\">Stevnet til NRA var sikret p\u00e5 forh\u00e5nd, og Wilkins var ikke i noen konkret fare. Derfor dro de to FBI-agentene f\u00f8r stevnet var over. Det skal ha gjort Patel sv\u00e6rt oppr\u00f8rt, skriver avisen. <\/p>\n<p>Flere reagerer p\u00e5 bruk av fly <\/p>\n<p class=\"_paragraph_o9xde_4 _paragraph_xtcu6_10 layout-component text-serif-m layout-normal text-serif-m layout-padded\">FBI-sjefen skal ogs\u00e5 ha brukt et statlig privatfly til private reiser \u2013 deriblant en golftur til Skottland med venner i sommer. <a href=\"https:\/\/www.wsj.com\/politics\/policy\/kash-patel-private-jet-flights-fbi-197da8fd\" class=\"_link_o9xde_39\" rel=\"nofollow noopener\" target=\"_blank\">The Wall Street Journal<\/a> skriver ogs\u00e5 at Patel har v\u00e6rt i hardt v\u00e6r etter \u00e5 ha brukt et FBI-fly for \u00e5 dra p\u00e5 et wrestling-arrangement der kj\u00e6resten opptr\u00e5dte \u2013 f\u00f8r han senere brukte samme fly til \u00e5 reise til kj\u00e6restens hjem i Nashville. <\/p>\n<p class=\"_paragraph_o9xde_4 _paragraph_xtcu6_10 layout-component text-serif-m layout-normal text-serif-m layout-padded\">Tidligere FBI-agent Kyle Seraphin offentliggjorde turen og kalte reisen, som amerikanske skattebetalere har finansiert, \u00abpatetisk\u00bb under nedstengningen av statsapparatet i USA tidligere i h\u00f8st. <\/p>\n<p class=\"_paragraph_o9xde_4 _paragraph_xtcu6_10 layout-component text-serif-m layout-normal text-serif-m layout-padded\">Patel skal ogs\u00e5 ha brukt et FBI-fly til \u00e5 bes\u00f8ke et jaktsted i Texas med navnet Boondoggle Ranch, skriver The Wall Street Journal \u2013 som siterer flyjournaler og personer med kjennskap til turen. <\/p>\n<p>Det hvite hus stiller seg bak Patel <\/p>\n<p class=\"_paragraph_o9xde_4 _paragraph_xtcu6_10 layout-component text-serif-m layout-normal text-serif-m layout-padded\">\u2013 Patel er et viktig medlem av presidentens team, og han jobber utrettelig med \u00e5 gjenopprette FBIs integritet, sier talsperson Abigail Jackson i Det hvite hus i en kommentar til MS Now. <\/p>\n<p class=\"_paragraph_o9xde_4 _paragraph_xtcu6_10 layout-component text-serif-m layout-normal text-serif-m layout-padded\">S\u00e5 sent som forrige uke stilte Trump seg bak Patel.<\/p>\n<p class=\"_paragraph_o9xde_4 _paragraph_xtcu6_10 layout-component text-serif-m layout-normal text-serif-m layout-padded\">\u2013 Jeg har tillit til Kash, mye tillit, og til justisdepartementet, sa Trump i et intervju med Fox News&#8217; Brian Kilmeade.<\/p>\n","protected":false},"excerpt":{"rendered":"FBI-sjef Kash Patel er upopul\u00e6r hos Trump grunnet bruk av byr\u00e5ets ressurser, sp\u00f8rsm\u00e5l rundt kj\u00e6restens sikkerhetstiltak og bruken&hellip;\n","protected":false},"author":2,"featured_media":96651,"comment_status":"","ping_status":"","sticky":false,"template":"","format":"standard","meta":{"footnotes":""},"categories":[12],"tags":[20,21,55,2879,24,25,15,9839,22,23,13,30,28,29,14,16,26,27,42,43,44,45],"class_list":{"0":"post-96650","1":"post","2":"type-post","3":"status-publish","4":"format-standard","5":"has-post-thumbnail","7":"category-verden","8":"tag-breaking-news","9":"tag-breakingnews","10":"tag-donald-trump","11":"tag-fbi","12":"tag-featured-news","13":"tag-featurednews","14":"tag-headlines","15":"tag-kash-patel","16":"tag-latest-news","17":"tag-latestnews","18":"tag-news","19":"tag-no","20":"tag-norge","21":"tag-norway","22":"tag-nyheter","23":"tag-overskrifter","24":"tag-top-stories","25":"tag-topstories","26":"tag-verden","27":"tag-world","28":"tag-world-news","29":"tag-worldnews"},"share_on_mastodon":{"url":"https:\/\/pubeurope.com\/@no\/115612326647200838","error":""},"_links":{"self":[{"href":"https:\/\/www.europesays.com\/no\/wp-json\/wp\/v2\/posts\/96650","targetHints":{"allow":["GET"]}}],"collection":[{"href":"https:\/\/www.europesays.com\/no\/wp-json\/wp\/v2\/posts"}],"about":[{"href":"https:\/\/www.europesays.com\/no\/wp-json\/wp\/v2\/types\/post"}],"author":[{"embeddable":true,"href":"https:\/\/www.europesays.com\/no\/wp-json\/wp\/v2\/users\/2"}],"replies":[{"embeddable":true,"href":"https:\/\/www.europesays.com\/no\/wp-json\/wp\/v2\/comments?post=96650"}],"version-history":[{"count":0,"href":"https:\/\/www.europesays.com\/no\/wp-json\/wp\/v2\/posts\/96650\/revisions"}],"wp:featuredmedia":[{"embeddable":true,"href":"https:\/\/www.europesays.com\/no\/wp-json\/wp\/v2\/media\/96651"}],"wp:attachment":[{"href":"https:\/\/www.europesays.com\/no\/wp-json\/wp\/v2\/media?parent=96650"}],"wp:term":[{"taxonomy":"category","embeddable":true,"href":"https:\/\/www.europesays.com\/no\/wp-json\/wp\/v2\/categories?post=96650"},{"taxonomy":"post_tag","embeddable":true,"href":"https:\/\/www.europesays.com\/no\/wp-json\/wp\/v2\/tags?post=96650"}],"curies":[{"name":"wp","href":"https:\/\/api.w.org\/{rel}","templated":true}]}}