{"id":96652,"date":"2025-11-25T20:55:11","date_gmt":"2025-11-25T20:55:11","guid":{"rendered":"https:\/\/www.europesays.com\/no\/96652\/"},"modified":"2025-11-25T20:55:11","modified_gmt":"2025-11-25T20:55:11","slug":"syklist-dode","status":"publish","type":"post","link":"https:\/\/www.europesays.com\/no\/96652\/","title":{"rendered":"Syklist d\u00f8de"},"content":{"rendered":"<p class=\"kicker \" style=\"\">Ikke skjedd p\u00e5 12 000 \u00e5r:<\/p>\n<p>  Vulkanen Hayli Gubbi v\u00e5knet s\u00f8ndag etter tusenvis av \u00e5r. &#8211; Tre jordplater drar i hver sin retning, sier norsk ekspert.<\/p>\n<p>\n    SATELLITTBILDE: Et satellittbilde viser aske stige opp fra utbruddet i Hayli Gubbi-vulkanen i Etiopia, mens den driver over R\u00f8dehavet, 23. november 2025. Foto: NASA \/ Reuters \/ NTB\n  <\/p>\n<p>Vulkanen Hayli Gubbi, som ligger i Afar-regionen i Etiopia, hadde v\u00e6rt sovende i tusenvis av \u00e5r da den s\u00f8ndag hadde et utbrudd.<\/p>\n<p>Det ble meldt om tykke r\u00f8ykskyer som steg over 14 kilometer opp i lufta. Askeskyene skal ha lagt seg over deler av Jemen, Oman, India og det nordlige Pakistan.<\/p>\n<p>If\u00f8lge eksperter er det rundt 12 000 \u00e5r siden forrige kjente utbrudd fra Hayli Gubbi. Da vulkanen br\u00e5tt v\u00e5knet s\u00f8ndag, skjedde det uten forvarsel.<\/p>\n<p>          <img loading=\"lazy\" decoding=\"async\" src=\"https:\/\/www.europesays.com\/no\/wp-content\/uploads\/2025\/11\/83899992.webp\" width=\"686\" height=\"522\" title=\"UTBRUDD: Innbyggere f\u00f8lger askes\u00f8ylen fra Hayli Gubbi, som har sitt f\u00f8rste kjente utbrudd p\u00e5 minst 12 000 \u00e5r. Foto: Afar Government Communication Bureau \/ AP \/ NTB\" alt=\"\" class=\"\" style=\"--aspect-ratio-image: 1.31; \"\/><\/p>\n<p>\n          UTBRUDD: Innbyggere f\u00f8lger askes\u00f8ylen fra Hayli Gubbi, som har sitt f\u00f8rste kjente utbrudd p\u00e5 minst 12 000 \u00e5r. Foto: Afar Government Communication Bureau \/ AP \/ NTB\n      <\/p>\n<p>&#8211; Ekstremt aktivt  <\/p>\n<p>Henrik H. Svensen, som er professor i geologi ved Institutt for geofag ved Universitetet<br \/>\ni Oslo, forteller at omr\u00e5det vulkanen ligger i, er en av verdens mest aktive<br \/>\nriftsoner.\u00a0<\/p>\n<p>Han sier utbruddet m\u00e5<br \/>\nforst\u00e5s i lys av geologien rundt.<\/p>\n<p class=\"font-weight-bold m-font-weight-bold\" data-lab-font_weight=\"font-weight-bold\">&#8211; Omr\u00e5det ligger i Afar-vulkanprovinsen, i den \u00f8stafrikanske riftsonen. Der sprekker jordskorpa opp fordi tre jordplater drar i hver sin retning. Det er ekstremt aktivt der nede b\u00e5de n\u00e5r det gjelder vulkaner og jordskjelv, sier Svensen til Dagbladet.<\/p>\n<p>          <img loading=\"lazy\" decoding=\"async\" src=\"https:\/\/www.europesays.com\/no\/wp-content\/uploads\/2025\/11\/83900885.webp\" width=\"686\" height=\"412\" title=\"EKSPERT: Henrik H. Svensen er professor i geologi ved Institutt for geofag ved Universitetet i Oslo. Foto: Ilja C. Hendel.\" alt=\"\" class=\"\" style=\"--aspect-ratio-image: 1.67; \"\/><\/p>\n<p>\n          EKSPERT: Henrik H. Svensen er professor i geologi ved Institutt for geofag ved Universitetet i Oslo. Foto: Ilja C. Hendel.\n      <\/p>\n<p>&#8211; Sjeldent  <\/p>\n<p>I Afar-omr\u00e5det ligger vulkanene som perler p\u00e5 en snor, forklarer geologen.<\/p>\n<p>&#8211; Nabovulkanen Erta Ale, bare tolv kilometer unna, har nesten kontinuerlige utbrudd. At en vulkan i dette beltet v\u00e5kner, er derfor b\u00e5de spesielt, og ikke spesielt, sier han.<\/p>\n<p class=\"font-weight-normal m-font-weight-normal\" data-lab-font_weight=\"font-weight-normal\">Mediene har trukket fram 12 000 \u00e5r som \u00absovetid\u00bb for Hayli Gubbi. Dette er grensa som er satt for at en vulkan defineres som aktiv, forklarer Svensen.<\/p>\n<p class=\"font-weight-normal m-font-weight-normal\" data-lab-font_weight=\"font-weight-normal\">Han tror likevel ikke vulkanen n\u00f8dvendigvis har v\u00e6rt sovende s\u00e5 lenge.<\/p>\n<p class=\"font-weight-bold m-font-weight-bold\" data-lab-font_weight=\"font-weight-bold\">&#8211; Det er egentlig litt rart at det ikke har v\u00e6rt flere utbrudd der. Det kan ha v\u00e6rt utbrudd som ingen har sett, for omr\u00e5det er lite studert, sier han.<\/p>\n<p> Svensen peker p\u00e5 at utbrudd etter s\u00e5 lang dvale er sjeldne.<\/p>\n<p>&#8211; Det er en vulkan p\u00e5 Svalbard, som hadde utbrudd for 10\u201312 000 \u00e5r siden. Hvis den hadde v\u00e5knet n\u00e5, ville det v\u00e6rt veldig spesielt, sier han. <\/p>\n<p>          <img loading=\"lazy\" decoding=\"async\" src=\"https:\/\/www.europesays.com\/no\/wp-content\/uploads\/2025\/11\/83900710.webp\" width=\"686\" height=\"481\" title=\"STIGER: Folk i Afar-regionen ser p\u00e5 asken som stiger fra Hayli Gubbi-utbruddet s\u00f8ndag. Foto: Afar Government Communication Bureau \/ AP \/ NTB\" alt=\"\" class=\"\" style=\"--aspect-ratio-image: 1.43; \"\/><\/p>\n<p>\n          STIGER: Folk i Afar-regionen ser p\u00e5 asken som stiger fra Hayli Gubbi-utbruddet s\u00f8ndag. Foto: Afar Government Communication Bureau \/ AP \/ NTB\n      <\/p>\n<p>Deler seg  <\/p>\n<p>Utbruddet i Etiopia i helga reiser sp\u00f8rsm\u00e5let mange lurer p\u00e5: Hvor ellers kan en \u00absovende\u00bb vulkan v\u00e5kne?<\/p>\n<p>&#8211; Det avhenger helt av hva som foreg\u00e5r geologisk sett. Oslofeltet, for eksempel, var en riftsone for 250 millioner \u00e5r siden. Der er det helt d\u00f8dt n\u00e5. P\u00e5 steder der jordplatene fortsatt dras fra hverandre, som Etiopia eller Island, er sjansen mye st\u00f8rre, svarer Svensen.<\/p>\n<p>Han forteller Afrika bokstavelig talt holder p\u00e5 \u00e5 dele seg. <\/p>\n<p class=\"font-weight-bold m-font-weight-bold\" data-lab-font_weight=\"font-weight-bold\">&#8211; Afrika er i ferd med \u00e5 splittes. Hele regionen i de s\u00f8r\u00f8stlige delene av kontinentet beveger seg bort fra resten av Afrika, og det gj\u00f8r utbrudd mye mer sannsynlig der enn i omr\u00e5der der alt har v\u00e6rt d\u00f8dt i millioner av \u00e5r, som i Norge, sier geologen.<\/p>\n<p>          <img loading=\"lazy\" decoding=\"async\" src=\"https:\/\/www.europesays.com\/no\/wp-content\/uploads\/2025\/11\/83900001.webp\" width=\"686\" height=\"446\" title=\"ASKESKY: Aske stiger fra den lenge sovende Hayli Gubbi-vulkanen i Etiopia. Foto: Afar Government Communication Bureau \/ AP \/ NTB\" alt=\"\" class=\"\" style=\"--aspect-ratio-image: 1.54; \"\/><\/p>\n<p>\n          ASKESKY: Aske stiger fra den lenge sovende Hayli Gubbi-vulkanen i Etiopia. Foto: Afar Government Communication Bureau \/ AP \/ NTB\n      <\/p>\n<p>Supervulkan  <\/p>\n<p class=\"font-weight-normal m-font-weight-normal\" data-lab-font_weight=\"font-weight-normal\">Det man frykter mest generelt sett er at en s\u00e5kalt supervulkan skal v\u00e5kne til liv. Slike utbrudd kan gj\u00f8re enorm skade. Eksempler er Toba, Yellowstone og Campi Flegrei.<\/p>\n<p class=\"font-weight-bold m-font-weight-bold\" data-lab-font_weight=\"font-weight-bold\">&#8211; Supervulkaner kan ligge i dvale i titusenvis av \u00e5r. Toba i Indonesia hadde et gigantutbrudd for 70 000 \u00e5r siden. Yellowstone hadde utbrudd for 60 000 \u00e5r siden. Men n\u00e5r magmakammeret f\u00f8rst t\u00f8mmes, tar det ekstremt lang tid \u00e5 bygge det opp igjen, sier Svensen.<\/p>\n<p class=\"font-weight-normal m-font-weight-normal\" data-lab-font_weight=\"font-weight-normal\">Derfor g\u00e5r det lang tid mellom utbruddene.<\/p>\n<p class=\"font-weight-normal m-font-weight-normal\" data-lab-font_weight=\"font-weight-normal\">Han understreker at Etiopia-utbruddet ikke er i n\u00e6rheten av slike hendelser.<\/p>\n<p>&#8211; Utbruddet i Etiopia er lite. De store utbruddene, som endrer klimaet og skaper store katastrofer er i en helt annen liga. Vi har aldri opplevd slike i moderne tid.<\/p>\n<p>    <a itemprop=\"url\" href=\"https:\/\/www.dagbladet.no\/nyheter\/kan-vakne-etter-700-000-ar\/83760930\" rel=\"nofollow noopener\" target=\"_blank\"><\/p>\n<p>      <img loading=\"lazy\" decoding=\"async\" src=\"https:\/\/www.europesays.com\/no\/wp-content\/uploads\/2025\/11\/83762362.webp\" width=\"980\" height=\"441\" title=\"Kan v\u00e5kne etter 700 000 \u00e5r\" alt=\"\" class=\"lazyload\" style=\"--aspect-ratio-image: 2.22; \"\/><\/p>\n<p>        Kan v\u00e5kne etter 700 000 \u00e5r<\/p>\n<p>    <\/a><\/p>\n<p>Kansellert  <\/p>\n<p>Air India opplyser at flere flygninger er kansellert tirsdag. \u00c5rsaken er at fly som kan ha v\u00e6rt eksponert for aske fra Hayli Gabbi, m\u00e5 sjekkes f\u00f8r de settes i trafikk igjen.<\/p>\n<p>Ogs\u00e5 flyselskapet Akasa Air har tirsdag kansellert flyginger til og fra Jeddah i Saudi-Arabia, Abu Dhabi i De forente arabiske emirater og Kuwait, skriver NTB.<\/p>\n<p>Det er forel\u00f8pig ikke meldt om d\u00f8dsfall eller skader etter vulkanutbruddet.<\/p>\n<p>    <a itemprop=\"url\" href=\"https:\/\/www.dagbladet.no\/nyheter\/falt-ned-i-vulkan-dode\/83264288\" rel=\"nofollow noopener\" target=\"_blank\"><\/p>\n<p>      <img loading=\"lazy\" decoding=\"async\" src=\"https:\/\/www.europesays.com\/no\/wp-content\/uploads\/2025\/11\/83264612.webp\" width=\"980\" height=\"441\" title=\"Falt ned i vulkan - d\u00f8de\" alt=\"\" class=\"lazyload\" style=\"--aspect-ratio-image: 2.22; \"\/><\/p>\n<p>        Falt ned i vulkan &#8211; d\u00f8de<\/p>\n<p>    <\/a><\/p>\n","protected":false},"excerpt":{"rendered":"Ikke skjedd p\u00e5 12 000 \u00e5r: Vulkanen Hayli Gubbi v\u00e5knet s\u00f8ndag etter tusenvis av \u00e5r. &#8211; Tre jordplater&hellip;\n","protected":false},"author":2,"featured_media":96470,"comment_status":"","ping_status":"","sticky":false,"template":"","format":"standard","meta":{"footnotes":""},"categories":[5],"tags":[20,21,24,25,15,19,2539,22,23,17,18,13,30,28,29,14,16,26,27],"class_list":{"0":"post-96652","1":"post","2":"type-post","3":"status-publish","4":"format-standard","5":"has-post-thumbnail","7":"category-overskrifter","8":"tag-breaking-news","9":"tag-breakingnews","10":"tag-featured-news","11":"tag-featurednews","12":"tag-headlines","13":"tag-hovedoppslag","14":"tag-innenriks","15":"tag-latest-news","16":"tag-latestnews","17":"tag-main-news","18":"tag-mainnews","19":"tag-news","20":"tag-no","21":"tag-norge","22":"tag-norway","23":"tag-nyheter","24":"tag-overskrifter","25":"tag-top-stories","26":"tag-topstories"},"share_on_mastodon":{"url":"https:\/\/pubeurope.com\/@no\/115612334727634787","error":""},"_links":{"self":[{"href":"https:\/\/www.europesays.com\/no\/wp-json\/wp\/v2\/posts\/96652","targetHints":{"allow":["GET"]}}],"collection":[{"href":"https:\/\/www.europesays.com\/no\/wp-json\/wp\/v2\/posts"}],"about":[{"href":"https:\/\/www.europesays.com\/no\/wp-json\/wp\/v2\/types\/post"}],"author":[{"embeddable":true,"href":"https:\/\/www.europesays.com\/no\/wp-json\/wp\/v2\/users\/2"}],"replies":[{"embeddable":true,"href":"https:\/\/www.europesays.com\/no\/wp-json\/wp\/v2\/comments?post=96652"}],"version-history":[{"count":0,"href":"https:\/\/www.europesays.com\/no\/wp-json\/wp\/v2\/posts\/96652\/revisions"}],"wp:featuredmedia":[{"embeddable":true,"href":"https:\/\/www.europesays.com\/no\/wp-json\/wp\/v2\/media\/96470"}],"wp:attachment":[{"href":"https:\/\/www.europesays.com\/no\/wp-json\/wp\/v2\/media?parent=96652"}],"wp:term":[{"taxonomy":"category","embeddable":true,"href":"https:\/\/www.europesays.com\/no\/wp-json\/wp\/v2\/categories?post=96652"},{"taxonomy":"post_tag","embeddable":true,"href":"https:\/\/www.europesays.com\/no\/wp-json\/wp\/v2\/tags?post=96652"}],"curies":[{"name":"wp","href":"https:\/\/api.w.org\/{rel}","templated":true}]}}