{"id":96655,"date":"2025-11-25T20:59:34","date_gmt":"2025-11-25T20:59:34","guid":{"rendered":"https:\/\/www.europesays.com\/no\/96655\/"},"modified":"2025-11-25T20:59:34","modified_gmt":"2025-11-25T20:59:34","slug":"tesla-har-satt-leveringsrekord-i-norge","status":"publish","type":"post","link":"https:\/\/www.europesays.com\/no\/96655\/","title":{"rendered":"Tesla har satt leverings\u00adrekord i Norge"},"content":{"rendered":"<p>\n        HELE REKKA: Teslas modellrekke, men det er i all hovedsak Model Y, til h\u00f8yre, som st\u00e5r for volumet. 80 prosent av bilene merket har levert i \u00e5r er Model Y.<br \/>\n        Foto: MORTEN ABRAHAMSEN\n    <\/p>\n<p class=\"kicker t31 tm25 font-weight-bold m-font-weight-bold font-Roboto\" style=\"\">Volum:<\/p>\n<p>    Aldri tidligere har ett merke levert s\u00e5 mange nye biler i Norge som Tesla i 2025.<\/p>\n<p>I 2016 ble det, if\u00f8lge statistikken til Opplysningsr\u00e5det for veitrafikken, registrert 26.572 nye Volkswagen, som da var ny leveringsrekord.<\/p>\n<p>Den har n\u00e5 blitt passert, melder <a href=\"https:\/\/www.bilbransje24.no\/notice\/1176408\" target=\"_blank\" rel=\"nofollow noopener\">Bilbransje24<\/a>.<\/p>\n<p class=\"font-weight-bold m-font-weight-bold\" data-lab-font_weight=\"font-weight-bold\">Tesla har registrert flere biler enn dette i \u00e5r, og det er fortsatt over \u00e9n m\u00e5ned igjen av 2025.<\/p>\n<p>Teslas beste \u00e5r i Norge inntil i \u00e5r var 2023, med 25.403 biler.<\/p>\n<p>            Har du lest disse sakene fra Motor?<\/p>\n","protected":false},"excerpt":{"rendered":"HELE REKKA: Teslas modellrekke, men det er i all hovedsak Model Y, til h\u00f8yre, som st\u00e5r for volumet.&hellip;\n","protected":false},"author":2,"featured_media":96656,"comment_status":"","ping_status":"","sticky":false,"template":"","format":"standard","meta":{"footnotes":""},"categories":[56],"tags":[60,61,62,30,28,29],"class_list":{"0":"post-96655","1":"post","2":"type-post","3":"status-publish","4":"format-standard","5":"has-post-thumbnail","7":"category-naeringsliv","8":"tag-business","9":"tag-economy","10":"tag-naeringsliv","11":"tag-no","12":"tag-norge","13":"tag-norway"},"share_on_mastodon":{"url":"https:\/\/pubeurope.com\/@no\/115612350272684816","error":""},"_links":{"self":[{"href":"https:\/\/www.europesays.com\/no\/wp-json\/wp\/v2\/posts\/96655","targetHints":{"allow":["GET"]}}],"collection":[{"href":"https:\/\/www.europesays.com\/no\/wp-json\/wp\/v2\/posts"}],"about":[{"href":"https:\/\/www.europesays.com\/no\/wp-json\/wp\/v2\/types\/post"}],"author":[{"embeddable":true,"href":"https:\/\/www.europesays.com\/no\/wp-json\/wp\/v2\/users\/2"}],"replies":[{"embeddable":true,"href":"https:\/\/www.europesays.com\/no\/wp-json\/wp\/v2\/comments?post=96655"}],"version-history":[{"count":0,"href":"https:\/\/www.europesays.com\/no\/wp-json\/wp\/v2\/posts\/96655\/revisions"}],"wp:featuredmedia":[{"embeddable":true,"href":"https:\/\/www.europesays.com\/no\/wp-json\/wp\/v2\/media\/96656"}],"wp:attachment":[{"href":"https:\/\/www.europesays.com\/no\/wp-json\/wp\/v2\/media?parent=96655"}],"wp:term":[{"taxonomy":"category","embeddable":true,"href":"https:\/\/www.europesays.com\/no\/wp-json\/wp\/v2\/categories?post=96655"},{"taxonomy":"post_tag","embeddable":true,"href":"https:\/\/www.europesays.com\/no\/wp-json\/wp\/v2\/tags?post=96655"}],"curies":[{"name":"wp","href":"https:\/\/api.w.org\/{rel}","templated":true}]}}