{"id":96659,"date":"2025-11-25T21:02:07","date_gmt":"2025-11-25T21:02:07","guid":{"rendered":"https:\/\/www.europesays.com\/no\/96659\/"},"modified":"2025-11-25T21:02:07","modified_gmt":"2025-11-25T21:02:07","slug":"bodo-glimt-juventus-direkte-aftenposten","status":"publish","type":"post","link":"https:\/\/www.europesays.com\/no\/96659\/","title":{"rendered":"Bod\u00f8\/Glimt\u2013Juventus direkte &#8211; Aftenposten"},"content":{"rendered":"<ol>\n<li><a href=\"https:\/\/news.google.com\/rss\/articles\/CBMigwFBVV95cUxNbUYxTWJMRjJoTXBTbU1FT3hBUlFyT0wwQktxcC14TXMwdFZnZTVkeFRHOVEtMldidUpwREFMRFhzYkJnM3otSTRJZ1FGTEEtS1NGcVA4d0w4X1lYM185VHFhYjhEeHZfUzg0bWVjOHltdnZBTlF2Y0VndE8wb0NuNElDYw?oc=5\" target=\"_blank\" rel=\"nofollow noopener\">Bod\u00f8\/Glimt\u2013Juventus direkte<\/a>&nbsp;&nbsp;Aftenposten<\/li>\n<li><a href=\"https:\/\/news.google.com\/rss\/articles\/CBMi6wFBVV95cUxNenduMzUyUkd5b2JrUmREdUdlcUpSOFB1eXJxemZZYW9McENCSGRaQjZoT3k4UXJhUXp5b3FmSmZxaGU3RWRENVltVEV2ZnJuaXhEelRuSnc3RWNycmFvSDRRb0YwQklnQmtLQXZaS3l5RzJxOEw5MVBKRDN0c2lkLU45ZFNrbnFSYVBMS3cxNHZ6eXpvVjZmVTVlTzI3VUxWanlqYlE2N0hoT0pNRDlXd04xbEE3WE8ydEdoQVU4Z1ZuMUcwbWFXRzFEV01OR3Y1UDU5MWFScVFpTEU5WTJZQUNKMWtzU2c0QWI0?oc=5\" target=\"_blank\" rel=\"nofollow noopener\">Flytr\u00f8bbel for Juventus-topper \u2013 kj\u00f8rer taxi i 375 kilometer til Bod\u00f8<\/a>&nbsp;&nbsp;VG<\/li>\n<li><a href=\"https:\/\/news.google.com\/rss\/articles\/CBMilgFBVV95cUxPTVVlLTduaTdGeWloSFYyZUNOX0ZVVmdzcWhhaVIzZWdSOGlqcGhhQkY1UFZpUmFnQS1na1lFUl91ektSS1phWm1pZE1Wdzk0MlVkTHZrRkFVaTF1V1ZaYlo5YXJ0R09oUnVFdVpLMzFQLXJtQlNITDd1VXc4VU04X1k3VlpUYUtnTGZxMGNBd1VYRWI2YWc?oc=5\" target=\"_blank\" rel=\"nofollow noopener\">Bod\u00f8 Glimt, Bod\u00f8 | Bet seg merke i Juventus-oppf\u00f8rsel: \u2013 Utilpasse<\/a>&nbsp;&nbsp;Nettavisen<\/li>\n<li><a href=\"https:\/\/news.google.com\/rss\/articles\/CBMiekFVX3lxTE4xUl9nZzlpZTVTa0lvMVlSYS1QMlJ5U3ExNkg1MmdhdUx2ams1LTZsU0pjMVQxZXNuOExoeDZ2dTFyZHRvZm1STkxVVUZjNjBjMDU1aWtWQklZbnFkWE5kaDhRbE10WmN4d3R2d3dkYTRwWGJPQVI0VURn?oc=5\" target=\"_blank\" rel=\"nofollow noopener\">Fly-tr\u00f8bbel: &#8211; Ikke verdens navle<\/a>&nbsp;&nbsp;Dagbladet<\/li>\n<li><a href=\"https:\/\/news.google.com\/rss\/articles\/CBMikgFBVV95cUxNNHR4ODVpd09VRzJ2bURQNG05dTlhVGFMdFlVVVhnVmVBM0x1OXk4VS1oZGQtU1RRVi1kTUN3YTNqaDBnNkRnMUVDV0I3TS1oMDhfR1NfQnF4Q1RLRVhJc1czMkxzd0NrYUM5UUJoWUdWVGVNWXoyS0FwUjhWMnZSYmJKN0NhNEhFZGc1czdBNWpnUQ?oc=5\" target=\"_blank\" rel=\"nofollow noopener\">Glimt, Champions League | I kveld f\u00e5r Ray oppleve sin aller f\u00f8rste kamp p\u00e5 Aspmyra<\/a>&nbsp;&nbsp;Avisa Nordland<\/li>\n<\/ol>\n","protected":false},"excerpt":{"rendered":"Bod\u00f8\/Glimt\u2013Juventus direkte&nbsp;&nbsp;Aftenposten Flytr\u00f8bbel for Juventus-topper \u2013 kj\u00f8rer taxi i 375 kilometer til Bod\u00f8&nbsp;&nbsp;VG Bod\u00f8 Glimt, Bod\u00f8 | Bet&hellip;\n","protected":false},"author":2,"featured_media":914,"comment_status":"","ping_status":"","sticky":false,"template":"","format":"standard","meta":{"footnotes":""},"categories":[5],"tags":[20,21,24,25,15,19,22,23,17,18,13,30,28,29,14,16,26,27],"class_list":{"0":"post-96659","1":"post","2":"type-post","3":"status-publish","4":"format-standard","5":"has-post-thumbnail","7":"category-overskrifter","8":"tag-breaking-news","9":"tag-breakingnews","10":"tag-featured-news","11":"tag-featurednews","12":"tag-headlines","13":"tag-hovedoppslag","14":"tag-latest-news","15":"tag-latestnews","16":"tag-main-news","17":"tag-mainnews","18":"tag-news","19":"tag-no","20":"tag-norge","21":"tag-norway","22":"tag-nyheter","23":"tag-overskrifter","24":"tag-top-stories","25":"tag-topstories"},"share_on_mastodon":{"url":"https:\/\/pubeurope.com\/@no\/115612362029200050","error":""},"_links":{"self":[{"href":"https:\/\/www.europesays.com\/no\/wp-json\/wp\/v2\/posts\/96659","targetHints":{"allow":["GET"]}}],"collection":[{"href":"https:\/\/www.europesays.com\/no\/wp-json\/wp\/v2\/posts"}],"about":[{"href":"https:\/\/www.europesays.com\/no\/wp-json\/wp\/v2\/types\/post"}],"author":[{"embeddable":true,"href":"https:\/\/www.europesays.com\/no\/wp-json\/wp\/v2\/users\/2"}],"replies":[{"embeddable":true,"href":"https:\/\/www.europesays.com\/no\/wp-json\/wp\/v2\/comments?post=96659"}],"version-history":[{"count":0,"href":"https:\/\/www.europesays.com\/no\/wp-json\/wp\/v2\/posts\/96659\/revisions"}],"wp:featuredmedia":[{"embeddable":true,"href":"https:\/\/www.europesays.com\/no\/wp-json\/wp\/v2\/media\/914"}],"wp:attachment":[{"href":"https:\/\/www.europesays.com\/no\/wp-json\/wp\/v2\/media?parent=96659"}],"wp:term":[{"taxonomy":"category","embeddable":true,"href":"https:\/\/www.europesays.com\/no\/wp-json\/wp\/v2\/categories?post=96659"},{"taxonomy":"post_tag","embeddable":true,"href":"https:\/\/www.europesays.com\/no\/wp-json\/wp\/v2\/tags?post=96659"}],"curies":[{"name":"wp","href":"https:\/\/api.w.org\/{rel}","templated":true}]}}