{"id":96660,"date":"2025-11-25T21:03:14","date_gmt":"2025-11-25T21:03:14","guid":{"rendered":"https:\/\/www.europesays.com\/no\/96660\/"},"modified":"2025-11-25T21:03:14","modified_gmt":"2025-11-25T21:03:14","slug":"sport-handball-nokkelspillerne-har-signert-perfekt-pakke-med-handball-og-kjaereste-hamar-arbeiderblad","status":"publish","type":"post","link":"https:\/\/www.europesays.com\/no\/96660\/","title":{"rendered":"Sport, H\u00e5ndball | N\u00f8kkelspillerne har signert: \u2013 Perfekt pakke med h\u00e5ndball og kj\u00e6reste &#8211; Hamar Arbeiderblad"},"content":{"rendered":"<ol>\n<li><a href=\"https:\/\/news.google.com\/rss\/articles\/CBMiowFBVV95cUxPc1YyRVJNQmtzRWotbkVJTjhxcGhRV1ZEOE9yR0RzZTMtUWRoelZIbHhfRVBTTi13WFRFMkZ5OUF1OFZjUENpLWNNOVR0dmZ6UTJCYmRMaEdsWlItVU03TC1vX0VpX0VDczVUWDdoNGhhNFl4UHlkVDdtLUVUNTNQbDh5UXZjaUU5M0kzN1Z1U3pzYjlOaVBFdmdBX0w2emg5TjMw?oc=5\" target=\"_blank\" rel=\"nofollow noopener\">Sport, H\u00e5ndball | N\u00f8kkelspillerne har signert: \u2013 Perfekt pakke med h\u00e5ndball og kj\u00e6reste<\/a>&nbsp;&nbsp;Hamar Arbeiderblad<\/li>\n<li><a href=\"https:\/\/news.google.com\/rss\/articles\/CBMikwFBVV95cUxOTUlkb1gtNnhMRGp5cDFiVnctaHFOVDBlVExkc1Z4OExSeHF4YW05TVNfcmJiM3dfUVkwTFp2MXU1dXRnVHlURmlCN2pDOEF3NDAwWW1Cb2hoUWl3T2hWUHRrLU10S1JURFpHREVuTXRGYUc1M1oxMVI3TFlLQTNPdWZ1WFNqWkM1WlljNm8ydkdsX1k?oc=5\" target=\"_blank\" rel=\"nofollow noopener\">Tar tre sesonger til i Storhamar<\/a>&nbsp;&nbsp;avisa-st.no<\/li>\n<li><a href=\"https:\/\/news.google.com\/rss\/articles\/CBMiuAFBVV95cUxOOFc5X20tLWRtSzRJMjVGR09iM01VZ2QwN09LNDdnLUEzWmVuV2Z5eFhTbWtUaWVhOTF5MXVOc2tPY2l1SDhESGlBcHdUeXEwTVZjQnJaaDRCZFdlRWpuSWUzaTcyMEpWY2JXam0yMzBlZ21qbnlETVdGQzEwSzE1ZUF2TTBRZF9mSHhQdkpPUkNpeXdHdjEydXNrSW41WnhUaWd5anZPdUxXbnhXVEp4RG1XajJFVWJ4?oc=5\" target=\"_blank\" rel=\"nofollow noopener\">Tre nye \u00e5r med Mathilde og Kjerstin: \u2013 Det fristet \u00e5 bli p\u00e5 Hamar en god stund til<\/a>&nbsp;&nbsp;Norsk Topph\u00e5ndball<\/li>\n<li><a href=\"https:\/\/news.google.com\/rss\/articles\/CBMixAFBVV95cUxPRnhuTGNWNURPRHptMzAwdUJJS0hXMVNtSko1ODR2anM0WVZ3RWhtYVo4X3Rjc3JFYnBlS2JubkFpc1BZTXhVY19aa1NEdEtoTXc1blpmazVFa1MwRVJybmFHel9qRlR3TExPbzdlVVhWT241Mmw5Z0owUmxReS1yVDVSUUZ1Q1JFOUpHS0t2bjBNRzJRcmV0N2h6WnVvZVp2aFVDbmpLWXVCQkJtM1pDV2MyV0NrcmRDSHhPbVU4ZFJZSHpL?oc=5\" target=\"_blank\" rel=\"nofollow noopener\">Kl\u00e6bo med stikk til kritikere etter sprintseieren<\/a>&nbsp;&nbsp;TV2.no<\/li>\n<li><a href=\"https:\/\/news.google.com\/rss\/articles\/CBMihwFBVV95cUxNX0hHYU5LT3NNajFaQmlpUHFnRjJwRE90YlJ0MllSQkVBbVoycWNGdHZyVE9MR3A1V1k3enpDamFVUTNNdWY2UmQ0T1R0QnpZNlhHVHRmSVd0UUczekNxR1R6LTlwQkNYUzlpWmo2QWFoR2t3VHlERFhydlNyc2lxeDJpX1BraDg?oc=5\" target=\"_blank\" rel=\"nofollow noopener\">Sport, H\u00e5ndball | N\u00f8kkelspiller har signert p\u00e5 langtidskontrakt<\/a>&nbsp;&nbsp;Hamar Arbeiderblad<\/li>\n<\/ol>\n","protected":false},"excerpt":{"rendered":"Sport, H\u00e5ndball | N\u00f8kkelspillerne har signert: \u2013 Perfekt pakke med h\u00e5ndball og kj\u00e6reste&nbsp;&nbsp;Hamar Arbeiderblad Tar tre sesonger til&hellip;\n","protected":false},"author":2,"featured_media":96661,"comment_status":"","ping_status":"","sticky":false,"template":"","format":"standard","meta":{"footnotes":""},"categories":[59],"tags":[30,28,29,83,82],"class_list":{"0":"post-96660","1":"post","2":"type-post","3":"status-publish","4":"format-standard","5":"has-post-thumbnail","7":"category-sport","8":"tag-no","9":"tag-norge","10":"tag-norway","11":"tag-sport","12":"tag-sports"},"share_on_mastodon":{"url":"https:\/\/pubeurope.com\/@no\/115612365846718409","error":""},"_links":{"self":[{"href":"https:\/\/www.europesays.com\/no\/wp-json\/wp\/v2\/posts\/96660","targetHints":{"allow":["GET"]}}],"collection":[{"href":"https:\/\/www.europesays.com\/no\/wp-json\/wp\/v2\/posts"}],"about":[{"href":"https:\/\/www.europesays.com\/no\/wp-json\/wp\/v2\/types\/post"}],"author":[{"embeddable":true,"href":"https:\/\/www.europesays.com\/no\/wp-json\/wp\/v2\/users\/2"}],"replies":[{"embeddable":true,"href":"https:\/\/www.europesays.com\/no\/wp-json\/wp\/v2\/comments?post=96660"}],"version-history":[{"count":0,"href":"https:\/\/www.europesays.com\/no\/wp-json\/wp\/v2\/posts\/96660\/revisions"}],"wp:featuredmedia":[{"embeddable":true,"href":"https:\/\/www.europesays.com\/no\/wp-json\/wp\/v2\/media\/96661"}],"wp:attachment":[{"href":"https:\/\/www.europesays.com\/no\/wp-json\/wp\/v2\/media?parent=96660"}],"wp:term":[{"taxonomy":"category","embeddable":true,"href":"https:\/\/www.europesays.com\/no\/wp-json\/wp\/v2\/categories?post=96660"},{"taxonomy":"post_tag","embeddable":true,"href":"https:\/\/www.europesays.com\/no\/wp-json\/wp\/v2\/tags?post=96660"}],"curies":[{"name":"wp","href":"https:\/\/api.w.org\/{rel}","templated":true}]}}