{"id":96664,"date":"2025-11-25T21:09:09","date_gmt":"2025-11-25T21:09:09","guid":{"rendered":"https:\/\/www.europesays.com\/no\/96664\/"},"modified":"2025-11-25T21:09:09","modified_gmt":"2025-11-25T21:09:09","slug":"barth-eide-varsler-rekordmange-nye-eu-lover-i-desember-nationen","status":"publish","type":"post","link":"https:\/\/www.europesays.com\/no\/96664\/","title":{"rendered":"Barth Eide varsler rekordmange nye EU-lover i desember &#8211; Nationen"},"content":{"rendered":"<ol>\n<li><a href=\"https:\/\/news.google.com\/rss\/articles\/CBMihgFBVV95cUxQajNZWGRpaEVmc1I2bjVSTXg5RkduSjlfYXZiT1BsRnFhY0JCUnhQYjlyY1MwTDI4Qlc1WC1hUnhIcFlrYmpHU3BRVmpMWU8wRUVBR2M3T05mNG5ZVmdQakZucnRjTmtpZ1hXQmxKQy02WURGOWdsYmVXX1JBNHQzclVaUFYtZw?oc=5\" target=\"_blank\" rel=\"nofollow noopener\">Barth Eide varsler rekordmange nye EU-lover i desember<\/a>&nbsp;&nbsp;Nationen<\/li>\n<li><a href=\"https:\/\/news.google.com\/rss\/articles\/CBMiigFBVV95cUxQcElWc1cyS3J1bU9Sd3FyQ0FCYXpjQzRVclA4eEJ1d0U2ZDF6dkQzbnJNeFhOVnpwaDNaWmJfQ0EzVERSc0lWU1FhZmMweEtScFpManpnbjFJT2FYeUVjQ2F0em1IYkFWZDlNeTAtbWZsYmlZUFowenNBLUJaLW1BcnpBc09iUm9LVUE?oc=5\" target=\"_blank\" rel=\"nofollow noopener\">En varslet krise<\/a>&nbsp;&nbsp;E24<\/li>\n<li><a href=\"https:\/\/news.google.com\/rss\/articles\/CBMirgFBVV95cUxNMHRqNlFkeDlFNmpOSE03SGJYUVVwMnU3SkZQQl93N0hack1QZ29UdzN2Y1FDVHFJZkFBWmVNT1RLeTUwUy11UnBnaGlxYTVUVmxOR3RNSmotNnFZel9UdHlkQkx0ejVjNmotTElETGtpZXNWQVYweXA5dDhaN2lrYndZUllRZ2p1UHk5TTJ4ejdGanVoYnJ2NXo2bkxrX04zU3U1T00yeEpDWWJqVHc?oc=5\" target=\"_blank\" rel=\"nofollow noopener\">KrF vil svare p\u00e5 EU-toll \u2013 \u00f8nsker \u00e5 fryse alle E\u00d8S-midler<\/a>&nbsp;&nbsp;adressa.no<\/li>\n<li><a href=\"https:\/\/news.google.com\/rss\/articles\/CBMi0AFBVV95cUxOQWhzeXRuY2F0aFVJRTBNRXB6N1ZTQWVNQnJ3OXA2UEhidG9UQXJCVkxqekVlODBVWmdJVU8tR1dMaGVFWUdwdVpkYWROVlJ5amZoOE55eGp0T0w4d3dwa2k5bEkyLThRZXRnd3JoZXNUakdNVUd4V1ozQjhZak1TNkRvNlY1VU1QSzZOa2Z0cG5CYTVIZ2FZZ0c5d1JPS3ZOS0F6Zkxfb056N2x1NXRqemJELXdaTTlTYWQzRlZkRlcyX1pUak1VSFlidGplRHpZ?oc=5\" target=\"_blank\" rel=\"nofollow noopener\">Tidenes st\u00f8rste formue for oljefondssjefen \u2013 tjente 219 mill. i fjor (+)<\/a>&nbsp;&nbsp;Dagens N\u00e6ringsliv<\/li>\n<li><a href=\"https:\/\/news.google.com\/rss\/articles\/CBMif0FVX3lxTFBzLUNxeWF4WVRYaFAtV01WOU9sekVXeEtBQUw5MUppR1FPVEthck5CTTNhdGw3cXdwTlhEN3puOTlmWlZ5bXZ3WW5ZSlVDN3RFTEt3bEstbmtZeFFDbXJBcHl2SFNtQlhtOWxORVBpZTVCWUVFZUtmUU80WVA0SFU?oc=5\" target=\"_blank\" rel=\"nofollow noopener\">&#8211; Da f\u00e5r Norge plass ved bordet<\/a>&nbsp;&nbsp;Dagbladet<\/li>\n<\/ol>\n","protected":false},"excerpt":{"rendered":"Barth Eide varsler rekordmange nye EU-lover i desember&nbsp;&nbsp;Nationen En varslet krise&nbsp;&nbsp;E24 KrF vil svare p\u00e5 EU-toll \u2013 \u00f8nsker&hellip;\n","protected":false},"author":2,"featured_media":96665,"comment_status":"","ping_status":"","sticky":false,"template":"","format":"standard","meta":{"footnotes":""},"categories":[10],"tags":[20,21,24,25,15,22,23,13,30,28,29,14,16,26,27],"class_list":{"0":"post-96664","1":"post","2":"type-post","3":"status-publish","4":"format-standard","5":"has-post-thumbnail","7":"category-norge","8":"tag-breaking-news","9":"tag-breakingnews","10":"tag-featured-news","11":"tag-featurednews","12":"tag-headlines","13":"tag-latest-news","14":"tag-latestnews","15":"tag-news","16":"tag-no","17":"tag-norge","18":"tag-norway","19":"tag-nyheter","20":"tag-overskrifter","21":"tag-top-stories","22":"tag-topstories"},"share_on_mastodon":{"url":"https:\/\/pubeurope.com\/@no\/115612389801092407","error":""},"_links":{"self":[{"href":"https:\/\/www.europesays.com\/no\/wp-json\/wp\/v2\/posts\/96664","targetHints":{"allow":["GET"]}}],"collection":[{"href":"https:\/\/www.europesays.com\/no\/wp-json\/wp\/v2\/posts"}],"about":[{"href":"https:\/\/www.europesays.com\/no\/wp-json\/wp\/v2\/types\/post"}],"author":[{"embeddable":true,"href":"https:\/\/www.europesays.com\/no\/wp-json\/wp\/v2\/users\/2"}],"replies":[{"embeddable":true,"href":"https:\/\/www.europesays.com\/no\/wp-json\/wp\/v2\/comments?post=96664"}],"version-history":[{"count":0,"href":"https:\/\/www.europesays.com\/no\/wp-json\/wp\/v2\/posts\/96664\/revisions"}],"wp:featuredmedia":[{"embeddable":true,"href":"https:\/\/www.europesays.com\/no\/wp-json\/wp\/v2\/media\/96665"}],"wp:attachment":[{"href":"https:\/\/www.europesays.com\/no\/wp-json\/wp\/v2\/media?parent=96664"}],"wp:term":[{"taxonomy":"category","embeddable":true,"href":"https:\/\/www.europesays.com\/no\/wp-json\/wp\/v2\/categories?post=96664"},{"taxonomy":"post_tag","embeddable":true,"href":"https:\/\/www.europesays.com\/no\/wp-json\/wp\/v2\/tags?post=96664"}],"curies":[{"name":"wp","href":"https:\/\/api.w.org\/{rel}","templated":true}]}}