{"id":96666,"date":"2025-11-25T21:10:12","date_gmt":"2025-11-25T21:10:12","guid":{"rendered":"https:\/\/www.europesays.com\/no\/96666\/"},"modified":"2025-11-25T21:10:12","modified_gmt":"2025-11-25T21:10:12","slug":"leif-gunnar-smerud-forlater-brann-seriemesterens-trenerbytte-2","status":"publish","type":"post","link":"https:\/\/www.europesays.com\/no\/96666\/","title":{"rendered":"Leif Gunnar Smerud forlater Brann: Seriemesterens trenerbytte"},"content":{"rendered":"<p>Leif Gunnar Smerud blir ikke \u00e5 finne p\u00e5 Brann-benken neste sesong.\u00a0<\/p>\n<p>Slik TV 2 erfarte tidligere tirsdag er 48-\u00e5ringens tid hos seriemesterne er forbi.\u00a0<\/p>\n<p data-lab-font_weight=\"bold\" class=\"bold m-bold\">Det bekrefter Brann tirsdag kveld.<\/p>\n<p>        <img class=\"image__img lazyload\" itemprop=\"image\" title=\"Foto: Agnieszka Iwanska \/ TV 2\" alt=\"OVER: For Leif Gunnar Smerud i Brann. Foto: Agnieszka Iwanska \/ TV 2\" width=\"675\" height=\"419\" bad-src=\"https:\/\/www.europesays.com\/no\/wp-content\/uploads\/2025\/11\/18322487.webp\" fetchpriority=\"auto\" \/><\/p>\n<p>      OVER: For Leif Gunnar Smerud i Brann.<br \/>\n         Foto: Agnieszka Iwanska \/ TV 2<\/p>\n<p><a href=\"https:\/\/www.ba.no\/leif-gunnar-smerud-er-trolig-ferdig-som-trener-for-branns-damelag\/s\/5-8-3233615\" target=\"_blank\" rel=\"nofollow noopener\">Bergensavisen <\/a>var f\u00f8rst med \u00e5 melde at partene var i ferd med \u00e5 g\u00e5 fra hverandre.\u00a0<\/p>\n<p>Allerede 25. september kunne TV 2 fortelle at det var\u00a0<a href=\"https:\/\/www.tv2.no\/sport\/tv-2-erfarer-intern-brann-misnoye-med-smerud\/18133893\/\" target=\"_blank\" rel=\"nofollow noopener\">sterk misn\u00f8ye<\/a>\u00a0med treneren.\u00a0<\/p>\n<p>Senere\u00a0<a href=\"https:\/\/www.tv2.no\/sport\/reagerer-pa-svar-hores-rart-ut\/18200858\/\" target=\"_blank\" rel=\"nofollow noopener\">nektet flere \u00e5 svare\u00a0<\/a>p\u00e5 om de hadde tillit til Smerud som leder for laget.\u00a0<\/p>\n<p> Smerud og Brann er n\u00e5 uenige i veien videre for klubben. <\/p>\n<p class=\"bold m-bold\" data-lab-font_weight=\"bold\">\u2013 Det handler om m\u00e5ten vi spiller p\u00e5, m\u00e5ten vi trener p\u00e5, m\u00e5ten vi kommuniserer p\u00e5 og m\u00e5ten vi leder p\u00e5. S\u00e5 har jeg ikke lyst til \u00e5 grave noe mer i det enn det n\u00e5, sier Branns daglige leder Christian Kalvenes til TV 2.<\/p>\n<p>Smerud sier til TV 2 at de landet p\u00e5 en l\u00f8sning som var best for begge parter.\u00a0<\/p>\n<p>\u2013 Jeg er veldig imponert over spillerne som har holdt fokus og leverte seriegull og gode prestasjoner. Og for meg har det v\u00e6rt greit \u00e5 st\u00e5 i. Det har bl\u00e5st litt, men det t\u00e5ler man. Det er en del av denne bransjen og s\u00e6rlig i Brann og Bergen. Det er noe vi skal v\u00e6re glad for, at interessen og engasjementet er der, sier Smerud.<\/p>\n<p class=\"italic m-italic\" data-lab-italic=\"italic\">\u2013 Har du opplevd at spillere har tatt kontakt med deg om misn\u00f8ye?<\/p>\n<p>\u2013 Hva som diskuteres p\u00e5 innsiden av et lag, har jeg ikke et behov for \u00e5 g\u00e5 inn i n\u00e5. Men jeg har opplevd misn\u00f8yen som rapportert om og jeg har vel sagt det f\u00f8r, at inne har det v\u00e6rt rolig, og vi har h\u00e5ndtert det bra.<\/p>\n<p>\u2013 Det viser h\u00f8sten ogs\u00e5. Det er naturlig i et prestasjonsmilj\u00f8, s\u00e6rlig hvis man gj\u00f8r endringer, at det er faglige meninger om ting. Det skal det v\u00e6re, det synes jeg er det rette. Det er ikke noe unaturlig, og det har ikke v\u00e6rt noe st\u00f8y p\u00e5 den m\u00e5ten, sier Smerud til TV 2.<\/p>\n<p>48-\u00e5ringen tok over ansvaret i Brann 1. august i \u00e5r.\u00a0<\/p>\n<p>        <img class=\"image__img lazyload\" itemprop=\"image\" title=\"Foto: Silje Katrine Robinson \/ NTB\" alt=\"SERIEMESTER: Brann kunne feire et suverent seriegull. Foto: Silje Katrine Robinson \/ NTB\" width=\"978\" height=\"551\" bad-src=\"https:\/\/www.europesays.com\/no\/wp-content\/uploads\/2025\/11\/1764105012_426_18322541.webp\" fetchpriority=\"auto\" \/><\/p>\n<p>      SERIEMESTER: Brann kunne feire et suverent seriegull.<br \/>\n         Foto: Silje Katrine Robinson \/ NTB<\/p>\n<p>Siden den gang har spillerne hatt m\u00f8ter med daglig leder, Christian Kalvenes. Det skal ogs\u00e5 ha v\u00e6rt en evalueringsprosess etter endt sesong.\u00a0<\/p>\n<p>\u2013 Det har v\u00e6rt mye skriverier og medieoppslag. Jeg skj\u00f8nner at det er mye meninger rundt det vi gj\u00f8r. Anonyme kilder kan jeg ikke fekte mot. Dette har vi st\u00e5tt i og h\u00e5ndtert. At det er skriverier er naturlig, sier Smerud.<\/p>\n<p>Smerud kan ikke tas p\u00e5 resultatene i Brann.\u00a0<\/p>\n<p>        <img class=\"image__img lazyload\" itemprop=\"image\" title=\"Foto: Marius Simensen \/ BILDBYR\u00c5N\" alt=\"FERDIG: Leif Gunnar Smerud vart prisen \u00ab\u00c5rets trener\u00bb, men er ikke godtatt av spillergruppen i Bergen. Foto: Marius Simensen \/ BILDBYR\u00c5N\" width=\"675\" height=\"460\" bad-src=\"https:\/\/www.europesays.com\/no\/wp-content\/uploads\/2025\/11\/1764105012_563_18322547.webp\" fetchpriority=\"auto\" \/><\/p>\n<p>      FERDIG: Leif Gunnar Smerud vart prisen \u00ab\u00c5rets trener\u00bb, men er ikke godtatt av spillergruppen i Bergen.<br \/>\n         Foto: Marius Simensen \/ BILDBYR\u00c5N<\/p>\n<p>Da han tok over klubben l\u00e5 laget p\u00e5 andreplass i Toppserien.\u00a0<\/p>\n<p>Smerud ledet Brann til tretten strake seiere i Toppserien og et suverent ligagull, sju poeng foran V\u00e5lerenga.\u00a0<\/p>\n<p>P\u00e5 sesongens siste dag valset seriemesterne over Bod\u00f8\/Glimt med 8-0-seier og Smerud ble samme dag k\u00e5ret til \u00e5rets trener i Toppserien.\u00a0<\/p>\n<p>Det han ikke lyktes med var \u00e5 kvalifisere Brann til Europacup-spill, ta cup-gull eller vinne spillernes gunst.<\/p>\n<p>N\u00e5 reiser 48-\u00e5ringen fra Stavanger hjem.<\/p>\n<p>\u2013 N\u00e5 er det p\u00e5 en tid av \u00e5ret hvor det er litt ferietid. Det blir hjem til familie og v\u00e6re med dem, avslutter Smerud.<\/p>\n","protected":false},"excerpt":{"rendered":"Leif Gunnar Smerud blir ikke \u00e5 finne p\u00e5 Brann-benken neste sesong.\u00a0 Slik TV 2 erfarte tidligere tirsdag er&hellip;\n","protected":false},"author":2,"featured_media":96558,"comment_status":"","ping_status":"","sticky":false,"template":"","format":"standard","meta":{"footnotes":""},"categories":[5],"tags":[20,21,24,25,15,19,22,23,17,18,13,30,28,29,14,16,26,27],"class_list":{"0":"post-96666","1":"post","2":"type-post","3":"status-publish","4":"format-standard","5":"has-post-thumbnail","7":"category-overskrifter","8":"tag-breaking-news","9":"tag-breakingnews","10":"tag-featured-news","11":"tag-featurednews","12":"tag-headlines","13":"tag-hovedoppslag","14":"tag-latest-news","15":"tag-latestnews","16":"tag-main-news","17":"tag-mainnews","18":"tag-news","19":"tag-no","20":"tag-norge","21":"tag-norway","22":"tag-nyheter","23":"tag-overskrifter","24":"tag-top-stories","25":"tag-topstories"},"share_on_mastodon":{"url":"https:\/\/pubeurope.com\/@no\/115612393500532501","error":""},"_links":{"self":[{"href":"https:\/\/www.europesays.com\/no\/wp-json\/wp\/v2\/posts\/96666","targetHints":{"allow":["GET"]}}],"collection":[{"href":"https:\/\/www.europesays.com\/no\/wp-json\/wp\/v2\/posts"}],"about":[{"href":"https:\/\/www.europesays.com\/no\/wp-json\/wp\/v2\/types\/post"}],"author":[{"embeddable":true,"href":"https:\/\/www.europesays.com\/no\/wp-json\/wp\/v2\/users\/2"}],"replies":[{"embeddable":true,"href":"https:\/\/www.europesays.com\/no\/wp-json\/wp\/v2\/comments?post=96666"}],"version-history":[{"count":0,"href":"https:\/\/www.europesays.com\/no\/wp-json\/wp\/v2\/posts\/96666\/revisions"}],"wp:featuredmedia":[{"embeddable":true,"href":"https:\/\/www.europesays.com\/no\/wp-json\/wp\/v2\/media\/96558"}],"wp:attachment":[{"href":"https:\/\/www.europesays.com\/no\/wp-json\/wp\/v2\/media?parent=96666"}],"wp:term":[{"taxonomy":"category","embeddable":true,"href":"https:\/\/www.europesays.com\/no\/wp-json\/wp\/v2\/categories?post=96666"},{"taxonomy":"post_tag","embeddable":true,"href":"https:\/\/www.europesays.com\/no\/wp-json\/wp\/v2\/tags?post=96666"}],"curies":[{"name":"wp","href":"https:\/\/api.w.org\/{rel}","templated":true}]}}