{"id":96667,"date":"2025-11-25T21:11:20","date_gmt":"2025-11-25T21:11:20","guid":{"rendered":"https:\/\/www.europesays.com\/no\/96667\/"},"modified":"2025-11-25T21:11:20","modified_gmt":"2025-11-25T21:11:20","slug":"victoria-carl-mister-ol-etter-positiv-dopingprove","status":"publish","type":"post","link":"https:\/\/www.europesays.com\/no\/96667\/","title":{"rendered":"Victoria Carl mister OL etter positiv dopingpr\u00f8ve"},"content":{"rendered":"\n<p class=\"_lead_o9xde_2 _lead_xtcu6_50 layout-component text-serif-m layout-normal text-serif-l layout-component layout-wide layout-padded _wide_17hqh_1 layout-padded\">Victoria Carl (30) har enn\u00e5 ikke f\u00e5tt dommen etter at hun tidligere i \u00e5r avga positiv dopingtest.<\/p>\n<p><img alt=\"Den tyske langrennsl\u00f8peren Victoria Carl.  Foto: Fredrik Sandberg, TT via AP \/ NTB\" class=\"_image_qp4xg_65 layout-component layout-wide\" data-fullscreen- data-track-element-type=\"Article image fullscreen\" data-track-name=\"ImageFullscreen\" fetchpriority=\"high\" decoding=\"sync\" loading=\"eager\" height=\"5504\" itemprop=\"image\"  src=\"https:\/\/www.europesays.com\/no\/wp-content\/uploads\/2025\/11\/bd38bf6d-a0a8-4b9a-afcb-e52415fdfb0c\"  style=\"object-position:0% 0%\" width=\"8256\"\/>Den tyske langrennsl\u00f8peren Victoria Carl.  Foto: Fredrik Sandberg, TT via AP \/ NTB<\/p>\n<ul aria-hidden=\"true\" class=\"_images_18f0k_111\">\n<li><a class=\"_link_18f0k_116\" href=\"https:\/\/www.vg.no\/forfatter\/andreas-hopen\" style=\"z-index:2\" title=\"Andreas Hopen\" rel=\"nofollow noopener\" target=\"_blank\"><img alt=\"Bilde av Andreas Hopen\" class=\"_image_18f0k_93\" fetchpriority=\"low\" loading=\"lazy\" decoding=\"async\" itemprop=\"image\"  src=\"https:\/\/www.europesays.com\/no\/wp-content\/uploads\/2025\/11\/1764105079_577_8d697287-ea03-4d54-ab67-6d65b82629eb\"  width=\"480\"\/><\/a><\/li>\n<li><a class=\"_link_18f0k_116\" href=\"https:\/\/www.vg.no\/forfatter\/ntb\" style=\"z-index:1\" title=\"NTB\" rel=\"nofollow noopener\" target=\"_blank\"><img alt=\"Bilde av NTB\" class=\"_image_18f0k_93\" fetchpriority=\"low\" loading=\"lazy\" decoding=\"async\" itemprop=\"image\"  src=\"https:\/\/www.europesays.com\/no\/wp-content\/uploads\/2025\/11\/1764105080_705_c33980b0-5d07-4027-84a1-813f90a7c8d6\"  width=\"480\"\/><\/a><\/li>\n<\/ul>\n<p> Oppdatert tirsdag 25. november kl. 16:28    <\/p>\n<ul class=\"_list_o9xde_3 _list_64s2r_85 _unordered_o9xde_106 text-sans-m\">\n<li class=\"_item_o9xde_30\">Victoria Carl har testet positivt for doping og er midlertidig suspendert.<\/li>\n<li class=\"_item_o9xde_30\">Det tyske skiforbundet utelukker hennes deltakelse i kommende sesong og vinter-OL 2026.<\/li>\n<li class=\"_item_o9xde_30\">Carl oppgir at hun fikk stoffet clenbuterol gjennom et foreskrevet legemiddel og hevder sin uskyld.<\/li>\n<\/ul>\n<p>Vis mer <\/p>\n<p class=\"_paragraph_o9xde_4 _paragraph_xtcu6_10 layout-component text-serif-m layout-normal text-serif-m layout-padded\">\u00abI henhold til den n\u00e5v\u00e6rende statusen i saken er deltagelse i den kommende konkurransesesongen samt vinter-<a href=\"https:\/\/www.vg.no\/tag\/ol-2026?utm_source=vg-article&amp;utm_medium=auto-tagger&amp;utm_campaign=RjblPd\" class=\"_link_o9xde_39\" rel=\"nofollow noopener\" target=\"_blank\">OL 2026<\/a> i Milano-Cortina utelukket\u00bb, skriver det <a href=\"https:\/\/www.deutscherskiverband.de\/w\/stand-des-sportrechtlichen-verfahrens-kein-olympiastart-f%C3%BCr-victoria-carl?redirect=%2Fskilanglauf\" class=\"_link_o9xde_39\" rel=\"nofollow noopener\" target=\"_blank\">tyske skiforbundet<\/a>.<\/p>\n<p class=\"_paragraph_o9xde_4 _paragraph_xtcu6_10 layout-component text-serif-m layout-normal text-serif-m layout-padded\">I slutten av juni ble det kjent at Carl testet positivt p\u00e5 stoffet clenbuterol under en samling med det tyske milit\u00e6rlandslaget. Det ble forklart at hun hadde f\u00e5tt det i seg gjennom et legemiddel.<\/p>\n<p class=\"_paragraph_o9xde_4 _paragraph_xtcu6_10 layout-component text-serif-m layout-normal text-serif-m layout-padded\">Carl hevdet sin uskyld, og hun fikk st\u00f8tte fra det medisinske teamet. Skylden ble lagt p\u00e5 legen som forskrev medikamentet mot hosteanfall.<\/p>\n<p class=\"_paragraph_o9xde_4 _paragraph_xtcu6_10 layout-component text-serif-m layout-normal text-serif-m layout-padded\"><strong class=\"_strong_o9xde_25\">\u2013 Jeg finner det vanskelig \u00e5 akseptere at uforsiktig og feil medisinsk behandling har \u00f8delagt OL-dr\u00f8mmen min, sier Carl i en uttalelse.<\/strong><\/p>\n<p class=\"_paragraph_o9xde_4 _paragraph_xtcu6_10 layout-component text-serif-m layout-normal text-serif-m layout-padded\">Siden har 30-\u00e5ringen v\u00e6rt midlertidig suspendert i p\u00e5vente av en avgj\u00f8relse fra Tysklands antidopingbyr\u00e5, som har bedt om at Carl utestenges i to \u00e5r. <\/p>\n<p class=\"_paragraph_o9xde_4 _paragraph_xtcu6_10 layout-component text-serif-m layout-normal text-serif-m layout-padded\">I oppkj\u00f8ringen til ny sesong har hun m\u00e5ttet trene alene. N\u00e5 g\u00e5r hun langt i \u00e5 skrinlegge OL-deltagelsen.<\/p>\n<p class=\"_paragraph_o9xde_4 _paragraph_xtcu6_10 layout-component text-serif-m layout-normal text-serif-m layout-padded\">\u2013 Jeg har alltid hatt h\u00e5p om at alt skulle bli bra til slutt, sier Carl tirsdag.<\/p>\n","protected":false},"excerpt":{"rendered":"Victoria Carl (30) har enn\u00e5 ikke f\u00e5tt dommen etter at hun tidligere i \u00e5r avga positiv dopingtest. Den&hellip;\n","protected":false},"author":2,"featured_media":96668,"comment_status":"","ping_status":"","sticky":false,"template":"","format":"standard","meta":{"footnotes":""},"categories":[59],"tags":[398,30,28,29,10469,83,82,3428],"class_list":{"0":"post-96667","1":"post","2":"type-post","3":"status-publish","4":"format-standard","5":"has-post-thumbnail","7":"category-sport","8":"tag-langrenn","9":"tag-no","10":"tag-norge","11":"tag-norway","12":"tag-ol-2026","13":"tag-sport","14":"tag-sports","15":"tag-vinter-ol"},"share_on_mastodon":{"url":"https:\/\/pubeurope.com\/@no\/115612397781099840","error":""},"_links":{"self":[{"href":"https:\/\/www.europesays.com\/no\/wp-json\/wp\/v2\/posts\/96667","targetHints":{"allow":["GET"]}}],"collection":[{"href":"https:\/\/www.europesays.com\/no\/wp-json\/wp\/v2\/posts"}],"about":[{"href":"https:\/\/www.europesays.com\/no\/wp-json\/wp\/v2\/types\/post"}],"author":[{"embeddable":true,"href":"https:\/\/www.europesays.com\/no\/wp-json\/wp\/v2\/users\/2"}],"replies":[{"embeddable":true,"href":"https:\/\/www.europesays.com\/no\/wp-json\/wp\/v2\/comments?post=96667"}],"version-history":[{"count":0,"href":"https:\/\/www.europesays.com\/no\/wp-json\/wp\/v2\/posts\/96667\/revisions"}],"wp:featuredmedia":[{"embeddable":true,"href":"https:\/\/www.europesays.com\/no\/wp-json\/wp\/v2\/media\/96668"}],"wp:attachment":[{"href":"https:\/\/www.europesays.com\/no\/wp-json\/wp\/v2\/media?parent=96667"}],"wp:term":[{"taxonomy":"category","embeddable":true,"href":"https:\/\/www.europesays.com\/no\/wp-json\/wp\/v2\/categories?post=96667"},{"taxonomy":"post_tag","embeddable":true,"href":"https:\/\/www.europesays.com\/no\/wp-json\/wp\/v2\/tags?post=96667"}],"curies":[{"name":"wp","href":"https:\/\/api.w.org\/{rel}","templated":true}]}}