{"id":96676,"date":"2025-11-25T21:22:14","date_gmt":"2025-11-25T21:22:14","guid":{"rendered":"https:\/\/www.europesays.com\/no\/96676\/"},"modified":"2025-11-25T21:22:14","modified_gmt":"2025-11-25T21:22:14","slug":"italia-har-gjort-det-lovpalagt-a-bruke-skihjelm","status":"publish","type":"post","link":"https:\/\/www.europesays.com\/no\/96676\/","title":{"rendered":"Italia har gjort det lovp\u00e5lagt \u00e5 bruke skihjelm"},"content":{"rendered":"\n<p class=\"_lead_o9xde_2 _lead_xtcu6_50 layout-component text-serif-m layout-normal text-serif-l layout-component layout-wide layout-padded _wide_17hqh_1 layout-padded\">Som f\u00f8rste land i Europa har Italia gjort det lovp\u00e5lagt \u00e5 bruke skihjelm n\u00e5r man kj\u00f8rer ski i alpinbakker. <\/p>\n<p><img alt=\"Folk med hjelm st\u00e5r p\u00e5 ski i Bormio i Italia i januar.  Foto: Luca Bruno \/ AP \/ NTB\" class=\"_image_qp4xg_65 layout-component layout-wide\" data-fullscreen- data-track-element-type=\"Article image fullscreen\" data-track-name=\"ImageFullscreen\" fetchpriority=\"high\" decoding=\"sync\" loading=\"eager\" height=\"4781\" itemprop=\"image\"  src=\"https:\/\/www.europesays.com\/no\/wp-content\/uploads\/2025\/11\/c351c2b7-013e-4278-a4a0-54e2e739aff6\"  style=\"object-position:0% 0%\" width=\"7172\"\/>Folk med hjelm st\u00e5r p\u00e5 ski i Bormio i Italia i januar.  Foto: Luca Bruno \/ AP \/ NTB<\/p>\n<ul aria-hidden=\"true\" class=\"_images_18f0k_111\">\n<li><a class=\"_link_18f0k_116\" href=\"https:\/\/www.vg.no\/forfatter\/ntb\" style=\"z-index:1\" title=\"NTB\" rel=\"nofollow noopener\" target=\"_blank\"><img alt=\"Bilde av NTB\" class=\"_image_18f0k_93\" fetchpriority=\"low\" loading=\"lazy\" decoding=\"async\" itemprop=\"image\"  src=\"https:\/\/www.europesays.com\/no\/wp-content\/uploads\/2025\/11\/1764105734_756_c33980b0-5d07-4027-84a1-813f90a7c8d6\"  width=\"480\"\/><\/a><\/li>\n<\/ul>\n<p> Oppdatert tirsdag 25. november kl. 17:44     <\/p>\n<p class=\"_paragraph_o9xde_4 _paragraph_xtcu6_10 layout-component text-serif-m layout-normal text-serif-m layout-padded\"> Lovkravet gjelder fra og med 2025\/2026-vintersesongen. Dersom man dropper hjelmen, kan man f\u00e5 en bot p\u00e5 150 euro. Det skriver det italienske mediet <a href=\"https:\/\/www.rainews.it\/articoli\/2025\/11\/parte-la-stagione-sciistica-obbligo-del-casco-per-tutti-cosa-rischia-chi-non-lo-indossa-a48f48ef-e191-4a2d-9fca-9b23b89c887d.html\" class=\"_link_o9xde_39\" rel=\"nofollow noopener\" target=\"_blank\">Rai News<\/a>. <\/p>\n<p class=\"_paragraph_o9xde_4 _paragraph_xtcu6_10 layout-component text-serif-m layout-normal text-serif-m layout-padded\">Til n\u00e5 har det bare v\u00e6rt lovp\u00e5lagt for mindre\u00e5rige \u00e5 bruke hjelm. <\/p>\n<p class=\"_paragraph_o9xde_4 _paragraph_xtcu6_10 layout-component text-serif-m layout-normal text-serif-m layout-padded\">De fleste alpinanlegg i landet har riktignok hatt hjelmp\u00e5legg i flere \u00e5r, if\u00f8lge Rai, og nesten ingen st\u00e5r p\u00e5 ski uten. <\/p>\n<p class=\"_paragraph_o9xde_4 _paragraph_xtcu6_10 layout-component text-serif-m layout-normal text-serif-m layout-padded\">I tillegg til boten, kan de som dropper hjelmen, bli fratatt heiskortet sitt, skriver Rai. <\/p>\n<p class=\"_paragraph_o9xde_4 _paragraph_xtcu6_10 layout-component text-serif-m layout-normal text-serif-m layout-padded\">Det er ikke p\u00e5budt med hjelm i alpinbakkene i Norge. <\/p>\n","protected":false},"excerpt":{"rendered":"Som f\u00f8rste land i Europa har Italia gjort det lovp\u00e5lagt \u00e5 bruke skihjelm n\u00e5r man kj\u00f8rer ski i&hellip;\n","protected":false},"author":2,"featured_media":96677,"comment_status":"","ping_status":"","sticky":false,"template":"","format":"standard","meta":{"footnotes":""},"categories":[12],"tags":[20,21,24,25,15,1242,22,23,13,30,28,29,14,16,3650,26,27,42,43,44,45],"class_list":{"0":"post-96676","1":"post","2":"type-post","3":"status-publish","4":"format-standard","5":"has-post-thumbnail","7":"category-verden","8":"tag-breaking-news","9":"tag-breakingnews","10":"tag-featured-news","11":"tag-featurednews","12":"tag-headlines","13":"tag-italia","14":"tag-latest-news","15":"tag-latestnews","16":"tag-news","17":"tag-no","18":"tag-norge","19":"tag-norway","20":"tag-nyheter","21":"tag-overskrifter","22":"tag-ski","23":"tag-top-stories","24":"tag-topstories","25":"tag-verden","26":"tag-world","27":"tag-world-news","28":"tag-worldnews"},"share_on_mastodon":{"url":"https:\/\/pubeurope.com\/@no\/115612440771825371","error":""},"_links":{"self":[{"href":"https:\/\/www.europesays.com\/no\/wp-json\/wp\/v2\/posts\/96676","targetHints":{"allow":["GET"]}}],"collection":[{"href":"https:\/\/www.europesays.com\/no\/wp-json\/wp\/v2\/posts"}],"about":[{"href":"https:\/\/www.europesays.com\/no\/wp-json\/wp\/v2\/types\/post"}],"author":[{"embeddable":true,"href":"https:\/\/www.europesays.com\/no\/wp-json\/wp\/v2\/users\/2"}],"replies":[{"embeddable":true,"href":"https:\/\/www.europesays.com\/no\/wp-json\/wp\/v2\/comments?post=96676"}],"version-history":[{"count":0,"href":"https:\/\/www.europesays.com\/no\/wp-json\/wp\/v2\/posts\/96676\/revisions"}],"wp:featuredmedia":[{"embeddable":true,"href":"https:\/\/www.europesays.com\/no\/wp-json\/wp\/v2\/media\/96677"}],"wp:attachment":[{"href":"https:\/\/www.europesays.com\/no\/wp-json\/wp\/v2\/media?parent=96676"}],"wp:term":[{"taxonomy":"category","embeddable":true,"href":"https:\/\/www.europesays.com\/no\/wp-json\/wp\/v2\/categories?post=96676"},{"taxonomy":"post_tag","embeddable":true,"href":"https:\/\/www.europesays.com\/no\/wp-json\/wp\/v2\/tags?post=96676"}],"curies":[{"name":"wp","href":"https:\/\/api.w.org\/{rel}","templated":true}]}}