{"id":96680,"date":"2025-11-25T21:25:28","date_gmt":"2025-11-25T21:25:28","guid":{"rendered":"https:\/\/www.europesays.com\/no\/96680\/"},"modified":"2025-11-25T21:25:28","modified_gmt":"2025-11-25T21:25:28","slug":"taper-markedsandeler-tesla-salget-stuper-finansavisen","status":"publish","type":"post","link":"https:\/\/www.europesays.com\/no\/96680\/","title":{"rendered":"Taper markedsandeler: Tesla-salget stuper | Finansavisen"},"content":{"rendered":"<p>Til tross for den positive utviklingen i det europeiske bilsalget, er de totale volumene fortsatt langt under niv\u00e5ene f\u00f8r pandemien, skriver bransjeorganet Acea tirsdag.\u00a0<\/p>\n<p>Markedsandelen for elektriske biler n\u00e5dde 16,4 prosent i oktober, men det er fortsatt under tempoet som trengs p\u00e5 dette stadiet av overgangen. Hybridbiler var 34,6 prosent av markedet, mens den samlede markedsandelen for bensin- og dieselbiler falt til 36,6 prosent, ned fra 46,3 prosent i samme periode i 2024.<\/p>\n<p class=\"subhead\" data-element-type=\"subhead\" data-element-label=\"Mellomtittel\">Tesla-salget stuper<\/p>\n<p>Mens Tesla ser ut til \u00e5 sl\u00e5 en gammel rekord i Norge for flest solgte biler p\u00e5 ett \u00e5r, er salget i EU langt svakere.<\/p>\n<p><b>I oktober solgte Tesla kun 5.647 biler i EU, sammenlignet med 10.867 biler i oktober i fjor. Det tilsvarer et fall p\u00e5 48 prosent.\u00a0<\/b><\/p>\n<p>Hittil i \u00e5r har Tesla solgt 117.000 biler i EU, ned 39,2 prosent p\u00e5 \u00e5rsbasis.\u00a0<\/p>\n<p>Samtidig stiger salget til kinesiske BYD voldsomt. I oktober solgte selskapet 13.350 biler, opp 195 prosent p\u00e5 \u00e5rsbasis. Hittil i \u00e5r er det solgt 94.216 biler, opp 240 prosent p\u00e5 \u00e5rsbasis.<\/p>\n<p><b>Tesla har en markedsandel i EU p\u00e5 0,6 prosent, ned fra 1,3 prosent, mens BYD har en markedsandel p\u00e5 1,5 prosent, opp fra 0,5 prosent.<\/b><\/p>\n<p>Volvo solgte 21.471 biler i oktober, og har en markedsandel p\u00e5 2,3 prosent, mens\u00a0Volkswagen solgte 264.069 biler, og har en markedsandel p\u00e5 28,8 prosent.\u00a0<\/p>\n","protected":false},"excerpt":{"rendered":"Til tross for den positive utviklingen i det europeiske bilsalget, er de totale volumene fortsatt langt under niv\u00e5ene&hellip;\n","protected":false},"author":2,"featured_media":96681,"comment_status":"","ping_status":"","sticky":false,"template":"","format":"standard","meta":{"footnotes":""},"categories":[5],"tags":[20,21,24,25,15,19,22,23,17,18,13,30,28,29,14,16,26,27],"class_list":{"0":"post-96680","1":"post","2":"type-post","3":"status-publish","4":"format-standard","5":"has-post-thumbnail","7":"category-overskrifter","8":"tag-breaking-news","9":"tag-breakingnews","10":"tag-featured-news","11":"tag-featurednews","12":"tag-headlines","13":"tag-hovedoppslag","14":"tag-latest-news","15":"tag-latestnews","16":"tag-main-news","17":"tag-mainnews","18":"tag-news","19":"tag-no","20":"tag-norge","21":"tag-norway","22":"tag-nyheter","23":"tag-overskrifter","24":"tag-top-stories","25":"tag-topstories"},"share_on_mastodon":{"url":"https:\/\/pubeurope.com\/@no\/115612452454272366","error":""},"_links":{"self":[{"href":"https:\/\/www.europesays.com\/no\/wp-json\/wp\/v2\/posts\/96680","targetHints":{"allow":["GET"]}}],"collection":[{"href":"https:\/\/www.europesays.com\/no\/wp-json\/wp\/v2\/posts"}],"about":[{"href":"https:\/\/www.europesays.com\/no\/wp-json\/wp\/v2\/types\/post"}],"author":[{"embeddable":true,"href":"https:\/\/www.europesays.com\/no\/wp-json\/wp\/v2\/users\/2"}],"replies":[{"embeddable":true,"href":"https:\/\/www.europesays.com\/no\/wp-json\/wp\/v2\/comments?post=96680"}],"version-history":[{"count":0,"href":"https:\/\/www.europesays.com\/no\/wp-json\/wp\/v2\/posts\/96680\/revisions"}],"wp:featuredmedia":[{"embeddable":true,"href":"https:\/\/www.europesays.com\/no\/wp-json\/wp\/v2\/media\/96681"}],"wp:attachment":[{"href":"https:\/\/www.europesays.com\/no\/wp-json\/wp\/v2\/media?parent=96680"}],"wp:term":[{"taxonomy":"category","embeddable":true,"href":"https:\/\/www.europesays.com\/no\/wp-json\/wp\/v2\/categories?post=96680"},{"taxonomy":"post_tag","embeddable":true,"href":"https:\/\/www.europesays.com\/no\/wp-json\/wp\/v2\/tags?post=96680"}],"curies":[{"name":"wp","href":"https:\/\/api.w.org\/{rel}","templated":true}]}}