{"id":96684,"date":"2025-11-25T21:30:49","date_gmt":"2025-11-25T21:30:49","guid":{"rendered":"https:\/\/www.europesays.com\/no\/96684\/"},"modified":"2025-11-25T21:30:49","modified_gmt":"2025-11-25T21:30:49","slug":"nesten-alle-tyske-byer-er-na-pa-randen-av-konkurs","status":"publish","type":"post","link":"https:\/\/www.europesays.com\/no\/96684\/","title":{"rendered":"\u00abNesten alle tyske byer er n\u00e5 p\u00e5 randen av konkurs\u00bb"},"content":{"rendered":"<p>            <img loading=\"lazy\" decoding=\"async\" width=\"696\" height=\"413\" class=\"entry-thumb\" src=\"https:\/\/www.europesays.com\/no\/wp-content\/uploads\/2025\/11\/uteligger-tyskland.jpg\"   alt=\"\" title=\"uteligger tyskland\"\/>Tyskland er bankerott. \u00d8konomiunderet finnes ikke lenger.<\/p>\n<p>Tysklands byer st\u00e5r p\u00e5 randen av ei massiv finanskrise, og ordf\u00f8reren i Essen advarer om at dataene viser at nesten hver eneste by i delstaten er p\u00e5 det n\u00e6rmeste konkurs. I Nordrhein-Westfalen kan bare 10 av 396 byer og kommuner presentere et balansert budsjett.<\/p>\n<p>Dette skriver <a href=\"https:\/\/rmx.news\/article\/almost-every-german-city-is-now-on-the-verge-of-bankruptcy\/\" rel=\"nofollow noopener\" target=\"_blank\">Remix News<\/a>.<\/p>\n<p>For \u00f8yeblikket er det totale underskuddet for alle tyske byer i 2025 30 milliarder euro, en \u00f8kning fra fjor\u00e5rets underskudd p\u00e5 24 milliarder euro.<\/p>\n<p>Essens ordf\u00f8rer Thomas Kufen (CDU), som ogs\u00e5 er medlem av CDUs f\u00f8derale styre, sl\u00e5r alarm: \u00abNesten alle tyske byer er n\u00e5 p\u00e5 randen av konkurs\u00bb.<\/p>\n<p>Bare i Nordrhein-Westfalen <strong>kan bare 10 av 396 byer og kommuner legge frem et balansert budsjett<\/strong>, og disse alarmerende tallene fra Tysklands st\u00f8rste delstat kan anvendes p\u00e5 \u00abhele landet\u00bb, sa han.<\/p>\n<p>Ordf\u00f8rer Kufen understreket at krisen er universell og p\u00e5virker kommuner uavhengig av hvor de befinner seg: \u00abDet nye er at alle byer har ryggen mot veggen\u00bb, sa han til\u00a0<a href=\"https:\/\/www.bild.de\/politik\/inland\/essen-ob-schlaegt-alarm-fast-jede-deutsche-stadt-vor-der-pleite-691c89a6073d0eb6833e4134\" rel=\"nofollow noopener\" target=\"_blank\">avisa Bild.<\/a><\/p>\n<p><strong>Han advarte om at \u00abbudsjettfrys n\u00e5 m\u00e5 innf\u00f8res overalt\u00bb, inkludert i mange byer som tidligere ble ansett som velst\u00e5ende.<\/strong><\/p>\n<p>Kufen understreket behovet for en nasjonal diskusjon om overkommelighet: \u00abVi m\u00e5 snakke om hva vi kan gj\u00f8re slik at velferdsstaten v\u00e5r ikke i seg selv blir et sosialt tilfelle. Det betyr: Hva har vi r\u00e5d til, og hva annet har vi r\u00e5d til?\u00bb\u00a0<\/p>\n<p>Kufen illustrerte krisa med tall fra sin egen by, Essen, som har en befolkning p\u00e5 nesten 600 000. Byen hadde planlagt et balansert budsjett for 2025. \u00abMen i stedet for en liten \u00f8kning p\u00e5 1,7 millioner euro, har vi for tiden et underskudd p\u00e5 123 millioner euro\u00bb, beregnet han.<\/p>\n<p>Nok en gang er flyktninginnkvartering og integrering n\u00e6r toppen av lista av grunner til at byen opplever et budsjettunderskudd. Langt fra \u00e5 v\u00e6re en l\u00f8sning p\u00e5 Tysklands budsjett- og pensjonskrise, har de blitt en massiv \u00f8konomisk byrde for landet, og koster minst\u00a0<a href=\"https:\/\/www.welt.de\/wirtschaft\/article248386590\/Flucht-und-Migration-kosten-dieses-Jahr-fast-50-Milliarden-Euro.html\" rel=\"nofollow noopener\" target=\"_blank\">50 milliarder euro i \u00e5ret i sosial integrering, bolig og trygd<\/a>.<\/p>\n<p><a href=\"https:\/\/rmx.news\/article\/germany-berlin-needs-emergency-loans-after-migrants-blow-e500-million-hole-in-citys-budget\/\" rel=\"nofollow noopener\" target=\"_blank\">Germany: Berlin needs emergency loans after migrants blow \u20ac500 million hole in city\u2019s budget<\/a>.<\/p>\n<p>Det er imidlertid ogs\u00e5 mange flere skjulte kostnader forbundet med masseinnvandring, inkludert stigende boligpriser,\u00a0<a href=\"https:\/\/rmx.news\/article\/germanys-migrant-population-places-major-burden-on-healthcare-system-and-state-budgets\/\" rel=\"nofollow noopener\" target=\"_blank\">helsekostnader<\/a>,\u00a0<a href=\"https:\/\/rmx.news\/article\/berlin-is-everywhere-multiculturalism-is-burning-down-the-german-school-system\/\" rel=\"nofollow noopener\" target=\"_blank\">utdanningskostnader for en stadig mer utenlandsk studentbefolkning<\/a> og det \u00e5 huse et stort antall utlendinger i tyske fengsler og psykiatriske institusjoner. Akkurat som Essen opplever selv st\u00f8rre byer som Berlin \u00abspiralformede kostnader\u00bb p\u00e5 grunn av masseinnvandring, noe som f\u00f8rer til\u00a0<a href=\"https:\/\/rmx.news\/germany\/germany-berlin-takes-out-emergency-loan-for-migrants-as-costs-spiral\/\" rel=\"nofollow noopener\" target=\"_blank\">stor gjeld som kreves for \u00e5 holde byene i gang<\/a>.<\/p>\n<p>Enkelte forskningsstudier har indikert at de totale kostnadene for innvandring allerede har kostet Tyskland billioner og kan n\u00e5\u00a0<a href=\"https:\/\/rmx.news\/article\/mass-immigration-to-germany-will-cost-taxpayers-up-to-e19-2-trillion-warns-top-academic-expert\/\" rel=\"nofollow noopener\" target=\"_blank\">20 billioner euro hvis migrasjonstallene ikke faller<\/a>.<\/p>\n<p><strong>Kufen peker ogs\u00e5 p\u00e5 utdanning og sosiale utgifter som byrder for byen sin, og p\u00e5 mange m\u00e5ter st\u00e5r utlendinger her ogs\u00e5 for store kostnader.<\/strong><\/p>\n<p><strong>N\u00e5r det gjelder sosiale utgifter,\u00a0<a href=\"https:\/\/rmx.news\/article\/63-of-all-welfare-recipients-in-germany-have-a-migration-background\/\" rel=\"nofollow noopener\" target=\"_blank\">er omtrent 63 prosent av alle velferdsmottakere i Tyskland utlendinger eller har utenlandsk bakgrunn<\/a>, til tross for at de utgj\u00f8r en mye mindre andel av befolkningen.<\/strong><\/p>\n<p><strong>Det er ikke bare myndighetene, med data som viser at innbyggere i\u00a0 <a href=\"https:\/\/www.radioessen.de\/artikel\/in-essen-muessen-wieder-mehr-menschen-schulden-machen-2495402.html\" rel=\"nofollow noopener\" target=\"_blank\">Essen tar p\u00e5 seg mer og mer personlig gjeld<\/a> \u00a0p\u00e5 grunn av stigende husleie, str\u00f8m og til og med matpriser, som har steget ytterligere de siste m\u00e5nedene.<\/strong><\/p>\n<p>Antallet personer som har tatt p\u00e5 seg s\u00e5 mye gjeld at de ikke kan betale den tilbake, har ogs\u00e5 \u00f8kt for f\u00f8rste gang p\u00e5 seks \u00e5r, og\u00a0<a href=\"https:\/\/www.mdr.de\/nachrichten\/deutschland\/wirtschaft\/mehr-schulden-online-kredite-keine-ruecklagen-100.html\" rel=\"nofollow noopener\" target=\"_blank\">n\u00e5r 5,7 millioner mennesker som er definert som \u00abovergjeldede\u00bb.<\/a> Rapporten advarer ogs\u00e5 om at denne trenden forventes \u00e5 forverres p\u00e5 grunn av \u00f8kende arbeidsledighet.<\/p>\n<p>Kommentar: Tyskland klarte det ikke<\/p>\n<p>P\u00e5 en pressekonferanse 31. august 2015, p\u00e5 toppen av flyktningekrisa, sa dav\u00e6rende forbundskansler Angela Merkel:<\/p>\n<blockquote class=\"wp-block-quote is-layout-flow wp-block-quote-is-layout-flow\">\n<p>\u00abDeutschland ist ein starkes Land. [\u2026] Ich sage ganz einfach: Wir schaffen das\u00bb.<br \/>(\u00abTyskland er et sterkt land. [\u2026] Jeg sier ganske enkelt: Vi klarer dette\u00bb.)<\/p>\n<\/blockquote>\n<p>I dag er ikke Tyskland noe sterkt land. Store deler av landet ligger med brukket rygg. Etter ti \u00e5r kan vi fastsl\u00e5 det som alle fakta sier: Merkel tok feil. Tyskland klarte det ikke.<\/p>\n<p>Og hvorfor kom denne flyktningekrisa? <\/p>\n<p>Jo, den var produkt av Vestens kriger mot Irak, Libya og Syria. Gjennom \u00e5 \u00f8delegge disse landene gjorde Vesten med USA i spissen livet s\u00e5 uutholdelig for folk at de la ut p\u00e5 den risikable flukten til Europa. Mediene vrengte denne historien og fikk den til \u00e5 handle om at dersom du var imot masseinnvandring, var du rasist. Fokuset ble flyttet vekk fra Vestens forbrytelser og over til den enkeltes holdninger.<\/p>\n<p>Dette var en villet politikk. Globalistene slo to fluer i en smekk: De \u00f8dela Midt\u00f8sten og Nord-Afrika og i samme slag slo de beina under Europas \u00f8konomi og samfunnsliv.<\/p>\n<p>Tyskland ble en gang kalt Wirtschaftswunder \u2013 et \u00f8konomisk mirakel.<\/p>\n<p>Den tida er definitivt forbi. P\u00e5 ti \u00e5r klarte USA \u00e5 knekke sine viktigste \u00f8konomiske konkurrent i Europa. Den eneste vekstsektoren i Tyskland n\u00e5 er v\u00e5penindustrien.<\/p>\n<p>Og dette Tyskland er det som truer med en l\u00e5nefinansiert krig mot Russland.<\/p>\n","protected":false},"excerpt":{"rendered":"Tyskland er bankerott. \u00d8konomiunderet finnes ikke lenger. Tysklands byer st\u00e5r p\u00e5 randen av ei massiv finanskrise, og ordf\u00f8reren&hellip;\n","protected":false},"author":2,"featured_media":96685,"comment_status":"","ping_status":"","sticky":false,"template":"","format":"standard","meta":{"footnotes":""},"categories":[12],"tags":[20,21,24,25,15,22,23,13,30,28,29,14,16,26,27,42,43,44,45],"class_list":{"0":"post-96684","1":"post","2":"type-post","3":"status-publish","4":"format-standard","5":"has-post-thumbnail","7":"category-verden","8":"tag-breaking-news","9":"tag-breakingnews","10":"tag-featured-news","11":"tag-featurednews","12":"tag-headlines","13":"tag-latest-news","14":"tag-latestnews","15":"tag-news","16":"tag-no","17":"tag-norge","18":"tag-norway","19":"tag-nyheter","20":"tag-overskrifter","21":"tag-top-stories","22":"tag-topstories","23":"tag-verden","24":"tag-world","25":"tag-world-news","26":"tag-worldnews"},"share_on_mastodon":{"url":"https:\/\/pubeurope.com\/@no\/115612476079301466","error":""},"_links":{"self":[{"href":"https:\/\/www.europesays.com\/no\/wp-json\/wp\/v2\/posts\/96684","targetHints":{"allow":["GET"]}}],"collection":[{"href":"https:\/\/www.europesays.com\/no\/wp-json\/wp\/v2\/posts"}],"about":[{"href":"https:\/\/www.europesays.com\/no\/wp-json\/wp\/v2\/types\/post"}],"author":[{"embeddable":true,"href":"https:\/\/www.europesays.com\/no\/wp-json\/wp\/v2\/users\/2"}],"replies":[{"embeddable":true,"href":"https:\/\/www.europesays.com\/no\/wp-json\/wp\/v2\/comments?post=96684"}],"version-history":[{"count":0,"href":"https:\/\/www.europesays.com\/no\/wp-json\/wp\/v2\/posts\/96684\/revisions"}],"wp:featuredmedia":[{"embeddable":true,"href":"https:\/\/www.europesays.com\/no\/wp-json\/wp\/v2\/media\/96685"}],"wp:attachment":[{"href":"https:\/\/www.europesays.com\/no\/wp-json\/wp\/v2\/media?parent=96684"}],"wp:term":[{"taxonomy":"category","embeddable":true,"href":"https:\/\/www.europesays.com\/no\/wp-json\/wp\/v2\/categories?post=96684"},{"taxonomy":"post_tag","embeddable":true,"href":"https:\/\/www.europesays.com\/no\/wp-json\/wp\/v2\/tags?post=96684"}],"curies":[{"name":"wp","href":"https:\/\/api.w.org\/{rel}","templated":true}]}}