{"id":96688,"date":"2025-11-25T21:35:18","date_gmt":"2025-11-25T21:35:18","guid":{"rendered":"https:\/\/www.europesays.com\/no\/96688\/"},"modified":"2025-11-25T21:35:18","modified_gmt":"2025-11-25T21:35:18","slug":"stabaek-fotball-ti-spillere-ma-forlate-stabaek","status":"publish","type":"post","link":"https:\/\/www.europesays.com\/no\/96688\/","title":{"rendered":"Stab\u00e6k, Fotball | Ti spillere m\u00e5 forlate Stab\u00e6k"},"content":{"rendered":"\n<p>Det skriver klubben i en pressemelding.<\/p>\n<p>\u2013 Vi \u00f8nsker \u00e5 rette en takk til flere spillere som er p\u00e5 utg\u00e5ende kontrakt, og som n\u00e5 fortsetter karrieren andre steder, opplyser mediesjef i klubben, Joakim Mi\u00f8en i meldingen.<\/p>\n<p>            Disse forlater Stab\u00e6k:<\/p>\n<ul>\n<li>Herman Geelmuyden<\/li>\n<li>Kasper Pedersen<\/li>\n<li>Aleksander Andresen<\/li>\n<li>Kristian Fardal Opseth<\/li>\n<li>Joachim Nysveen<\/li>\n<li>Mads Nielsen<\/li>\n<li>Sondre Rossbach<\/li>\n<li>Abu Bawa<\/li>\n<li>Martin Hellan<\/li>\n<li>Magnus Sj\u00f8eng<\/li>\n<\/ul>\n<p>Blant de som n\u00e5 forlater Stab\u00e6k, er Herman Geelmuyden, Kasper Pedersen og Aleksander Andresen.<\/p>\n<p>Geelmuyden har g\u00e5tt gradene i klubbens akademi, og har f\u00e5tt med seg 116 kamper og 17 m\u00e5l for A-laget. Han var sentral i laget da de rykket opp i 2022.<\/p>\n<p>\u2013 Hammy er en ekte Stab\u00e6k-gutt og blaa tvers gjennom. Vi \u00f8nsker ham alt det beste fremover, og unner ham alt godt, sier sportssjef Thomas Finstad.<\/p>\n<p>  <a href=\"https:\/\/www.budstikka.no\/5-55-2147133\" class=\"related-teaser has-image default-story-teaser article--c-eRUmMG article--c-eRUmMG-jKCPdD-design-default\" rel=\"nofollow noopener\" target=\"_blank\"><\/p>\n<p>    <img decoding=\"async\" loading=\"lazy\"  src=\"https:\/\/www.europesays.com\/no\/wp-content\/uploads\/2025\/11\/lsk+2.jpg\" alt=\"\" class=\"brick-c-cFOWSL\" style=\"\"\/><\/p>\n<p>\n            Les ogs\u00e5<\/p>\n<p>              Svensk avis: \u2013 Ferdig i Stab\u00e6k\n        <\/p>\n<p>  <\/a><br \/>\n  \u2013 Trist<\/p>\n<p>Kasper Pedersen passerte 100 kamper i Stab\u00e6k-drakt i sommer, og kom til klubben i 2021.<\/p>\n<p>\u2013 Kasper Pedersen er det man kaller hel ved. Han er en spiller som alltid setter laget foran seg selv, og er proff i alt han driver med. Det blir trist \u00e5 ta farvel med \u00abKP\u00bb, og han er en som vil bli savnet i gruppa, sier Finstad.<\/p>\n<p>   <img decoding=\"async\" width=\"3702\" height=\"2468\" fetchpriority=\"low\"  loading=\"lazy\"  src=\"https:\/\/www.europesays.com\/no\/wp-content\/uploads\/2025\/11\/kasper-p.jpg\" alt=\"\" class=\"brick-c-cFOWSL\" style=\"--brick-image-ratio: 3702 \/ 2468;\"\/><\/p>\n<p>      Danske Kasper Pedersen kom gratis til Stab\u00e6k fra Esbjerg.<br \/>\n      Foto: Mathias Bohlin Falch\n    <\/p>\n<p>Aleksander Andresen har f\u00e5tt 93 kamper og fem m\u00e5l fordelt p\u00e5 fire og en halv sesong p\u00e5 A-laget, etter overgangen fra Moss.<\/p>\n<p>\u2013 Aleks er en lovende spiller som vi har f\u00e5tt gleden av \u00e5 f\u00f8lge utviklingen til de siste sesongene. Det skulle vi gjerne gjort videre ogs\u00e5, men n\u00e5r han n\u00e5 ser etter nye utfordringer s\u00e5 m\u00e5 vi bare \u00f8nske ham lykke til videre, og takke for innsatsen han har lagt ned her, sier Finstad.<\/p>\n<p>Kristian Fardal Opseth kom til Stab\u00e6k foran 2024-sesongen, men fikk en kneskade som dessverre har preget oppholdet p\u00e5 Nadderud. Han er p\u00e5 utg\u00e5ende kontrakt, og \u00f8nskes lykke til videre av klubben.<\/p>\n<p>   <img decoding=\"async\" width=\"6671\" height=\"3754\" fetchpriority=\"low\"  loading=\"lazy\"  src=\"https:\/\/www.europesays.com\/no\/wp-content\/uploads\/2025\/11\/DSC09583.jpg\" alt=\"\" class=\"brick-c-cFOWSL\" style=\"--brick-image-ratio: 6671 \/ 3754;\"\/><\/p>\n<p>      Joachim Nysveen skal videre til Fredrikstad.<br \/>\n      Foto: JOAKIM MI\u00d8EN \/ STAB\u00c6K FOTBALL\n    <\/p>\n<p>Det samme gj\u00f8r Joachim Nysveen som har g\u00e5tt gradene fra klubbens akademi til A-laget. Han signerte med Fredrikstad i sommer, men var klar p\u00e5 at han ville bidra til at klubben beholdt plassen i Obos.<\/p>\n<p>Danske Mads Nielsen kom til Stab\u00e6k fra Fredrikstad f\u00f8r sesongen, med avtale ut \u00e5ret. Han endte med 32 kamper, og \u00f8nskes lykke til p\u00e5 veien videre.<\/p>\n<p>Keeper Sondre Rossback har v\u00e6rt ute siden juni, og spilte sin siste kamp under NM-kvartfinalen mot Kristiansund. Han har 48 kamper for Stab\u00e6k.<\/p>\n<p>  <a href=\"https:\/\/www.budstikka.no\/5-55-2145438\" class=\"related-teaser has-image default-story-teaser article--c-eRUmMG article--c-eRUmMG-jKCPdD-design-default\" rel=\"nofollow noopener\" target=\"_blank\"><\/p>\n<p>    <img decoding=\"async\" loading=\"lazy\"  src=\"https:\/\/www.europesays.com\/no\/wp-content\/uploads\/2025\/11\/Stab%C3%A6k+2+.JPG\" alt=\"\" class=\"brick-c-cFOWSL\" style=\"\"\/><\/p>\n<p>\n            Les ogs\u00e5<\/p>\n<p>              Klubben er i en krise \u2013 slik vil Martin (39) og kompisene redde den\n        <\/p>\n<p>  <\/a><br \/>\n  L\u00e5nespillere drar<\/p>\n<p>Flere spillere er ferdig med sine l\u00e5neopphold og vil returnere til sine respektive klubber. Det gjelder Abu Bawa som reiser tilbake til Ghana, Martin Hellan som returnerer til Brann etter sin tid p\u00e5 Nadderud.<\/p>\n<p>Keeper Magnus Sj\u00f8eng kom inn i h\u00f8st og gjorde seg bemerket.<\/p>\n<p>\u2013 Han hadde viktige involveringer blant annet med strafferedningen i Sogndal og overtidsm\u00e5let i Egersund, sier Finstad.<\/p>\n<p>Sj\u00f8eng returnerer til V\u00e5lerenga.<\/p>\n<p>\u2013 Vi \u00f8nsker samtlige masse lykke til videre med sine karrierer, og takker for innsatsen p\u00e5 Nadderud, sier sportsjef Thomas Finstad.<\/p>\n<p>  <a href=\"https:\/\/www.budstikka.no\/5-55-2139942\" class=\"related-teaser has-image default-story-teaser article--c-eRUmMG article--c-eRUmMG-jKCPdD-design-default\" rel=\"nofollow noopener\" target=\"_blank\"><\/p>\n<p>    <img decoding=\"async\" loading=\"lazy\"  src=\"https:\/\/www.europesays.com\/no\/wp-content\/uploads\/2025\/11\/stab%C3%A6k+-+Raufoss+33.jpg\" alt=\"\" class=\"brick-c-cFOWSL\" style=\"\"\/><\/p>\n<p>\n            Les ogs\u00e5<\/p>\n<p>              Reagerer etter bot p\u00e5 25.000: \u2013 Det var altfor mye\n        <\/p>\n<p>  <\/a><\/p>\n<p>  <a href=\"https:\/\/www.budstikka.no\/5-55-2143741\" class=\"related-teaser has-image default-story-teaser article--c-eRUmMG article--c-eRUmMG-jKCPdD-design-default\" rel=\"nofollow noopener\" target=\"_blank\"><\/p>\n<p>    <img decoding=\"async\" loading=\"lazy\"  src=\"https:\/\/www.europesays.com\/no\/wp-content\/uploads\/2025\/11\/NYE_NADDERUD-555.jpg\" alt=\"\" class=\"brick-c-cFOWSL\" style=\"\"\/><\/p>\n<p>\n            Les ogs\u00e5<\/p>\n<p>              Dette er avtalen mellom Stab\u00e6k og kommunen\n        <\/p>\n<p>  <\/a><\/p>\n","protected":false},"excerpt":{"rendered":"Det skriver klubben i en pressemelding. \u2013 Vi \u00f8nsker \u00e5 rette en takk til flere spillere som er&hellip;\n","protected":false},"author":2,"featured_media":96689,"comment_status":"","ping_status":"","sticky":false,"template":"","format":"standard","meta":{"footnotes":""},"categories":[59],"tags":[36,92,30,28,29,83,82,405,1510],"class_list":{"0":"post-96688","1":"post","2":"type-post","3":"status-publish","4":"format-standard","5":"has-post-thumbnail","7":"category-sport","8":"tag-art","9":"tag-fotball","10":"tag-no","11":"tag-norge","12":"tag-norway","13":"tag-sport","14":"tag-sports","15":"tag-stabaek","16":"tag-story"},"share_on_mastodon":{"url":"https:\/\/pubeurope.com\/@no\/115612491918407846","error":""},"_links":{"self":[{"href":"https:\/\/www.europesays.com\/no\/wp-json\/wp\/v2\/posts\/96688","targetHints":{"allow":["GET"]}}],"collection":[{"href":"https:\/\/www.europesays.com\/no\/wp-json\/wp\/v2\/posts"}],"about":[{"href":"https:\/\/www.europesays.com\/no\/wp-json\/wp\/v2\/types\/post"}],"author":[{"embeddable":true,"href":"https:\/\/www.europesays.com\/no\/wp-json\/wp\/v2\/users\/2"}],"replies":[{"embeddable":true,"href":"https:\/\/www.europesays.com\/no\/wp-json\/wp\/v2\/comments?post=96688"}],"version-history":[{"count":0,"href":"https:\/\/www.europesays.com\/no\/wp-json\/wp\/v2\/posts\/96688\/revisions"}],"wp:featuredmedia":[{"embeddable":true,"href":"https:\/\/www.europesays.com\/no\/wp-json\/wp\/v2\/media\/96689"}],"wp:attachment":[{"href":"https:\/\/www.europesays.com\/no\/wp-json\/wp\/v2\/media?parent=96688"}],"wp:term":[{"taxonomy":"category","embeddable":true,"href":"https:\/\/www.europesays.com\/no\/wp-json\/wp\/v2\/categories?post=96688"},{"taxonomy":"post_tag","embeddable":true,"href":"https:\/\/www.europesays.com\/no\/wp-json\/wp\/v2\/tags?post=96688"}],"curies":[{"name":"wp","href":"https:\/\/api.w.org\/{rel}","templated":true}]}}