{"id":96690,"date":"2025-11-25T21:38:29","date_gmt":"2025-11-25T21:38:29","guid":{"rendered":"https:\/\/www.europesays.com\/no\/96690\/"},"modified":"2025-11-25T21:38:29","modified_gmt":"2025-11-25T21:38:29","slug":"dette-er-en-maktdemonstrasjon-av-en-bil","status":"publish","type":"post","link":"https:\/\/www.europesays.com\/no\/96690\/","title":{"rendered":"Dette er en maktdemonstrasjon av en bil"},"content":{"rendered":"<p>        Saken oppsummert<\/p>\n<ul lang=\"nb-NO\">\n<li>Xpeng X9 er en ny flerbruksbil med imponerende plass og luksus.<\/li>\n<li>Bilen har sju seter, hvor alle er fullverdige for voksne, og tilbyr stor bagasjeplass.<\/li>\n<li>Den er utstyrt med avanserte funksjoner som massasjeseter og en stor TV-skjerm.<\/li>\n<li>Prisene starter p\u00e5 699.900 kroner. Men toppmodellen med 4&#215;4 kan fort koste 850.000 n\u00e5r den kommer til Norge neste v\u00e5r. <\/li>\n<\/ul>\n<p class=\"italic ai-disclaimer\" data-lab-italic=\"italic\">Oppsummeringen er laget med kunstig intelligens (KI) fra OpenAI. Innholdet er kvalitetssikret av TV 2s journalister. <a target=\"_blank\" href=\"https:\/\/hjelp.tv2.no\/info\/artikkel\/slik-jobber-vi-med-ki-i-tv-2\" title=\"Les om hvordan vi jobber med KI\" rel=\"nofollow noopener\">Les om hvordan vi jobber med KI<\/a><\/p>\n<p>I \u00e9n fase av livet er det gjerne \u00e9n ting som avgj\u00f8r det meste n\u00e5r du skal velge bil. For sm\u00e5barnsfamilier er det plass.<\/p>\n<p>Jeg husker det veldig godt selv. Vi fikk to unger med 16 m\u00e5neders mellomrom. Plutselig ble plassbehovet ekstremt. Ja, bare \u00e5 f\u00e5 plass til tvillingvogn, betydde farvel til stasjonsvogn og inn i en verden som i utgangspunktet kanskje ikke er den aller mest fristende: Den av flerbruksbiler.<\/p>\n<p>To stykk Ford S-Max (og noen \u00e5r senere) begynner dette \u00e5 bli et litt fjernt minne. Men n\u00e5r jeg i h\u00f8st m\u00f8ter nykommeren Xpeng X9, kommer det br\u00e5tt tilbake. Bare p\u00e5 en ganske s\u00e5 annerledes m\u00e5te.<\/p>\n<p>For X9 er flerbruksbil anno 2025.\u00a0 Og gjett om det har skjedd ting p\u00e5 dette omr\u00e5det!<\/p>\n<p>        <img class=\"image__img lazyload\" itemprop=\"image\" title=\"Foto: Broom.\" alt=\"DESIGN: Det er ikke like kult utenp\u00e5, som inni. Men s\u00e5 er det heller ikke lett \u00e5 f\u00e5 biler som skal ha mest mulig plass til \u00e5 se veldig spreke og sporty ut. Foto: Broom.\" width=\"978\" height=\"551\" bad-src=\"https:\/\/www.europesays.com\/no\/wp-content\/uploads\/2025\/11\/18280711.webp\" fetchpriority=\"auto\" \/><\/p>\n<p>      DESIGN: Det er ikke like kult utenp\u00e5, som inni. Men s\u00e5 er det heller ikke lett \u00e5 f\u00e5 biler som skal ha mest mulig plass til \u00e5 se veldig spreke og sporty ut.<br \/>\n         Foto: Broom.<\/p>\n<p>Gedigent bagasjerom<\/p>\n<p>Noen kjappe fakta om bilen f\u00f8rst: X9 er en av de st\u00f8rste personbilene du (snart) kan kj\u00f8pe i Norge. Den er 5,3 meter lang og 2 meter bred. Vi snakker alts\u00e5 over 10 kvadratmeter bil. Den kommer ikke i salg i Norge f\u00f8r rundt v\u00e5rparten neste \u00e5r, men import\u00f8ren har allerede hentet hjem et par eksemplarer, rett fra Kina.\u00a0<\/p>\n<p>        <img class=\"image__img lazyload\" itemprop=\"image\" title=\"Foto: Broom.\" alt=\"TRESETER: Tre voksne sitter greit her, men det er helt klart mer stas \u00e5 sitte et hakk lenger fram. Foto: Broom.\" width=\"338\" height=\"190\" bad-src=\"https:\/\/www.europesays.com\/no\/wp-content\/uploads\/2025\/11\/18280699.webp\" fetchpriority=\"auto\" \/><\/p>\n<p>      TRESETER: Tre voksne sitter greit her, men det er helt klart mer stas \u00e5 sitte et hakk lenger fram.<br \/>\n         Foto: Broom.<\/p>\n<p>Sju seter er p\u00e5 plass, i en 2+2+3-konfigurasjon. I motsetning til de fleste andre sjusetere er alle sitteplasser fullverdige for voksne. Med alle seter i bruk er det fortsatt\u00a0 bra bagasjeplass igjen. Og sl\u00e5r du ned de tre bakerste blir det gedigent.\u00a0<\/p>\n<p>Jeg vet ikke om jeg helt stoler p\u00e5 Xpengs m\u00e5lemetoder n\u00e5r de oppgir 750 liter (sjuseter) og 2500 (fireseter), men det er knallgod plass her, Ikke minst ogs\u00e5 fordi bilen er s\u00e5 h\u00f8y og bred. Barnevogner, snowracere eller sykler \u2013 det er bare \u00e5 l\u00f8fte, lempe og rulle inn!<\/p>\n<p><a href=\"https:\/\/www.tv2.no\/broom\/kommer-til-norge-hvis-kundene-vil\/17274382\/\" rel=\"nofollow noopener\" target=\"_blank\">Slik startet det: Kommer til Norge \u2013 hvis kundene vil<\/a> <\/p>\n<p>        <img class=\"image__img lazyload\" itemprop=\"image\" title=\"Foto: Broom.\" alt=\"FLEKSIBELT: N\u00e5r den bakerste treseteren ikke er i bruk, blir det et veldig dypt rom bakerst. Foto: Broom.\" width=\"652\" height=\"367\" bad-src=\"https:\/\/www.europesays.com\/no\/wp-content\/uploads\/2025\/11\/18280700.webp\" fetchpriority=\"auto\" \/><\/p>\n<p>      FLEKSIBELT: N\u00e5r den bakerste treseteren ikke er i bruk, blir det et veldig dypt rom bakerst.<br \/>\n         Foto: Broom.<\/p>\n<p>        <img class=\"image__img lazyload\" itemprop=\"image\" title=\"Foto: Broom.\" alt=\"ROMMELIG: Imponerende god bagasjeplass, ogs\u00e5 med alle sju setene i bruk. Foto: Broom.\" width=\"652\" height=\"367\" bad-src=\"https:\/\/www.europesays.com\/no\/wp-content\/uploads\/2025\/11\/18280701.webp\" fetchpriority=\"auto\" \/><\/p>\n<p>      ROMMELIG: Imponerende god bagasjeplass, ogs\u00e5 med alle sju setene i bruk.<br \/>\n         Foto: Broom.<\/p>\n<p>Ligge og se p\u00e5 TV<\/p>\n<p>Men det er ikke setene og plassen som f\u00f8rst og fremst gj\u00f8r at X9 skiller seg s\u00e5 mye ut. Det er det luksus- og gadgetfaktoren som gj\u00f8r. For her kj\u00f8rer du virkelig p\u00e5 f\u00f8rste klasse.<\/p>\n<p>De to midterste baksetene har for eksempel det Xpeng kaller \u00abGravity mode\u00bb. Du trykker p\u00e5 knappen og vipps har du et liggesete med h\u00f8y komfort. Et trykk p\u00e5 knappen ved siden av, og massasjen setter i gang.\u00a0<\/p>\n<p>        <img class=\"image__img lazyload\" itemprop=\"image\" title=\"Foto: Broom.\" alt=\"SMART: Her har du kj\u00f8le- og varmeboks i ett. Foto: Broom.\" width=\"489\" height=\"276\" bad-src=\"https:\/\/www.europesays.com\/no\/wp-content\/uploads\/2025\/11\/18280698.webp\" fetchpriority=\"auto\" \/><\/p>\n<p>      SMART: Her har du kj\u00f8le- og varmeboks i ett.<br \/>\n         Foto: Broom.<\/p>\n<p>Og fra denne posisjonen kan du for eksempel ligge og se p\u00e5 TV, skjermen p\u00e5 21,4 tommer senker seg elegant ned fra taket n\u00e5r du \u00f8nsker det.<\/p>\n<p>Foran deg har du et kombinert kj\u00f8le- og varmeskap. Det er bare \u00e5 trykke p\u00e5 en ny knapp, s\u00e5 kommer det ut av midtkonsollen. Det har forresten solid spennvidde: Fra null til 50 grader!<\/p>\n<p> <a href=\"https:\/\/www.tv2.no\/broom\/du-gjetter-neppe-riktig-uttale\/16070810\/\" rel=\"nofollow noopener\" target=\"_blank\">Xpeng \u2013 du gjetter neppe riktig uttale &#8230;<\/a> <\/p>\n<p>        <img class=\"image__img lazyload\" itemprop=\"image\" title=\"Foto: Broom.\" alt=\"KINESISK: De f\u00f8rste bilene som n\u00e5 er i Norge er Kina-spekket. Det vises ogs\u00e5 godt p\u00e5 TV-skjermen som kommer ned fra taket. Foto: Broom.\" width=\"978\" height=\"551\" bad-src=\"https:\/\/www.europesays.com\/no\/wp-content\/uploads\/2025\/11\/18280703.webp\" fetchpriority=\"auto\" \/><\/p>\n<p>      KINESISK: De f\u00f8rste bilene som n\u00e5 er i Norge er Kina-spekket. Det vises ogs\u00e5 godt p\u00e5 TV-skjermen som kommer ned fra taket.<br \/>\n         Foto: Broom.<\/p>\n<p>Akkurat det de fortjener<\/p>\n<p>Kontrasten til alt jeg har v\u00e6rt borti av andre flerbruksbiler er rett og slett enorm. Det er lett \u00e5 se for seg at Xpeng-utviklerne startet med \u00e5 sp\u00f8rre seg: Hva er det EGENTLIG sm\u00e5barnsforeldrene har lyst p\u00e5? Og s\u00e5 har de satt i gang med \u00e5 lage det, uten \u00e5 la seg stoppe av s\u00e5 mange motforestillinger eller br\u00e5russ med excel-ark.\u00a0<\/p>\n<p>Alle bilprodusenter har en egen avdeling for slike, jobben deres er \u00e5 f\u00e5 bort ting de mener koster for mye og som kan droppes, uten at kundene forsvinner. Her m\u00e5 de ha blitt temmlig overkj\u00f8rt.\u00a0<\/p>\n<p>Og med ganske mye erfaring fra omr\u00e5det: Det er akkurat godsaker som dette\u00a0 sm\u00e5barnsforeldre fortjener! Som en kontrast til netter med d\u00e5rlig s\u00f8vn, altfor tidlige morgener, s\u00f8lete st\u00f8vler og sn\u00f8rrete neser, tidsklemme og d\u00e5rlig samvittighet for alt du ikke rekker.<\/p>\n<p>Da er det perfekt med en bil som dette. En luksusboble, for b\u00e5de foreldre og barn. Med alt man m\u00e5tte \u00f8nske seg av plass og komfort. Win-win, alts\u00e5.<\/p>\n<p><a href=\"https:\/\/www.tv2.no\/broom\/dro-til-japan-og-motte-en-helt-spesiell-bil\/16230616\/\" rel=\"nofollow noopener\" target=\"_blank\">Dro til Japan og m\u00f8tte en helt spesiell bil<\/a><\/p>\n<p>        <img class=\"image__img lazyload\" itemprop=\"image\" title=\"Foto: Broom.\" alt=\"KOMFORT: Det er ikke mange bakseter som kan m\u00e5le seg med disse, som ogs\u00e5 har en veldig komfortabel ligge-funksjon. Foto: Broom.\" width=\"978\" height=\"551\" bad-src=\"https:\/\/www.europesays.com\/no\/wp-content\/uploads\/2025\/11\/18280705.webp\" fetchpriority=\"auto\" \/><\/p>\n<p>      KOMFORT: Det er ikke mange bakseter som kan m\u00e5le seg med disse, som ogs\u00e5 har en veldig komfortabel ligge-funksjon.<br \/>\n         Foto: Broom.<\/p>\n<p>Dyrt for sm\u00e5barnsfamiliene<\/p>\n<p>Hva er s\u00e5 baksiden av medaljen? For ganske mange er det nok dessverre prisen, selv om den egentlig overrasker i positiv retning.<\/p>\n<p>Det starter p\u00e5\u00a0 699.900 kroner for modellen som heter Standard Range. Long Range f\u00e5r du fra 749.900. Men: Begge disse har forhjulsdrift. Vi tipper de aller, aller fleste norske kundene vil \u00f8nske seg 4&#215;4.\u00a0<\/p>\n<p>Da er det\u00a0toppmodellen AWD Performance som gjelder, for den m\u00e5 du ut med 799.900 kroner. Og det er f\u00f8r det ligger an til 50.000 kroner mer i moms fra \u00e5rsskiftet. Da er vi alts\u00e5 p\u00e5 850.000 kroner. Dessverre mer enn de fleste sm\u00e5barnsfamilier har mulighet til \u00e5 bruke p\u00e5 bil.\u00a0<\/p>\n<p><a href=\"https:\/\/www.tv2.no\/broom\/na-far-du-kjempe-mercedesen-billig\/18006145\/\" rel=\"nofollow noopener\" target=\"_blank\">N\u00e5 f\u00e5r du kjempe-Mercedesen billig\u00a0<\/a><\/p>\n<p>        <img class=\"image__img lazyload\" itemprop=\"image\" title=\"Foto: Broom.\" alt=\"DYRT, ELLER? Toppmodellen ligger an til \u00e5 skulle koste rundt 850.000 n\u00e5r den kommer til Norge neste \u00e5r. Mye penger, men ikke avskrekkende n\u00e5r vi sammenligner med det n\u00e6rmeste vi kommer konkurrenter. Foto: Broom.\" width=\"978\" height=\"551\" bad-src=\"https:\/\/www.europesays.com\/no\/wp-content\/uploads\/2025\/11\/18280708.webp\" fetchpriority=\"auto\" \/><\/p>\n<p>      DYRT, ELLER? Toppmodellen ligger an til \u00e5 skulle koste rundt 850.000 n\u00e5r den kommer til Norge neste \u00e5r. Mye penger, men ikke avskrekkende n\u00e5r vi sammenligner med det n\u00e6rmeste vi kommer konkurrenter.<br \/>\n         Foto: Broom.<\/p>\n<p>500 hestekrefter<\/p>\n<p>Men det er p\u00e5 ingen m\u00e5te avskrekkende hvis vi sammenligner med biler som VW ID. Buzz, Kia EV9 og Volvo EX90, for \u00e5 ta noen som er relativt n\u00e6rliggende (men som sliter med \u00e5 matche X9 p\u00e5 flere omr\u00e5der).<\/p>\n<p>Toppmodellen har forresten en batteripakke p\u00e5\u00a0101,5 kWt. Offisiell rekkevidde etter WLTP er ventet \u00e5 havne rundt 500 kilometer. Ikke overraskende g\u00e5r det fort \u00e5 lade: Maks 330 kW. Her er Xpeng knallgode.<\/p>\n<p>500 hestekrefter gir veldig bra fartsoverskudd. 0-100 km\/t g\u00e5r unna p\u00e5 5,7 sekunder, det f\u00f8les enda litt raskere i en s\u00e5 diger bil.<\/p>\n<p>        <img class=\"image__img lazyload\" itemprop=\"image\" title=\"Foto: Broom.\" alt=\"DIGER: Det er litt \u00abTilbake til fremtiden\u00bb i st\u00f8rrelse XXL over bilen fra denne vinkelen. Foto: Broom.\" width=\"978\" height=\"551\" bad-src=\"https:\/\/www.europesays.com\/no\/wp-content\/uploads\/2025\/11\/18280709.webp\" fetchpriority=\"auto\" \/><\/p>\n<p>      DIGER: Det er litt \u00abTilbake til fremtiden\u00bb i st\u00f8rrelse XXL over bilen fra denne vinkelen.<br \/>\n         Foto: Broom.<\/p>\n<p>Ett partytrick til<\/p>\n<p>Kj\u00f8reegenskapene er tungt vektet mot komfort. Luftfj\u00e6ringen er med p\u00e5 \u00e5 underbygge det, X9 duver rolig over skarpe ujevnheter i veien og sluker de st\u00f8rre.<\/p>\n<p>Jeg vet egentlig svaret, men m\u00e5 sjekke ut litt \u00abinspirert\u00bb svingkj\u00f8ring ogs\u00e5. Der er den ikke like p\u00e5 hjemmebane, den over 2,6 tonn tunge bilen vil helst g\u00e5 rett fram. Men det er helt greit. I en bil som dette kan komfort godt f\u00e5 trumfe alt som smaker av sportslighet.\u00a0<\/p>\n<p>Forresten: Det er et lite partytrick her ogs\u00e5. N\u00e5r en bil er 5,3 meter lang, er det ikke mulig \u00e5 unng\u00e5 at den kan bli litt uh\u00e5ndterlig, s\u00e6rlig i trange bygater og parkeringshus. Men neida. Utviklingsgjengen har f\u00e5tt gjennom l\u00f8sningen for det ogs\u00e5: Firehjulsstyring! Dermed blir svingradiusen nesten morsomt liten.\u00a0<\/p>\n<p><a href=\"https:\/\/www.tv2.no\/broom\/for-noen-er-det-nesten-bare-dette-som-fungerer\/15837662\/\" rel=\"nofollow noopener\" target=\"_blank\">Tre barneseter? Da er det nesten bare dette som gjelder<\/a><\/p>\n<p>        <img class=\"image__img lazyload\" itemprop=\"image\" title=\"Foto: Broom.\" alt=\"SMART: Bord p\u00e5 forseteryggene er p\u00e5 plass. De er ogs\u00e5 i en kvalitet som g\u00e5r godt utenp\u00e5 det vi har v\u00e6rt vant til i flerbruksbiler. Foto: Broom.\" width=\"978\" height=\"551\" bad-src=\"https:\/\/www.europesays.com\/no\/wp-content\/uploads\/2025\/11\/18280697.webp\" fetchpriority=\"auto\" \/><\/p>\n<p>      SMART: Bord p\u00e5 forseteryggene er p\u00e5 plass. De er ogs\u00e5 i en kvalitet som g\u00e5r godt utenp\u00e5 det vi har v\u00e6rt vant til i flerbruksbiler.<br \/>\n         Foto: Broom.<\/p>\n<p>Treffer bredere<\/p>\n<p>At Xpeng kommer med en bil som dette, er nesten litt naturstridig. I v\u00e5r del av verden har flerbruksbilene lenge blitt sett p\u00e5 som forhistoriske. Kan det snu n\u00e5?\u00a0<\/p>\n<p>Det er vel egentlig lite trolig, men slik jeg ser det appellerer X9 mye bredere enn noen andre flerbruksbiler tidligere har gjort: B\u00e5de til de som trenger seri\u00f8st mye plass \u2013 og til de som synes det er stas \u00e5 ha en familiebil med gadgets og funksjoner knapt noen andre kan matche.\u00a0 Det er sannelig ingen d\u00e5rlig prestasjon.\u00a0<\/p>\n<p><a href=\"https:\/\/www.tv2.no\/broom\/dette-er-familiebil-i-snobbe-klaer\/8409883\/\" rel=\"nofollow noopener\" target=\"_blank\">Dette var storfamiliebil i snobbekl\u00e6r<\/a><\/p>\n<p>        <img class=\"image__img lazyload\" itemprop=\"image\" title=\"Foto: Broom.\" alt=\"COMEBACK: Flerbruksbilene har v\u00e6rt omtrent usynlige i Norge i mange \u00e5r. Er Xpeng X9 bilen som kan gj\u00f8re noe med det? Svaret p\u00e5 det kan vi f\u00e5 til neste \u00e5r. Foto: Broom.\" width=\"978\" height=\"551\" bad-src=\"https:\/\/www.europesays.com\/no\/wp-content\/uploads\/2025\/11\/18280696.webp\" fetchpriority=\"auto\" \/><\/p>\n<p>      COMEBACK: Flerbruksbilene har v\u00e6rt omtrent usynlige i Norge i mange \u00e5r. Er Xpeng X9 bilen som kan gj\u00f8re noe med det? Svaret p\u00e5 det kan vi f\u00e5 til neste \u00e5r.<br \/>\n         Foto: Broom.<\/p>\n<p>Sjekk baksetel\u00f8sningen og mer av Xpeng X9 i videoene under:<\/p>\n","protected":false},"excerpt":{"rendered":"Saken oppsummert Xpeng X9 er en ny flerbruksbil med imponerende plass og luksus. Bilen har sju seter, hvor&hellip;\n","protected":false},"author":2,"featured_media":96691,"comment_status":"","ping_status":"","sticky":false,"template":"","format":"standard","meta":{"footnotes":""},"categories":[56],"tags":[60,61,62,30,28,29],"class_list":{"0":"post-96690","1":"post","2":"type-post","3":"status-publish","4":"format-standard","5":"has-post-thumbnail","7":"category-naeringsliv","8":"tag-business","9":"tag-economy","10":"tag-naeringsliv","11":"tag-no","12":"tag-norge","13":"tag-norway"},"share_on_mastodon":{"url":"https:\/\/pubeurope.com\/@no\/115612503635965628","error":""},"_links":{"self":[{"href":"https:\/\/www.europesays.com\/no\/wp-json\/wp\/v2\/posts\/96690","targetHints":{"allow":["GET"]}}],"collection":[{"href":"https:\/\/www.europesays.com\/no\/wp-json\/wp\/v2\/posts"}],"about":[{"href":"https:\/\/www.europesays.com\/no\/wp-json\/wp\/v2\/types\/post"}],"author":[{"embeddable":true,"href":"https:\/\/www.europesays.com\/no\/wp-json\/wp\/v2\/users\/2"}],"replies":[{"embeddable":true,"href":"https:\/\/www.europesays.com\/no\/wp-json\/wp\/v2\/comments?post=96690"}],"version-history":[{"count":0,"href":"https:\/\/www.europesays.com\/no\/wp-json\/wp\/v2\/posts\/96690\/revisions"}],"wp:featuredmedia":[{"embeddable":true,"href":"https:\/\/www.europesays.com\/no\/wp-json\/wp\/v2\/media\/96691"}],"wp:attachment":[{"href":"https:\/\/www.europesays.com\/no\/wp-json\/wp\/v2\/media?parent=96690"}],"wp:term":[{"taxonomy":"category","embeddable":true,"href":"https:\/\/www.europesays.com\/no\/wp-json\/wp\/v2\/categories?post=96690"},{"taxonomy":"post_tag","embeddable":true,"href":"https:\/\/www.europesays.com\/no\/wp-json\/wp\/v2\/tags?post=96690"}],"curies":[{"name":"wp","href":"https:\/\/api.w.org\/{rel}","templated":true}]}}