{"id":96711,"date":"2025-11-25T22:07:08","date_gmt":"2025-11-25T22:07:08","guid":{"rendered":"https:\/\/www.europesays.com\/no\/96711\/"},"modified":"2025-11-25T22:07:08","modified_gmt":"2025-11-25T22:07:08","slug":"tre-personer-pagrepet-i-frankrike-mistenkes-for-a-vaere-russiske-spioner","status":"publish","type":"post","link":"https:\/\/www.europesays.com\/no\/96711\/","title":{"rendered":"Tre personer p\u00e5grepet i Frankrike \u2013 mistenkes for \u00e5 v\u00e6re russiske spioner"},"content":{"rendered":"\n<p class=\"_lead_o9xde_2 _lead_xtcu6_50 layout-component text-serif-m layout-normal text-serif-l layout-component layout-wide layout-padded _wide_17hqh_1 layout-padded\">Franske myndigheter har p\u00e5grepet tre personer som mistenkes for \u00e5 ha spionert og spredt propaganda til fordel for Russland.<\/p>\n<ul aria-hidden=\"true\" class=\"_images_18f0k_111\">\n<li><a class=\"_link_18f0k_116\" href=\"https:\/\/www.vg.no\/forfatter\/ntb\" style=\"z-index:1\" title=\"NTB\" rel=\"nofollow noopener\" target=\"_blank\"><img alt=\"Bilde av NTB\" class=\"_image_18f0k_93\" fetchpriority=\"low\" loading=\"lazy\" decoding=\"async\" itemprop=\"image\"  src=\"https:\/\/www.europesays.com\/no\/wp-content\/uploads\/2025\/11\/1764108428_861_c33980b0-5d07-4027-84a1-813f90a7c8d6\"  width=\"480\"\/><\/a><\/li>\n<\/ul>\n<p> Oppdatert tirsdag 25. november kl. 22:16     <\/p>\n<p class=\"_paragraph_o9xde_4 _paragraph_xtcu6_10 layout-component text-serif-m layout-normal text-serif-m layout-padded\">P\u00e5gripelsene har skjedd i forbindelse med etterforskningen av den franskrussiske gruppen SOS Donbas, som if\u00f8lge myndighetene ledes av en russisk kvinne i 40-\u00e5rene.<\/p>\n<p class=\"_paragraph_o9xde_4 _paragraph_xtcu6_10 layout-component text-serif-m layout-normal text-serif-m layout-padded\">\u00c9n av de p\u00e5grepne, en russisk mann i 40-\u00e5rene, ble i september filmet av et overv\u00e5kingskamera mens han hang opp prorussiske plakater knyttet til organisasjonen p\u00e5 Triumfbuen i Paris, skriver fransk p\u00e5talemyndighet i en uttalelse.<\/p>\n<p class=\"_paragraph_o9xde_4 _paragraph_xtcu6_10 layout-component text-serif-m layout-normal text-serif-m layout-padded\">SOS Donbas mistenkes for \u00e5 ha fors\u00f8kt \u00e5 skaffe informasjon om flere franske selskaper.<\/p>\n","protected":false},"excerpt":{"rendered":"Franske myndigheter har p\u00e5grepet tre personer som mistenkes for \u00e5 ha spionert og spredt propaganda til fordel for&hellip;\n","protected":false},"author":2,"featured_media":96712,"comment_status":"","ping_status":"","sticky":false,"template":"","format":"standard","meta":{"footnotes":""},"categories":[12],"tags":[20,21,24,25,1244,15,22,23,13,30,28,29,14,16,188,26,27,42,43,44,45],"class_list":{"0":"post-96711","1":"post","2":"type-post","3":"status-publish","4":"format-standard","5":"has-post-thumbnail","7":"category-verden","8":"tag-breaking-news","9":"tag-breakingnews","10":"tag-featured-news","11":"tag-featurednews","12":"tag-frankrike","13":"tag-headlines","14":"tag-latest-news","15":"tag-latestnews","16":"tag-news","17":"tag-no","18":"tag-norge","19":"tag-norway","20":"tag-nyheter","21":"tag-overskrifter","22":"tag-russland","23":"tag-top-stories","24":"tag-topstories","25":"tag-verden","26":"tag-world","27":"tag-world-news","28":"tag-worldnews"},"share_on_mastodon":{"url":"https:\/\/pubeurope.com\/@no\/115612617725081632","error":""},"_links":{"self":[{"href":"https:\/\/www.europesays.com\/no\/wp-json\/wp\/v2\/posts\/96711","targetHints":{"allow":["GET"]}}],"collection":[{"href":"https:\/\/www.europesays.com\/no\/wp-json\/wp\/v2\/posts"}],"about":[{"href":"https:\/\/www.europesays.com\/no\/wp-json\/wp\/v2\/types\/post"}],"author":[{"embeddable":true,"href":"https:\/\/www.europesays.com\/no\/wp-json\/wp\/v2\/users\/2"}],"replies":[{"embeddable":true,"href":"https:\/\/www.europesays.com\/no\/wp-json\/wp\/v2\/comments?post=96711"}],"version-history":[{"count":0,"href":"https:\/\/www.europesays.com\/no\/wp-json\/wp\/v2\/posts\/96711\/revisions"}],"wp:featuredmedia":[{"embeddable":true,"href":"https:\/\/www.europesays.com\/no\/wp-json\/wp\/v2\/media\/96712"}],"wp:attachment":[{"href":"https:\/\/www.europesays.com\/no\/wp-json\/wp\/v2\/media?parent=96711"}],"wp:term":[{"taxonomy":"category","embeddable":true,"href":"https:\/\/www.europesays.com\/no\/wp-json\/wp\/v2\/categories?post=96711"},{"taxonomy":"post_tag","embeddable":true,"href":"https:\/\/www.europesays.com\/no\/wp-json\/wp\/v2\/tags?post=96711"}],"curies":[{"name":"wp","href":"https:\/\/api.w.org\/{rel}","templated":true}]}}