{"id":96713,"date":"2025-11-25T22:08:08","date_gmt":"2025-11-25T22:08:08","guid":{"rendered":"https:\/\/www.europesays.com\/no\/96713\/"},"modified":"2025-11-25T22:08:08","modified_gmt":"2025-11-25T22:08:08","slug":"black-week-i-alesund-kjoper-no-for-a-spare-pengar-seinare-smp-no","status":"publish","type":"post","link":"https:\/\/www.europesays.com\/no\/96713\/","title":{"rendered":"Black Week i \u00c5lesund: \u2013 Kj\u00f8per no for \u00e5 spare pengar seinare &#8211; smp.no"},"content":{"rendered":"<ol>\n<li><a href=\"https:\/\/news.google.com\/rss\/articles\/CBMinAFBVV95cUxOSHdESUNvQ2MweXpTd0U5bXpqZVZfQTlBdHhBelhpWUlILXBLZW4yaUJfckl4WmwtYVRLMTBrdmh6b0NIT1lULXJobkZVS1BlTlhuREFlaWtHQmo0Ulo2UmR5bDI4Y2YyTkVUV1BfU2VtcktldzRwaHB3MFh0emFjLUQ4dXhYWU00LWp0RFFhTXRPaW5yVXBCRHdUSkE?oc=5\" target=\"_blank\" rel=\"nofollow noopener\">Black Week i \u00c5lesund: \u2013 Kj\u00f8per no for \u00e5 spare pengar seinare<\/a>&nbsp;&nbsp;smp.no<\/li>\n<li><a href=\"https:\/\/news.google.com\/rss\/articles\/CBMifkFVX3lxTFBoTG13c1M2andYWXZJQXNaWXB0Yk52YXl4RHBEQlNuODZKMGJObFA1MzhCcTVMZjY1NXZJWTl6eDVwQWg0MG5BMVg0b0ZWZE5HZ3BSTFhCQ3Fxdy1uTHpzamM2SmJhZTJTbG5JM1l5M0cyNVNHM0VQTWhmMGJwUQ?oc=5\" target=\"_blank\" rel=\"nofollow noopener\">(+) \u2013 Gir vekk mye gratis<\/a>&nbsp;&nbsp;fvn.no<\/li>\n<li><a href=\"https:\/\/news.google.com\/rss\/articles\/CBMikwFBVV95cUxOYUdQZWFSb1d1WHJfZ2pMM3dtd0QwZ0FEbmNxem1EX29JYmZQUkdrbm91SVNpZU5HWWtvdGJ5Yjcxc1V6MG84MHR3ZzVHU01IbkFyc2Q5bHB4X2RlWU9OM2lVUVRzVnh6OVhxTG8zSVR3enk0eGRHRVhPYWhTeUVjampNdlBSTjBoY083N3V2LXZSNWM?oc=5\" target=\"_blank\" rel=\"nofollow noopener\">Butikker og uteliv | Dette b\u00f8r du vite f\u00f8r du g\u00e5r bananas: \u2013 Det kommer mye folk<\/a>&nbsp;&nbsp;Drammens Tidende<\/li>\n<li><a href=\"https:\/\/news.google.com\/rss\/articles\/CBMihgFBVV95cUxOYjRTZ3JCWm1QTlc3VTIwQ2hUN2dsQUkzeGdMYWVGYjRxZHJyWHkzN01HWlhMcXY5bHpxalF3SWg5RGMtQi1laVRRLU9xdTVZUWpwcTdvcnhFZDNPQ1dPdGRWemlOaTY1dThXX0l5QXFJenNEWm15TGgxYTBtbjBpQnpySFN4QQ?oc=5\" target=\"_blank\" rel=\"nofollow noopener\">Forbruker, Handel | Black Week: \u2013 Skeptisk til de s\u00e5kalte tilbudene<\/a>&nbsp;&nbsp;Hamar Arbeiderblad<\/li>\n<li><a href=\"https:\/\/news.google.com\/rss\/articles\/CBMijwFBVV95cUxPMUxpWDBib1J4T3NMdlJXWXNoaFhMVkRaR3VLZl9zaV9JUk9ESWhnWmUtSWxmQlZmR0RvZ2JNcHlLVndnNTQ3X3pyek1sOWxaYjBheFRidWUxSUh4YkpJNWlvVnljS1FJMnlUWmZpZURWMUNnazloT2NweTFOS25RUDBXSWR6dFBFMVlBall4SQ?oc=5\" target=\"_blank\" rel=\"nofollow noopener\">Advarer f\u00f8r salget: \u2013 Et psykologisk spill<\/a>&nbsp;&nbsp;TV2.no<\/li>\n<\/ol>\n","protected":false},"excerpt":{"rendered":"Black Week i \u00c5lesund: \u2013 Kj\u00f8per no for \u00e5 spare pengar seinare&nbsp;&nbsp;smp.no (+) \u2013 Gir vekk mye gratis&nbsp;&nbsp;fvn.no&hellip;\n","protected":false},"author":2,"featured_media":96714,"comment_status":"","ping_status":"","sticky":false,"template":"","format":"standard","meta":{"footnotes":""},"categories":[10],"tags":[1703,1701,9736,20,21,24,25,15,5593,7852,22,23,1647,953,13,30,4429,28,29,14,16,12468,1441,26,27],"class_list":{"0":"post-96713","1":"post","2":"type-post","3":"status-publish","4":"format-standard","5":"has-post-thumbnail","7":"category-norge","8":"tag-alesund","9":"tag-amfi-moa","10":"tag-black-week","11":"tag-breaking-news","12":"tag-breakingnews","13":"tag-featured-news","14":"tag-featurednews","15":"tag-headlines","16":"tag-jul","17":"tag-julehandel","18":"tag-latest-news","19":"tag-latestnews","20":"tag-midt-norge","21":"tag-more-og-romsdal","22":"tag-news","23":"tag-no","24":"tag-nordea","25":"tag-norge","26":"tag-norway","27":"tag-nyheter","28":"tag-overskrifter","29":"tag-sparebank-1-smn","30":"tag-svindel","31":"tag-top-stories","32":"tag-topstories"},"share_on_mastodon":{"url":"https:\/\/pubeurope.com\/@no\/115612621414325463","error":""},"_links":{"self":[{"href":"https:\/\/www.europesays.com\/no\/wp-json\/wp\/v2\/posts\/96713","targetHints":{"allow":["GET"]}}],"collection":[{"href":"https:\/\/www.europesays.com\/no\/wp-json\/wp\/v2\/posts"}],"about":[{"href":"https:\/\/www.europesays.com\/no\/wp-json\/wp\/v2\/types\/post"}],"author":[{"embeddable":true,"href":"https:\/\/www.europesays.com\/no\/wp-json\/wp\/v2\/users\/2"}],"replies":[{"embeddable":true,"href":"https:\/\/www.europesays.com\/no\/wp-json\/wp\/v2\/comments?post=96713"}],"version-history":[{"count":0,"href":"https:\/\/www.europesays.com\/no\/wp-json\/wp\/v2\/posts\/96713\/revisions"}],"wp:featuredmedia":[{"embeddable":true,"href":"https:\/\/www.europesays.com\/no\/wp-json\/wp\/v2\/media\/96714"}],"wp:attachment":[{"href":"https:\/\/www.europesays.com\/no\/wp-json\/wp\/v2\/media?parent=96713"}],"wp:term":[{"taxonomy":"category","embeddable":true,"href":"https:\/\/www.europesays.com\/no\/wp-json\/wp\/v2\/categories?post=96713"},{"taxonomy":"post_tag","embeddable":true,"href":"https:\/\/www.europesays.com\/no\/wp-json\/wp\/v2\/tags?post=96713"}],"curies":[{"name":"wp","href":"https:\/\/api.w.org\/{rel}","templated":true}]}}