{"id":96717,"date":"2025-11-25T22:11:16","date_gmt":"2025-11-25T22:11:16","guid":{"rendered":"https:\/\/www.europesays.com\/no\/96717\/"},"modified":"2025-11-25T22:11:16","modified_gmt":"2025-11-25T22:11:16","slug":"jubileum-kolbotn-ble-funnet-dod-i-skogen-spiller-viktig-rolle-i-lokal-jubileumsfeiring","status":"publish","type":"post","link":"https:\/\/www.europesays.com\/no\/96717\/","title":{"rendered":"Jubileum, Kolbotn | Ble funnet d\u00f8d i skogen \u2013 spiller viktig rolle i lokal jubileumsfeiring"},"content":{"rendered":"\n<p>Jazzlegenden har f\u00e5tt en vei oppkalt etter seg p\u00e5 Kolbotn.<\/p>\n<p>Hun spiller naturligvis en viktig rolle n\u00e5r Kullebunden Jazz feirer 20-\u00e5rsjubileet sitt neste \u00e5r.<\/p>\n<p><b>\u2013 Radka Toneffs rolle og posisjon i norsk jazzliv var utvilsomt en stor motivasjon for \u00e5 etablere jazzklubben. Hennes oppvekst og start p\u00e5 sin musikerkarriere i et lokalt band fra Kolbotn bidro til et eierskap til Radka Toneffs jazzhistorie, oppsummerer Kullebunden Jazz.<\/b><\/p>\n<p>Har betydd mye<\/p>\n<p>Det henger portrettbilder av Radka Toneff, Arild Andersen og Jon Eberson utenfor Sal 2 i Kolben. Alle tre er sentrale profiler i norsk jazzliv, og i tillegg jobbet de tett med hverandre. De vil ogs\u00e5 v\u00e6re representert i jubileums\u00e5ret.<\/p>\n<p>Andersen kommer til den store festkonserten i februar.<\/p>\n<p>I september st\u00e5r Marte Eberson p\u00e5 programmet. Hun er datter av Jon, og i denne konserten vil man minnes Radka Toneffs musikk.<\/p>\n<p>Radka Toneff ble funnet d\u00f8d i skogen p\u00e5 Bygd\u00f8y i 1982, bare noen f\u00e5 m\u00e5neder etter at hun ga ut det kritikerroste albumet Fairytales.<\/p>\n<p>Vil du vite mer? Les mer om Radka Toneff p\u00e5 <a href=\"https:\/\/snl.no\/Radka_Toneff\" rel=\"Follow nofollow noopener\" target=\"_blank\">Store Norske Leksikon<\/a>.<\/p>\n<p>   <img decoding=\"async\" width=\"838\" height=\"1280\" fetchpriority=\"low\"  loading=\"lazy\"  src=\"https:\/\/www.europesays.com\/no\/wp-content\/uploads\/2025\/11\/te_er_forslagene_til_nye_2.jpg\" alt=\"\" class=\"brick-c-cFOWSL\" style=\"--brick-image-ratio: 838 \/ 1280;\"\/><\/p>\n<p>      LEGENDE: Jazzlegenden Radka Toneff har f\u00e5tt en vei p\u00e5 Kolbotn oppkalt etter seg.<br \/>\n      Foto: \u00d8B-arkivet\n    <\/p>\n<p>  God st\u00f8tte i dobbel forstand<\/p>\n<p>Den \u00f8konomiske st\u00f8tten fra diverse kulturinstitusjoner og kommunen har betydd mye for Kullbunden Jazz. Og ikke minst den arrangementsmessige st\u00f8tten og inspirasjonen fra administrasjonen i Kolben kulturhus.<\/p>\n<p>Den lokale jazzklubben vokste frem som f\u00f8lge av at Kolben ble tatt i bruk i 2005.<\/p>\n<p>Det hele startet med et oppstartsm\u00f8te i 2006 i det nye kulturhuset for \u00e5 lufte interessen for \u00e5 etablere en lokal jazzklubb. M\u00f8tet var initiert av Lise Guldbrandsen, kjent som markedssjef i Oslo Jazzfestival.<\/p>\n<p>Frivillig innsats har alltid v\u00e6rt en viktig b\u00e6rebjelke i Kullebunden Jazz.<\/p>\n<p>Stor bredde<\/p>\n<p>Jubileet feires med stor bredde p\u00e5 scenen.<\/p>\n<p>Tore Brunborg, Hot Club de Norvege med Majken Christiansen, H\u00e5kon Kornstad Trio, Prima Vista Social Club og Solveig Slettahjell er ogs\u00e5 representert.<\/p>\n<p>Det er ogs\u00e5 et tilbud til de yngste p\u00e5 biblioteket med konserten Klangbein. Ung Jazz med AOJO og Kr\u00e5kstad Jazz opptrer i oktober.<\/p>\n<p>Mange sjangre<\/p>\n<p>Kullebunden Jazz er opptatt av \u00e5 legge til rette for barn og unge gjennom konsertene der de har med elever fra kulturskolen, Kr\u00e5kstad Jazz og Barnas Jazzhus.<\/p>\n<p>Jubilanten mener det er viktig \u00e5 ha et bredt tilbud sjangermessig og videref\u00f8re h\u00f8y kvalitet p\u00e5 konsertene. Det gjelder ogs\u00e5 samarbeidet med unge ut\u00f8vere.<\/p>\n<p>Kullebunden Jazz h\u00e5per ogs\u00e5 \u00e5 utvide samarbeidet med andre lokale akt\u00f8rer som rockeklubben og biblioteket.<\/p>\n","protected":false},"excerpt":{"rendered":"Jazzlegenden har f\u00e5tt en vei oppkalt etter seg p\u00e5 Kolbotn. Hun spiller naturligvis en viktig rolle n\u00e5r Kullebunden&hellip;\n","protected":false},"author":2,"featured_media":96718,"comment_status":"","ping_status":"","sticky":false,"template":"","format":"standard","meta":{"footnotes":""},"categories":[58],"tags":[36,71,1377,6755,12470,6174,12469,221,30,28,29,447,1510,72],"class_list":{"0":"post-96717","1":"post","2":"type-post","3":"status-publish","4":"format-standard","5":"has-post-thumbnail","7":"category-underholdning","8":"tag-art","9":"tag-entertainment","10":"tag-jazz","11":"tag-jubileum","12":"tag-kolben-kulturhus","13":"tag-kolbotn","14":"tag-kullebunden-jazz","15":"tag-musikk","16":"tag-no","17":"tag-norge","18":"tag-norway","19":"tag-nyhet","20":"tag-story","21":"tag-underholdning"},"share_on_mastodon":{"url":"https:\/\/pubeurope.com\/@no\/115612633233701244","error":""},"_links":{"self":[{"href":"https:\/\/www.europesays.com\/no\/wp-json\/wp\/v2\/posts\/96717","targetHints":{"allow":["GET"]}}],"collection":[{"href":"https:\/\/www.europesays.com\/no\/wp-json\/wp\/v2\/posts"}],"about":[{"href":"https:\/\/www.europesays.com\/no\/wp-json\/wp\/v2\/types\/post"}],"author":[{"embeddable":true,"href":"https:\/\/www.europesays.com\/no\/wp-json\/wp\/v2\/users\/2"}],"replies":[{"embeddable":true,"href":"https:\/\/www.europesays.com\/no\/wp-json\/wp\/v2\/comments?post=96717"}],"version-history":[{"count":0,"href":"https:\/\/www.europesays.com\/no\/wp-json\/wp\/v2\/posts\/96717\/revisions"}],"wp:featuredmedia":[{"embeddable":true,"href":"https:\/\/www.europesays.com\/no\/wp-json\/wp\/v2\/media\/96718"}],"wp:attachment":[{"href":"https:\/\/www.europesays.com\/no\/wp-json\/wp\/v2\/media?parent=96717"}],"wp:term":[{"taxonomy":"category","embeddable":true,"href":"https:\/\/www.europesays.com\/no\/wp-json\/wp\/v2\/categories?post=96717"},{"taxonomy":"post_tag","embeddable":true,"href":"https:\/\/www.europesays.com\/no\/wp-json\/wp\/v2\/tags?post=96717"}],"curies":[{"name":"wp","href":"https:\/\/api.w.org\/{rel}","templated":true}]}}