{"id":96719,"date":"2025-11-25T22:15:32","date_gmt":"2025-11-25T22:15:32","guid":{"rendered":"https:\/\/www.europesays.com\/no\/96719\/"},"modified":"2025-11-25T22:15:32","modified_gmt":"2025-11-25T22:15:32","slug":"gjor-helomvending-bunnpris-ikke-aktuelle","status":"publish","type":"post","link":"https:\/\/www.europesays.com\/no\/96719\/","title":{"rendered":"Gj\u00f8r helomvending &#8211; Bunnpris ikke aktuelle"},"content":{"rendered":"<p>\n        Bunnpris vant anbudet, men n\u00e5 snur Posten.<br \/>\n        Foto: Christian Eikeland\n    <\/p>\n<p>I midten av november ble det kjent at Bunnpris i H\u00f8llen hadde vunnet anbudet om \u00e5 overta Post i Butikk-tjenesten i S\u00f8gne. N\u00e5 snus beslutningen p\u00e5 hodet.<\/p>\n<p>                ABONNEMENT<br \/>\n                F\u00f8rste m\u00e5ned 1,-<br \/>\n<br \/>129,- \/mnd.<\/p>\n<p>\n                    <a class=\"lab-paywall-teaser-offer-button\" href=\"https:\/\/api.n247.no\/paywall\/order?providerUrl=https%3A%2F%2Fn247-s4.azurewebsites.net%2Fcheckout%3Fjourney%3Dorder%26templatePackageId%3D960ee25a-2358-4873-9147-f2927f62a9cc&amp;siteAlias=n247&amp;&amp;siteId=2&amp;contentUrl=https%3A%2F%2Fwww.n247.no%2Fbunnpris-konkurranse-post-i-butikk%2Fgjor-helomvending-bunnpris-ikke-aktuelle%2F567526\" rel=\"nofollow noopener\" target=\"_blank\">VELG<\/a>\n                <\/p>\n<p>                ABONNEMENT<br \/>\n                F\u00f8rste m\u00e5ned 1,-<br \/>\n<br \/>599,- \/6 mnd.<\/p>\n<p>\n                    <a class=\"lab-paywall-teaser-offer-button\" href=\"https:\/\/api.n247.no\/paywall\/order?providerUrl=https%3A%2F%2Fn247-s4.azurewebsites.net%2Fcheckout%3Fjourney%3Dorder%26templatePackageId%3D77f18124-4ceb-43c3-b511-91229f6a3282&amp;siteAlias=n247&amp;&amp;siteId=2&amp;contentUrl=https%3A%2F%2Fwww.n247.no%2Fbunnpris-konkurranse-post-i-butikk%2Fgjor-helomvending-bunnpris-ikke-aktuelle%2F567526\" rel=\"nofollow noopener\" target=\"_blank\">VELG<\/a>\n                <\/p>\n<p>                ABONNEMENT<br \/>\n                F\u00f8rste m\u00e5ned 1,-<br \/>\n<br \/>990,- \/12 mnd.<\/p>\n<p>\n                    <a class=\"lab-paywall-teaser-offer-button\" href=\"https:\/\/api.n247.no\/paywall\/order?providerUrl=https%3A%2F%2Fn247-s4.azurewebsites.net%2Fcheckout%3Fjourney%3Dorder%26templatePackageId%3Ddcba2fe1-b134-4027-9363-0cb50b631a47&amp;siteAlias=n247&amp;&amp;siteId=2&amp;contentUrl=https%3A%2F%2Fwww.n247.no%2Fbunnpris-konkurranse-post-i-butikk%2Fgjor-helomvending-bunnpris-ikke-aktuelle%2F567526\" rel=\"nofollow noopener\" target=\"_blank\">VELG<\/a>\n                <\/p>\n","protected":false},"excerpt":{"rendered":"Bunnpris vant anbudet, men n\u00e5 snur Posten. Foto: Christian Eikeland I midten av november ble det kjent at&hellip;\n","protected":false},"author":2,"featured_media":96720,"comment_status":"","ping_status":"","sticky":false,"template":"","format":"standard","meta":{"footnotes":""},"categories":[56],"tags":[60,61,62,30,28,29],"class_list":{"0":"post-96719","1":"post","2":"type-post","3":"status-publish","4":"format-standard","5":"has-post-thumbnail","7":"category-naeringsliv","8":"tag-business","9":"tag-economy","10":"tag-naeringsliv","11":"tag-no","12":"tag-norge","13":"tag-norway"},"share_on_mastodon":{"url":"https:\/\/pubeurope.com\/@no\/115612648975933394","error":""},"_links":{"self":[{"href":"https:\/\/www.europesays.com\/no\/wp-json\/wp\/v2\/posts\/96719","targetHints":{"allow":["GET"]}}],"collection":[{"href":"https:\/\/www.europesays.com\/no\/wp-json\/wp\/v2\/posts"}],"about":[{"href":"https:\/\/www.europesays.com\/no\/wp-json\/wp\/v2\/types\/post"}],"author":[{"embeddable":true,"href":"https:\/\/www.europesays.com\/no\/wp-json\/wp\/v2\/users\/2"}],"replies":[{"embeddable":true,"href":"https:\/\/www.europesays.com\/no\/wp-json\/wp\/v2\/comments?post=96719"}],"version-history":[{"count":0,"href":"https:\/\/www.europesays.com\/no\/wp-json\/wp\/v2\/posts\/96719\/revisions"}],"wp:featuredmedia":[{"embeddable":true,"href":"https:\/\/www.europesays.com\/no\/wp-json\/wp\/v2\/media\/96720"}],"wp:attachment":[{"href":"https:\/\/www.europesays.com\/no\/wp-json\/wp\/v2\/media?parent=96719"}],"wp:term":[{"taxonomy":"category","embeddable":true,"href":"https:\/\/www.europesays.com\/no\/wp-json\/wp\/v2\/categories?post=96719"},{"taxonomy":"post_tag","embeddable":true,"href":"https:\/\/www.europesays.com\/no\/wp-json\/wp\/v2\/tags?post=96719"}],"curies":[{"name":"wp","href":"https:\/\/api.w.org\/{rel}","templated":true}]}}