{"id":96723,"date":"2025-11-25T22:19:10","date_gmt":"2025-11-25T22:19:10","guid":{"rendered":"https:\/\/www.europesays.com\/no\/96723\/"},"modified":"2025-11-25T22:19:10","modified_gmt":"2025-11-25T22:19:10","slug":"kristoffer-ventura-dropper-pga-touren-2026-for-a-bli-pappa","status":"publish","type":"post","link":"https:\/\/www.europesays.com\/no\/96723\/","title":{"rendered":"Kristoffer Ventura dropper PGA-touren 2026 for \u00e5 bli pappa"},"content":{"rendered":"<p class=\"kicker \" style=\"\">Kristoffer Ventura:<\/p>\n<p>  Det blir ingen kvalifisering til neste \u00e5rs PGA-tour for Kristoffer Ventura. Han skal hjem til Norge for \u00e5 bli far.<\/p>\n<p>\n    PAPPA: Idretten m\u00e5 la seg vente n\u00e5r man snart skal bli far. Foto: REUTERS \/ Lisa Leutner\n  <\/p>\n<p>I desember kunne den norske golfproffen <a href=\"https:\/\/www.instagram.com\/krisventura95\/\" rel=\"nofollow noopener\" target=\"_blank\">Kristoffer Ventura<\/a> (30) kvalifisert seg til PGA-touren i 2026.<\/p>\n<p class=\"font-weight-bold m-font-weight-bold\" data-lab-font_weight=\"font-weight-bold\">Denne muligheten sier han fra seg.<\/p>\n<p>    <a itemprop=\"url\" href=\"https:\/\/www.seher.no\/kjendis\/slik-har-du-aldri-sett-ham-for\/83722363\" rel=\"nofollow noopener\" target=\"_blank\"><\/p>\n<p>      <img loading=\"lazy\" decoding=\"async\" src=\"https:\/\/www.europesays.com\/no\/wp-content\/uploads\/2025\/11\/1764109149_891_83722507.webp\" width=\"147\" height=\"98\" title=\"Slik har du aldri sett ham f\u00f8r\" alt=\"\" class=\"lazyload\" style=\"--aspect-ratio-image: 1.50; \"\/><\/p>\n<p>        Slik har du aldri sett ham f\u00f8r<\/p>\n<p>    <\/a><\/p>\n<p>&#8211; N\u00e5 skal jeg hjem og bli pappa, noe som blir utrolig spennende. Det blir travelt fremover.<\/p>\n<p class=\"font-weight-normal m-font-weight-normal\" data-lab-font_weight=\"font-weight-normal\">Det sier Ventura til <a href=\"https:\/\/www.eurosport.no\/golf\/kristoffer-ventura-dropper-q-school-og-blir-ikke-pga-tour-spiller-i-2026-na-skal-jeg-hjem-og-bli-pappa_sto23244019\/story.shtml\" rel=\"nofollow noopener\" target=\"_blank\">HBO Max<\/a> etter sesongens siste turnering p\u00e5 PGA-touren for 2025.<\/p>\n<p>Blir ikke \u00e5 se\t<\/p>\n<p>Ventura avsluttet turneringen med en sterk runde p\u00e5 ni slag under par. Dette er den beste enkeltrunden han har gjort p\u00e5 PGA-touren noen gang.<\/p>\n<p>        SJOKKERT: Trygve Bennetsen r\u00f8pet seg om at Sophie Elise var p\u00e5 et annet opptak, da f\u00f8rste episode av \u00abMaskorama\u00bb ble sendt. Video: Nora Skavhaug\/R\u00f8d l\u00f8per. Reporter: Thea Hope\/R\u00f8d l\u00f8per<\/p>\n<p>Nordmannen greide ikke bli blant de 100 beste p\u00e5 sesongrankingen p\u00e5 PGA-touren denne sesongen. De f\u00e5r automatisk fulle spillerettigheter neste sesong, mens de bak m\u00e5 ut i kvalifisering.<\/p>\n<p>          <img loading=\"lazy\" decoding=\"async\" src=\"https:\/\/www.europesays.com\/no\/wp-content\/uploads\/2025\/11\/83896498.webp\" width=\"686\" height=\"714\" title=\"FORELDRE: Golfproffen og kona Silje Wiberg venter snart sitt f\u00f8rste barn sammen. Foto: Privat\/Instagram\" alt=\"\" class=\"\" style=\"--aspect-ratio-image: 0.96; \"\/><\/p>\n<p>          FORELDRE: Golfproffen og kona <a href=\"https:\/\/www.instagram.com\/siljewiberg\/\" rel=\"nofollow noopener\" target=\"_blank\">Silje Wiberg<\/a> venter snart sitt f\u00f8rste barn sammen. Foto: Privat\/Instagram<\/p>\n<p>Den finner sted i midten av desember, men der blir ikke\u00a0Ventura\u00a0\u00e5 se. Han m\u00e5 dermed spille mesteparten av neste sesong p\u00e5 Korn Ferry-touren, som er p\u00e5 niv\u00e5 to i USA. Samtidig vil han trolig f\u00e5 muligheten i flere mindre PGA-turneringer.<\/p>\n<p>    <a itemprop=\"url\" href=\"https:\/\/www.seher.no\/kjendis\/et-stort-sjokk\/83895932\" rel=\"nofollow noopener\" target=\"_blank\"><\/p>\n<p>      <img loading=\"lazy\" decoding=\"async\" src=\"https:\/\/www.europesays.com\/no\/wp-content\/uploads\/2025\/11\/83895953.webp\" width=\"980\" height=\"441\" title=\"- Et stort sjokk\" alt=\"\" class=\"lazyload\" style=\"--aspect-ratio-image: 2.22; \"\/><\/p>\n<p>        &#8211; Et stort sjokk<\/p>\n<p>    <\/a><\/p>\n<p>\u2013 Dette med hvor mange turneringer jeg f\u00e5r neste \u00e5r, vet jeg ikke. Spillet mitt er bra nok, s\u00e5 jeg er ikke bekymret for 2026. F\u00e5r jeg nok sjanser, kommer jeg til \u00e5 l\u00f8se det p\u00e5 en bra m\u00e5te, sier\u00a0Ventura.<\/p>\n<p>Dr\u00f8mmestart\t<\/p>\n<p>30-\u00e5ringen kunne juble etter starten p\u00e5 den siste runden\u00a0av PGA-turneringen i La Quinta i California i januar.<\/p>\n<p class=\"font-weight-bold m-font-weight-bold\" data-lab-font_weight=\"font-weight-bold\">Her fikk han nemlig <a href=\"https:\/\/www.dagbladet.no\/studio\/sportsstudio\/307?post=176714\" rel=\"nofollow noopener\" target=\"_blank\">hole-in-one p\u00e5 fjerde hull.<\/a><\/p>\n<p>        VANT: Rasmus Wold avsl\u00f8rer hva han brukte \u00abForr\u00e6der\u00bb-pengene p\u00e5 og hva det viktigste i sitt kommende bryllup er. Video: Victoria L\u00f8vik\/ Nora Skavhaug\/ Thea Hope\/ R\u00f8d L\u00f8per<\/p>\n<p>Ventura startet p\u00e5 hull 10 og \u00e5pnet med tre hull p\u00e5 par, f\u00f8r han fikk fulltreff p\u00e5 hull 13.<\/p>\n<p>I 2026 m\u00e5 PGA-touren klare seg uten Ventura, men heldigvis er b\u00e5de Viktor Hovland (28) og Kristoffer Reitan (27) allerede sikret spill p\u00e5 touren neste \u00e5r.<\/p>\n<p>          <img loading=\"lazy\" decoding=\"async\" src=\"https:\/\/www.europesays.com\/no\/wp-content\/uploads\/2025\/11\/83901162.webp\" width=\"686\" height=\"570\" title=\"GODE VENNER: Viktor Hovland og Kristoffer Ventura er gode kompiser og spilte sammen i OL med det norske flagget (en variant) p\u00e5 brystet. Foto: NTB\" alt=\"\" class=\"\" style=\"--aspect-ratio-image: 1.20; \"\/><\/p>\n<p>\n          GODE VENNER: Viktor Hovland og Kristoffer Ventura er gode kompiser og spilte sammen i OL med det norske flagget (en variant) p\u00e5 brystet. Foto: NTB\n      <\/p>\n<p>I fjor representerte Ventura Norge i OL i Paris, sammen med Viktor Hovland. Mannen med norsk mor og meksikansk far gjorde sine saker bra, men medalje ble det ikke.<\/p>\n<p><script async src=\"\/\/www.instagram.com\/embed.js\"><\/script><\/p>\n","protected":false},"excerpt":{"rendered":"Kristoffer Ventura: Det blir ingen kvalifisering til neste \u00e5rs PGA-tour for Kristoffer Ventura. Han skal hjem til Norge&hellip;\n","protected":false},"author":2,"featured_media":96724,"comment_status":"","ping_status":"","sticky":false,"template":"","format":"standard","meta":{"footnotes":""},"categories":[59],"tags":[3068,874,479,2543,10949,30,28,29,2974,83,82,560],"class_list":{"0":"post-96723","1":"post","2":"type-post","3":"status-publish","4":"format-standard","5":"has-post-thumbnail","7":"category-sport","8":"tag-baby","9":"tag-golf","10":"tag-kjendis","11":"tag-kjendisdesken","12":"tag-kristoffer-ventura","13":"tag-no","14":"tag-norge","15":"tag-norway","16":"tag-pappa","17":"tag-sport","18":"tag-sports","19":"tag-viktor-hovland"},"share_on_mastodon":{"url":"https:\/\/pubeurope.com\/@no\/115612664969564843","error":""},"_links":{"self":[{"href":"https:\/\/www.europesays.com\/no\/wp-json\/wp\/v2\/posts\/96723","targetHints":{"allow":["GET"]}}],"collection":[{"href":"https:\/\/www.europesays.com\/no\/wp-json\/wp\/v2\/posts"}],"about":[{"href":"https:\/\/www.europesays.com\/no\/wp-json\/wp\/v2\/types\/post"}],"author":[{"embeddable":true,"href":"https:\/\/www.europesays.com\/no\/wp-json\/wp\/v2\/users\/2"}],"replies":[{"embeddable":true,"href":"https:\/\/www.europesays.com\/no\/wp-json\/wp\/v2\/comments?post=96723"}],"version-history":[{"count":0,"href":"https:\/\/www.europesays.com\/no\/wp-json\/wp\/v2\/posts\/96723\/revisions"}],"wp:featuredmedia":[{"embeddable":true,"href":"https:\/\/www.europesays.com\/no\/wp-json\/wp\/v2\/media\/96724"}],"wp:attachment":[{"href":"https:\/\/www.europesays.com\/no\/wp-json\/wp\/v2\/media?parent=96723"}],"wp:term":[{"taxonomy":"category","embeddable":true,"href":"https:\/\/www.europesays.com\/no\/wp-json\/wp\/v2\/categories?post=96723"},{"taxonomy":"post_tag","embeddable":true,"href":"https:\/\/www.europesays.com\/no\/wp-json\/wp\/v2\/tags?post=96723"}],"curies":[{"name":"wp","href":"https:\/\/api.w.org\/{rel}","templated":true}]}}